{"id":547305,"date":"2025-11-20T17:35:11","date_gmt":"2025-11-20T17:35:11","guid":{"rendered":"https:\/\/www.europesays.com\/fr\/547305\/"},"modified":"2025-11-20T17:35:11","modified_gmt":"2025-11-20T17:35:11","slug":"transition-energetique-les-ambitions-europeennes-denerfip","status":"publish","type":"post","link":"https:\/\/www.europesays.com\/fr\/547305\/","title":{"rendered":"Transition \u00e9nerg\u00e9tique. Les ambitions europ\u00e9ennes d&rsquo;Enerfip"},"content":{"rendered":"<p>Signe de solidit\u00e9, la premi\u00e8re op\u00e9ration de croissance externe repr\u00e9sente un cap important dans la vie d\u2019une entreprise. C\u2019est ce moment qu\u2019est en train de vivre la soci\u00e9t\u00e9 montpelli\u00e9raine Enerfip. La plateforme occitane, qui investit dans des projets en lien avec la transition \u00e9nerg\u00e9tique, vient de racheter, au groupe Soci\u00e9t\u00e9 G\u00e9n\u00e9rale, Lumo\u00a0[<a href=\"#nb1\" class=\"spip_note\" rel=\"appendix\" title=\"Fond\u00e9e en 2012, Lumo rassemble depuis sa cr\u00e9ation une communaut\u00e9 de 32.000\u00a0(\u2026)\" id=\"nh1\">1<\/a>], plateforme analogue \u00e0 la sienne dont le si\u00e8ge \u00e9tait situ\u00e9e dans la r\u00e9gion bordelaise.<\/p>\n<p>\u00ab\u00a0Le secteur du financement participatif au service de la transition \u00e9nerg\u00e9tique entre dans une nouvelle phase, plus mature, avec un ph\u00e9nom\u00e8ne de concentration. On se regroupe pour se renforcer et pour changer de braquet. Nous sommes contents aujourd\u2019hui, onze ans apr\u00e8s notre cr\u00e9ation, de faire cette croissance externe\u00a0\u00bb, r\u00e9sume Julien Hostache, pr\u00e9sident et fondateur d\u2019Enerfip. Gr\u00e2ce \u00e0 cette acquisition, Enerfip va passer le cap des 100.000 investisseurs et du milliard d\u2019euros investis sur ces plateformes. Enerfip a financ\u00e9, \u00e0 lui seul, plus de 750 millions d\u2019euros dans plus de 600 projets. L\u2019acteur montpelli\u00e9rain vise les 400 millions d\u2019euros investis par an dans les trois prochaines ann\u00e9es. Fond\u00e9e en 2014 \u00e0 Montpellier, Enerfip compte plus de cinquante collaborateurs et poss\u00e8de \u00e9galement des bureaux \u00e0 Paris et dans d\u2019autres capitales europ\u00e9ennes (Madrid, Rome et Amsterdam). D\u2019ici 2030, la plateforme voudrait \u00eatre pr\u00e9sente dans une dizaine de pays europ\u00e9ens.<\/p>\n<p>\u00ab\u00a0Le taux d\u2019\u00e9chec des projets sur notre plateforme n\u2019est que de 0,15\u00a0%\u00a0\u00bb<\/p>\n<p>Julien Hostache pense, en ces temps difficile pour les finances publiques, que le financement participatif peut venir apporter une aide d\u00e9cisive aux grands projets \u00e9nerg\u00e9tiques d\u2019avenir. \u00ab\u00a0Il y a un stock monstrueux d\u2019\u00e9pargne en France, plus de 6 milliards d\u2019euros qui ne sont pas toujours utilis\u00e9s \u00e0 bon escient. Orienter l\u2019\u00e9pargne vers la transition \u00e9cologique et des grands investissements d\u2019avenir est un enjeu majeur\u00a0\u00bb, estime le dirigeant d\u2019Enerfip.<\/p>\n<p>Selon le Montpelli\u00e9rain, les investissements sur Enerfip, en plus d\u2019\u00eatre porteur de sens, ne sont pas tr\u00e8s risqu\u00e9s. \u00ab\u00a0Le risque z\u00e9ro n\u2019existe pas, il faut en avoir conscience. Mais le taux d\u2019\u00e9chec des projets sur notre plateforme depuis ses d\u00e9buts n\u2019est que de 0,15\u00a0%. Le conseil que je donne aux investisseurs, c\u2019est de ventiler leurs investissements sur plusieurs projets. Le montant moyen d\u2019investissement par projet est de 2000 euros\u00a0\u00bb, indique Julien Hostache. Enerfip, qui avance un chiffre d\u2019affaires de 5,7 millions l\u2019an pass\u00e9, devrait atteindre les 6,6 millions cette ann\u00e9e\u00a0[<a href=\"#nb2\" class=\"spip_note\" rel=\"appendix\" title=\"Le mod\u00e8le \u00e9conomique fonctionne par des frais aux porteurs de projets.\" id=\"nh2\">2<\/a>].<\/p>\n<p>Sur la photo\u00a0: Julien Hostache, \u00c9douard Dischamps, Vincent Clerc et S\u00e9bastien Jamme, dirigeants d\u2019Enerfip. Cr\u00e9dit\u00a0: Enerfip.<\/p>\n<p>Notes<\/p>\n<p>[<a href=\"#nh1\" class=\"spip_note\" title=\"Notes 1\" rev=\"appendix\">1<\/a>]\u00a0Fond\u00e9e en 2012, Lumo rassemble depuis sa cr\u00e9ation une communaut\u00e9 de 32.000 membres ayant particip\u00e9 \u00e0 plus de 260 collectes pour un montant total de 230 millions d\u2019euros. Sur une dizaine de collaborateurs, un collaborateur seulement de Lumo a rejoint Enerfip. Les autres ont retrouv\u00e9 un poste au sein du groupe Soci\u00e9t\u00e9 G\u00e9n\u00e9rale.<\/p>\n<p>[<a href=\"#nh2\" class=\"spip_note\" title=\"Notes 2\" rev=\"appendix\">2<\/a>]\u00a0Le mod\u00e8le \u00e9conomique fonctionne par des frais aux porteurs de projets.<\/p>\n","protected":false},"excerpt":{"rendered":"Signe de solidit\u00e9, la premi\u00e8re op\u00e9ration de croissance externe repr\u00e9sente un cap important dans la vie d\u2019une entreprise.&hellip;\n","protected":false},"author":2,"featured_media":547306,"comment_status":"","ping_status":"","sticky":false,"template":"","format":"standard","meta":{"footnotes":""},"categories":[9599],"tags":[1111,11,66516,893,1777,674,3531,1011,27,2208,12,2680,25],"class_list":{"0":"post-547305","1":"post","2":"type-post","3":"status-publish","4":"format-standard","5":"has-post-thumbnail","7":"category-montpellier","8":"tag-actu","9":"tag-actualites","10":"tag-enerfip","11":"tag-energie","12":"tag-eu","13":"tag-europe","14":"tag-financement","15":"tag-fr","16":"tag-france","17":"tag-montpellier","18":"tag-news","19":"tag-occitanie","20":"tag-republique-francaise"},"share_on_mastodon":{"url":"https:\/\/pubeurope.com\/@fr\/115583236458019565","error":""},"_links":{"self":[{"href":"https:\/\/www.europesays.com\/fr\/wp-json\/wp\/v2\/posts\/547305","targetHints":{"allow":["GET"]}}],"collection":[{"href":"https:\/\/www.europesays.com\/fr\/wp-json\/wp\/v2\/posts"}],"about":[{"href":"https:\/\/www.europesays.com\/fr\/wp-json\/wp\/v2\/types\/post"}],"author":[{"embeddable":true,"href":"https:\/\/www.europesays.com\/fr\/wp-json\/wp\/v2\/users\/2"}],"replies":[{"embeddable":true,"href":"https:\/\/www.europesays.com\/fr\/wp-json\/wp\/v2\/comments?post=547305"}],"version-history":[{"count":0,"href":"https:\/\/www.europesays.com\/fr\/wp-json\/wp\/v2\/posts\/547305\/revisions"}],"wp:featuredmedia":[{"embeddable":true,"href":"https:\/\/www.europesays.com\/fr\/wp-json\/wp\/v2\/media\/547306"}],"wp:attachment":[{"href":"https:\/\/www.europesays.com\/fr\/wp-json\/wp\/v2\/media?parent=547305"}],"wp:term":[{"taxonomy":"category","embeddable":true,"href":"https:\/\/www.europesays.com\/fr\/wp-json\/wp\/v2\/categories?post=547305"},{"taxonomy":"post_tag","embeddable":true,"href":"https:\/\/www.europesays.com\/fr\/wp-json\/wp\/v2\/tags?post=547305"}],"curies":[{"name":"wp","href":"https:\/\/api.w.org\/{rel}","templated":true}]}}