{"id":547307,"date":"2025-11-20T17:36:15","date_gmt":"2025-11-20T17:36:15","guid":{"rendered":"https:\/\/www.europesays.com\/fr\/547307\/"},"modified":"2025-11-20T17:36:15","modified_gmt":"2025-11-20T17:36:15","slug":"quels-sont-les-commerces-fermes-par-le-prefet","status":"publish","type":"post","link":"https:\/\/www.europesays.com\/fr\/547307\/","title":{"rendered":"quels sont les commerces ferm\u00e9s par le pr\u00e9fet\u00a0?"},"content":{"rendered":"<p>                    Par<br \/>\n        <strong><br \/>\n            <a href=\"https:\/\/actu.fr\/auteur\/metropoop\" title=\"Consulter tous les articles de R\u00e9daction M\u00e9tropolitain\" rel=\"nofollow noopener\" target=\"_blank\">R\u00e9daction M\u00e9tropolitain<\/a><br \/>\n                    <\/strong><\/p>\n<p>        Publi\u00e9 le<\/p>\n<p>            20 nov. 2025 \u00e0 18h25        <\/p>\n<p>Et quatre de plus ! Sur les r\u00e9seaux sociaux, le <strong>pr\u00e9fet de l\u2019H\u00e9rault,<\/strong> Fran\u00e7ois-Xavier Lauch annonce la <strong>fermeture administrative<\/strong> de quatre commerces \u00e0 <strong>Montpellier<\/strong>.<\/p>\n<ul class=\" wall-content\">\n<li>Trois mois de fermeture pour l\u2019\u00e9tablissement L\u2019Hortus, Chougrane qui vend des fruits et l\u00e9gumes, \u00e0 la Mosson-la Paillade,, au 57 avenue de Louisville.\u00a0<\/li>\n<li>Un mois de fermeture pour la boucherie de Louisville, \u00e9galement \u00e0 la Mosson, au 450 avenue de Barcelone, dans le centre commercial Del Rey.<\/li>\n<li>Un mois \u00e9galement pour l\u2019\u00e9tablissement Tha\u00ef to box, 13 rue de Verdun.\u00a0<\/li>\n<li>15 jours de fermeture pour l\u2019\u00e9tablissement Food factory, au 138 avenue de Lod\u00e8ve<\/li>\n<\/ul>\n<p class=\" wall-content\">Tous ces exploitants sont sanctionn\u00e9s pour avoir employ\u00e9 ill\u00e9galement <strong>des personnes \u00e9trang\u00e8res en situation irr\u00e9guli\u00e8re.\u00a0<\/strong><\/p>\n<p class=\" wall-content\">Ces fermetures administratives font suite aux rapports de diff\u00e9rents services de l\u2019\u00c9tat -police nationale, douanes, etc.- qui ont effectu\u00e9 des contr\u00f4les fortuits ces derni\u00e8res semaines, et o\u00f9 ces infractions ont \u00e9t\u00e9 relev\u00e9es.<\/p>\n<p class=\" wall-content\">\u00ab\u00a0Ces sanctions s\u2019inscrivent dans la politique de lutte contre le travail dissimul\u00e9 et visent \u00e0 garantir le respect du droit du travail ainsi que la protection des salari\u00e9s\u00a0\u00bb, expliqu\u00e9 la pr\u00e9fecture sur X, ce mercredi 19 novembre 2025. Depuis le d\u00e9but de l\u2019ann\u00e9e, le pr\u00e9fet fait le m\u00e9nage dans ces commerces qui ne respectent pas la loi. En cas de r\u00e9cidive, il peut les faire fermer six mois. D\u2019autres proc\u00e9dures sont sur son bureau.<\/p>\n<p class=\" wall-content\">Personnalisez votre actualit\u00e9 en ajoutant vos villes et m\u00e9dias en favori avec <a href=\"https:\/\/moncompte.actu.fr\" title=\"D\u00e9couvez Mon Actu\" rel=\"nofollow noopener\" data-trk=\"{&quot;cta&quot;:{&quot;action&quot;:&quot;https:\\\/\\\/moncompte.actu.fr&quot;,&quot;category&quot;:&quot;mon compte&quot;,&quot;from&quot;:&quot;article footer&quot;,&quot;name&quot;:&quot;Mon actu&quot;,&quot;type&quot;:&quot;cta&quot;}}\" target=\"_blank\">Mon Actu<\/a>.<\/p>\n","protected":false},"excerpt":{"rendered":"Par R\u00e9daction M\u00e9tropolitain Publi\u00e9 le 20 nov. 2025 \u00e0 18h25 Et quatre de plus ! Sur les r\u00e9seaux&hellip;\n","protected":false},"author":2,"featured_media":547308,"comment_status":"","ping_status":"","sticky":false,"template":"","format":"standard","meta":{"footnotes":""},"categories":[9599],"tags":[1111,11,215,1777,674,118,1011,27,2208,12,2680,1072,25],"class_list":{"0":"post-547307","1":"post","2":"type-post","3":"status-publish","4":"format-standard","5":"has-post-thumbnail","7":"category-montpellier","8":"tag-actu","9":"tag-actualites","10":"tag-commerce","11":"tag-eu","12":"tag-europe","13":"tag-faits-divers","14":"tag-fr","15":"tag-france","16":"tag-montpellier","17":"tag-news","18":"tag-occitanie","19":"tag-police","20":"tag-republique-francaise"},"share_on_mastodon":{"url":"https:\/\/pubeurope.com\/@fr\/115583240498484230","error":""},"_links":{"self":[{"href":"https:\/\/www.europesays.com\/fr\/wp-json\/wp\/v2\/posts\/547307","targetHints":{"allow":["GET"]}}],"collection":[{"href":"https:\/\/www.europesays.com\/fr\/wp-json\/wp\/v2\/posts"}],"about":[{"href":"https:\/\/www.europesays.com\/fr\/wp-json\/wp\/v2\/types\/post"}],"author":[{"embeddable":true,"href":"https:\/\/www.europesays.com\/fr\/wp-json\/wp\/v2\/users\/2"}],"replies":[{"embeddable":true,"href":"https:\/\/www.europesays.com\/fr\/wp-json\/wp\/v2\/comments?post=547307"}],"version-history":[{"count":0,"href":"https:\/\/www.europesays.com\/fr\/wp-json\/wp\/v2\/posts\/547307\/revisions"}],"wp:featuredmedia":[{"embeddable":true,"href":"https:\/\/www.europesays.com\/fr\/wp-json\/wp\/v2\/media\/547308"}],"wp:attachment":[{"href":"https:\/\/www.europesays.com\/fr\/wp-json\/wp\/v2\/media?parent=547307"}],"wp:term":[{"taxonomy":"category","embeddable":true,"href":"https:\/\/www.europesays.com\/fr\/wp-json\/wp\/v2\/categories?post=547307"},{"taxonomy":"post_tag","embeddable":true,"href":"https:\/\/www.europesays.com\/fr\/wp-json\/wp\/v2\/tags?post=547307"}],"curies":[{"name":"wp","href":"https:\/\/api.w.org\/{rel}","templated":true}]}}