{"id":547309,"date":"2025-11-20T17:37:13","date_gmt":"2025-11-20T17:37:13","guid":{"rendered":"https:\/\/www.europesays.com\/fr\/547309\/"},"modified":"2025-11-20T17:37:13","modified_gmt":"2025-11-20T17:37:13","slug":"un-homme-interpelle-a-reconnu-les-faits","status":"publish","type":"post","link":"https:\/\/www.europesays.com\/fr\/547309\/","title":{"rendered":"un homme interpell\u00e9 a reconnu les faits"},"content":{"rendered":"<p>                    Par<br \/>\n        <strong><br \/>\n            <a href=\"https:\/\/actu.fr\/auteur\/adrien-filoche\" title=\"Consulter tous les articles de Adrien Filoche\" rel=\"nofollow noopener\" target=\"_blank\">Adrien Filoche<\/a><br \/>\n                    <\/strong><\/p>\n<p>        Publi\u00e9 le<\/p>\n<p>            20 nov. 2025 \u00e0 16h27        <\/p>\n<p>Le myst\u00e8re commence \u00e0 se lever autour de <a href=\"https:\/\/actu.fr\/normandie\/belbeuf_76069\/la-mythique-discotheque-le-moulin-rose-pres-de-rouen-en-proie-aux-flammes_63166265.html\" rel=\"nofollow noopener\" target=\"_blank\">l\u2019incendie criminel du Moulin Rose \u00e0 Belbeuf.<\/a> Dans la nuit du lundi\u00a015 au mardi 16\u00a0septembre 2025,<strong> le plus vieux dancing de France avait \u00e9t\u00e9 ravag\u00e9 par les flammes.<\/strong> La mythique discoth\u00e8que avait alors \u00e9t\u00e9 totalement d\u00e9truite. L\u2019enqu\u00eate autour de l\u2019incident a bien avanc\u00e9 avec l\u2019interpellation de deux individus, apprend-on du parquet de Rouen, confirmant l\u2019information <a href=\"https:\/\/www.francebleu.fr\/infos\/faits-divers-justice\/incendie-du-moulin-rose-a-belbeuf-un-homme-interpelle-et-mis-en-examen-9364907\" rel=\"nofollow noopener\" target=\"_blank\">d\u2019Ici Normandie<\/a>. <strong>L\u2019un d\u2019eux a reconnu les faits le 19\u00a0novembre.<\/strong><\/p>\n<p>Un homme interpell\u00e9 reconna\u00eet les faits<\/p>\n<p class=\" wall-content\">Dans un communiqu\u00e9 transmis ce jeudi, le procureur de la R\u00e9publique de Rouen <strong>S\u00e9bastien Gallois<\/strong> pr\u00e9cise au sujet de l\u2019enqu\u00eate que \u00ab\u2009de nombreuses investigations techniques (dont des exploitations des donn\u00e9es de t\u00e9l\u00e9phonie et de vid\u00e9oprotection) [ont permis] de reconstituer le d\u00e9roulement des faits et d\u2019identifier deux mis en cause, qui [ont \u00e9t\u00e9] interpell\u00e9s et plac\u00e9s en garde \u00e0 vue ce mardi [18 novembre].\u2009\u00bb<\/p>\n<p class=\" wall-content\">Parmi ces deux individus, l\u2019un d\u2019eux a \u00e9t\u00e9 mis hors de cause. Le second, pr\u00e9sent\u00e9 \u00e0 la justice le 19 novembre, a \u00e9t\u00e9 mis en examen pour \u00ab\u2009destruction en bande organis\u00e9e du bien d\u2019autrui par un moyen dangereux pour les personnes et de participation \u00e0 une association de malfaiteurs en vue de la commission d\u2019un crime\u2009\u00bb, fait savoir le magistrat. <strong>Il est \u00e2g\u00e9 de 21 ans.<\/strong><\/p>\n<p class=\" wall-content\">En effet, dans son communiqu\u00e9, S\u00e9bastien Gallois explique que le mis en cause a reconnu les faits. Il a donc \u00e9t\u00e9 plac\u00e9 sous contr\u00f4le judiciaire et le parquet de Rouen a requis son placement en d\u00e9tention provisoire.<\/p>\n<p>Suivez l\u2019actualit\u00e9 de Rouen sur <a href=\"https:\/\/www.whatsapp.com\/channel\/0029VaKfnf99hXF2ddApFB1D\" rel=\"nofollow noopener\" target=\"_blank\">notre cha\u00eene WhatsApp<\/a> et sur <a href=\"https:\/\/www.tiktok.com\/@76actu.fr?lang=fr\" rel=\"nofollow noopener\" target=\"_blank\">notre compte TikTok<\/a><\/p>\n<p class=\" wall-content\">Personnalisez votre actualit\u00e9 en ajoutant vos villes et m\u00e9dias en favori avec <a href=\"https:\/\/moncompte.actu.fr\" title=\"D\u00e9couvez Mon Actu\" rel=\"nofollow noopener\" data-trk=\"{&quot;cta&quot;:{&quot;action&quot;:&quot;https:\\\/\\\/moncompte.actu.fr&quot;,&quot;category&quot;:&quot;mon compte&quot;,&quot;from&quot;:&quot;article footer&quot;,&quot;name&quot;:&quot;Mon actu&quot;,&quot;type&quot;:&quot;cta&quot;}}\" target=\"_blank\">Mon Actu<\/a>.<\/p>\n<p>                    <script async src=\"\/\/www.tiktok.com\/embed.js\"><\/script><\/p>\n","protected":false},"excerpt":{"rendered":"Par Adrien Filoche Publi\u00e9 le 20 nov. 2025 \u00e0 16h27 Le myst\u00e8re commence \u00e0 se lever autour de&hellip;\n","protected":false},"author":2,"featured_media":413611,"comment_status":"","ping_status":"","sticky":false,"template":"","format":"standard","meta":{"footnotes":""},"categories":[9587],"tags":[1111,11,1777,674,118,1011,27,1310,303,12,5161,1072,25,9590],"class_list":{"0":"post-547309","1":"post","2":"type-post","3":"status-publish","4":"format-standard","5":"has-post-thumbnail","7":"category-rouen","8":"tag-actu","9":"tag-actualites","10":"tag-eu","11":"tag-europe","12":"tag-faits-divers","13":"tag-fr","14":"tag-france","15":"tag-incendie","16":"tag-justice","17":"tag-news","18":"tag-normandie","19":"tag-police","20":"tag-republique-francaise","21":"tag-rouen"},"share_on_mastodon":{"url":"https:\/\/pubeurope.com\/@fr\/115583244607513462","error":""},"_links":{"self":[{"href":"https:\/\/www.europesays.com\/fr\/wp-json\/wp\/v2\/posts\/547309","targetHints":{"allow":["GET"]}}],"collection":[{"href":"https:\/\/www.europesays.com\/fr\/wp-json\/wp\/v2\/posts"}],"about":[{"href":"https:\/\/www.europesays.com\/fr\/wp-json\/wp\/v2\/types\/post"}],"author":[{"embeddable":true,"href":"https:\/\/www.europesays.com\/fr\/wp-json\/wp\/v2\/users\/2"}],"replies":[{"embeddable":true,"href":"https:\/\/www.europesays.com\/fr\/wp-json\/wp\/v2\/comments?post=547309"}],"version-history":[{"count":0,"href":"https:\/\/www.europesays.com\/fr\/wp-json\/wp\/v2\/posts\/547309\/revisions"}],"wp:featuredmedia":[{"embeddable":true,"href":"https:\/\/www.europesays.com\/fr\/wp-json\/wp\/v2\/media\/413611"}],"wp:attachment":[{"href":"https:\/\/www.europesays.com\/fr\/wp-json\/wp\/v2\/media?parent=547309"}],"wp:term":[{"taxonomy":"category","embeddable":true,"href":"https:\/\/www.europesays.com\/fr\/wp-json\/wp\/v2\/categories?post=547309"},{"taxonomy":"post_tag","embeddable":true,"href":"https:\/\/www.europesays.com\/fr\/wp-json\/wp\/v2\/tags?post=547309"}],"curies":[{"name":"wp","href":"https:\/\/api.w.org\/{rel}","templated":true}]}}