{"id":547310,"date":"2025-11-20T17:38:11","date_gmt":"2025-11-20T17:38:11","guid":{"rendered":"https:\/\/www.europesays.com\/fr\/547310\/"},"modified":"2025-11-20T17:38:11","modified_gmt":"2025-11-20T17:38:11","slug":"marie-reno-marie-reno-nouveau-spectacle-theatre-a-louest-rouen-5-mars-2026","status":"publish","type":"post","link":"https:\/\/www.europesays.com\/fr\/547310\/","title":{"rendered":"MARIE RENO \u2013 MARIE RENO \u2013 NOUVEAU SPECTACLE \u2013 THEATRE A L\u2019OUEST Rouen 5 mars 2026"},"content":{"rendered":"<p>    <img fetchpriority=\"high\" decoding=\"async\" width=\"1440\" height=\"810\" class=\"attachment-full size-full wp-post-image ewww_webp\" alt=\"MARIE RENO - MARIE RENO - NOUVEAU SPECTACLE Rouen\"   src-img=\"https:\/\/unidivers.fr\/wp-content\/uploads\/2025\/11\/marie-reno-marie-reno-nouveau-spectacle-rouen-2026-03-05.jpg\" src-webp=\"https:\/\/unidivers.fr\/wp-content\/uploads\/2025\/11\/marie-reno-marie-reno-nouveau-spectacle-rouen-2026-03-05.jpg.webp\" srcset-webp=\"https:\/\/unidivers.fr\/wp-content\/uploads\/2025\/11\/marie-reno-marie-reno-nouveau-spectacle-rouen-2026-03-05.jpg.webp 1440w, https:\/\/unidivers.fr\/wp-content\/uploads\/2025\/11\/marie-reno-marie-reno-nouveau-spectacle-rouen-2026-03-05-1280x720.jpg.webp 1280w, https:\/\/unidivers.fr\/wp-content\/uploads\/2025\/11\/marie-reno-marie-reno-nouveau-spectacle-rouen-2026-03-05-1920x1080.jpg.webp 1920w, https:\/\/unidivers.fr\/wp-content\/uploads\/2025\/11\/marie-reno-marie-reno-nouveau-spectacle-rouen-2026-03-05-150x84.jpg.webp 150w, https:\/\/unidivers.fr\/wp-content\/uploads\/2025\/11\/marie-reno-marie-reno-nouveau-spectacle-rouen-2026-03-05-1536x864.jpg.webp 1536w, https:\/\/unidivers.fr\/wp-content\/uploads\/2025\/11\/marie-reno-marie-reno-nouveau-spectacle-rouen-2026-03-05-747x420.jpg.webp 747w, https:\/\/unidivers.fr\/wp-content\/uploads\/2025\/11\/marie-reno-marie-reno-nouveau-spectacle-rouen-2026-03-05-300x169.jpg.webp 300w, https:\/\/unidivers.fr\/wp-content\/uploads\/2025\/11\/marie-reno-marie-reno-nouveau-spectacle-rouen-2026-03-05-696x392.jpg.webp 696w, https:\/\/unidivers.fr\/wp-content\/uploads\/2025\/11\/marie-reno-marie-reno-nouveau-spectacle-rouen-2026-03-05-1068x601.jpg.webp 1068w\" srcset-img=\"https:\/\/unidivers.fr\/wp-content\/uploads\/2025\/11\/marie-reno-marie-reno-nouveau-spectacle-rouen-2026-03-05.jpg 1440w, https:\/\/unidivers.fr\/wp-content\/uploads\/2025\/11\/marie-reno-marie-reno-nouveau-spectacle-rouen-2026-03-05-1280x720.jpg 1280w, https:\/\/unidivers.fr\/wp-content\/uploads\/2025\/11\/marie-reno-marie-reno-nouveau-spectacle-rouen-2026-03-05-1920x1080.jpg 1920w, https:\/\/unidivers.fr\/wp-content\/uploads\/2025\/11\/marie-reno-marie-reno-nouveau-spectacle-rouen-2026-03-05-150x84.jpg 150w, https:\/\/unidivers.fr\/wp-content\/uploads\/2025\/11\/marie-reno-marie-reno-nouveau-spectacle-rouen-2026-03-05-1536x864.jpg 1536w, https:\/\/unidivers.fr\/wp-content\/uploads\/2025\/11\/marie-reno-marie-reno-nouveau-spectacle-rouen-2026-03-05-747x420.jpg 747w, https:\/\/unidivers.fr\/wp-content\/uploads\/2025\/11\/marie-reno-marie-reno-nouveau-spectacle-rouen-2026-03-05-300x169.jpg 300w, https:\/\/unidivers.fr\/wp-content\/uploads\/2025\/11\/marie-reno-marie-reno-nouveau-spectacle-rouen-2026-03-05-696x392.jpg 696w, https:\/\/unidivers.fr\/wp-content\/uploads\/2025\/11\/marie-reno-marie-reno-nouveau-spectacle-rouen-2026-03-05-1068x601.jpg 1068w\" data-eio=\"j\"\/>  <\/p>\n<p>          <strong>MARIE RENO \u2013 MARIE RENO \u2013 NOUVEAU SPECTACLE \u2013 THEATRE A L\u2019OUEST Rouen jeudi 5 mars 2026.<\/strong><\/p>\n<p>MARIE RENO \u2013 MARIE RENO \u2013 NOUVEAU SPECTACLE D\u00e9but : 2026-03-05 \u00e0 19:00. Tarif :  \u2013  euros.<\/p>\n<p>Marie Reno d\u00e9cide de r\u00e9unir ses meilleures chansons sur sc\u00e8ne dans son nouveau spectacle !Entre stand up et chanson, elle vous emm\u00e8ne dans un univers alliant second degr\u00e9 et ironie, toujours plus original et surprenant ! Elle vous offre un merveilleux moment de rire, passant d\u2019un instrument \u00e0 l\u2019autre\u2026 une mise en musique de l\u2019actu, du monde moderne, du quotidien mais aussi des probl\u00e8mes existentiels d\u2019une trentenaire d\u2019aujourd\u2019hui. Pour cette semaine d\u00e9di\u00e9e \u00e0 la Journ\u00e9e Internationale des Droits de la Femme, on y c\u00e9l\u00e8brera ensemble la femme qui chante, qui rit et fait rire librement de tout !<\/p>\n<p>Vous pouvez obtenir <a href=\"https:\/\/ticketmaster-fr.tm7516.net\/c\/4251498\/427761\/7516?u=https%3A%2F%2Fwww.ticketmaster.fr%2Ffr%2Fmanifestation%2Fmarie-reno-billet%2Fidmanif%2F630501%2Fidtier%2F18864121&amp;utm_medium=affiliate\" target=\"_blank\" rel=\"noreferrer noopener nofollow\">votre billet ici<\/a><\/p>\n<p>THEATRE A L\u2019OUEST 26 QUAI GASTON BOULET 76000 Rouen 76<\/p>\n","protected":false},"excerpt":{"rendered":"MARIE RENO \u2013 MARIE RENO \u2013 NOUVEAU SPECTACLE \u2013 THEATRE A L\u2019OUEST Rouen jeudi 5 mars 2026. MARIE&hellip;\n","protected":false},"author":2,"featured_media":547311,"comment_status":"","ping_status":"","sticky":false,"template":"","format":"standard","meta":{"footnotes":""},"categories":[9587],"tags":[1111,11,1777,674,1011,27,12,5161,25,9590],"class_list":{"0":"post-547310","1":"post","2":"type-post","3":"status-publish","4":"format-standard","5":"has-post-thumbnail","7":"category-rouen","8":"tag-actu","9":"tag-actualites","10":"tag-eu","11":"tag-europe","12":"tag-fr","13":"tag-france","14":"tag-news","15":"tag-normandie","16":"tag-republique-francaise","17":"tag-rouen"},"share_on_mastodon":{"url":"https:\/\/pubeurope.com\/@fr\/115583248285197497","error":""},"_links":{"self":[{"href":"https:\/\/www.europesays.com\/fr\/wp-json\/wp\/v2\/posts\/547310","targetHints":{"allow":["GET"]}}],"collection":[{"href":"https:\/\/www.europesays.com\/fr\/wp-json\/wp\/v2\/posts"}],"about":[{"href":"https:\/\/www.europesays.com\/fr\/wp-json\/wp\/v2\/types\/post"}],"author":[{"embeddable":true,"href":"https:\/\/www.europesays.com\/fr\/wp-json\/wp\/v2\/users\/2"}],"replies":[{"embeddable":true,"href":"https:\/\/www.europesays.com\/fr\/wp-json\/wp\/v2\/comments?post=547310"}],"version-history":[{"count":0,"href":"https:\/\/www.europesays.com\/fr\/wp-json\/wp\/v2\/posts\/547310\/revisions"}],"wp:featuredmedia":[{"embeddable":true,"href":"https:\/\/www.europesays.com\/fr\/wp-json\/wp\/v2\/media\/547311"}],"wp:attachment":[{"href":"https:\/\/www.europesays.com\/fr\/wp-json\/wp\/v2\/media?parent=547310"}],"wp:term":[{"taxonomy":"category","embeddable":true,"href":"https:\/\/www.europesays.com\/fr\/wp-json\/wp\/v2\/categories?post=547310"},{"taxonomy":"post_tag","embeddable":true,"href":"https:\/\/www.europesays.com\/fr\/wp-json\/wp\/v2\/tags?post=547310"}],"curies":[{"name":"wp","href":"https:\/\/api.w.org\/{rel}","templated":true}]}}