{"id":547325,"date":"2025-11-20T17:46:12","date_gmt":"2025-11-20T17:46:12","guid":{"rendered":"https:\/\/www.europesays.com\/fr\/547325\/"},"modified":"2025-11-20T17:46:12","modified_gmt":"2025-11-20T17:46:12","slug":"art-loeuvre-de-ben-va-remplacer-le-lion-dorlinski","status":"publish","type":"post","link":"https:\/\/www.europesays.com\/fr\/547325\/","title":{"rendered":"art, l\u2019\u0153uvre de Ben va remplacer le lion d\u2019Orlinski"},"content":{"rendered":"<p>\n    <strong>INFO LE FIGARO &#8211;<\/strong> L\u2019inscription embl\u00e9matique de l\u2019artiste ni\u00e7ois se tiendra en lieu et place du gigantesque lion de la place Garibaldi.<\/p>\n<p class=\"fig-paragraph\">\u00abC\u2019est parfait et c\u2019est tr\u00e8s plaisant\u00a0!\u00bb, se r\u00e9jouit d\u2019avance \u00c9va Vautier, fille de l\u2019artiste ni\u00e7ois Ben, dont l\u2019une des sculptures tr\u00f4nera prochainement sur la place Garibaldi, \u00e0 Nice (Alpes-Maritimes).<\/p>\n<p class=\"fig-paragraph\">R\u00e9v\u00e9l\u00e9 mercredi par le maire\u00a0<a href=\"http:\/\/www.lefigaro.fr\/nice\/narcotrafic-estrosi-reclame-encore-l-armee-pour-nettoyer-les-quartiers-20251119\" data-fig-type=\"NewsFlash\" data-gtm-custom-categorie=\"navigation\" data-gtm-custom-action=\"crossclick\" data-gtm-custom-label=\"Contextuel\" data-gtm-event=\"customEventSPE\" data-fig-domain=\"LEFIGARO\" target=\"_blank\" rel=\"noopener\">Christian Estrosi<\/a>, mais sans plus de d\u00e9tails, le remplacement de\u00a0<a href=\"http:\/\/www.lefigaro.fr\/nice\/nice-le-lion-geant-de-richard-orlinski-bientot-retire-20251028\" data-fig-type=\"NewsFlash\" data-gtm-custom-categorie=\"navigation\" data-gtm-custom-action=\"crossclick\" data-gtm-custom-label=\"Contextuel\" data-gtm-event=\"customEventSPE\" data-fig-domain=\"LEFIGARO\" target=\"_blank\" rel=\"noopener\">l\u2019immense lion de Richard Orlinski<\/a>\u00a0sera donc op\u00e9r\u00e9 \u00abcomme pr\u00e9vu, apr\u00e8s No\u00ebl\u00bb par \u00abune \u0153uvre de notre regrett\u00e9 Ben que les Ni\u00e7ois pourront d\u00e9couvrir. Vive la culture qui descend dans la rue et qui \u00e9meut, trouble, fait parler et r\u00e9agir\u00bb, a comment\u00e9 le maire (Horizons) dans un message post\u00e9 sur le r\u00e9seau social X, accompagn\u00e9 d\u2019une photographie de l\u2019artiste.<\/p>\n<p class=\"fig-paragraph\">\u00c9va Vautier confie au Figaro que l\u2019\u0153uvre en question est art, terme phare du pionnier de l\u2019Avant-garde artistique postmoderne, dont\u00a0<a href=\"http:\/\/www.lefigaro.fr\/nice\/nice-un-an-apres-sa-mort-tout-l-art-de-ben-raconte-dans-un-documentaire-inedit-20250920\" data-fig-type=\"NewsFlash\" data-gtm-custom-categorie=\"navigation\" data-gtm-custom-action=\"crossclick\" data-gtm-custom-label=\"Contextuel\" data-gtm-event=\"customEventSPE\" data-fig-domain=\"LEFIGARO\" target=\"_blank\" rel=\"noopener\">les \u00e9critures rondes habillent plusieurs rues<\/a>, abribus et recoins de la ville de Nice. \u00abCe n\u2019est pas aussi grand que le lion\u00bb, s\u2019amuse-t-elle. \u00abCela fait 1,80\u00a0m\u00e8tre de hauteur, 2,85\u00a0m\u00e8tres de largeur et sept centim\u00e8tres\u2026<\/p>\n<p class=\"fig-premium-paywall__infos\">\n        Cet article est r\u00e9serv\u00e9 aux abonn\u00e9s.        Il vous reste 54% \u00e0 d\u00e9couvrir.\n    <\/p>\n<p>                <img  data- alt=\"Le Figaro\" class=\"fig-img--complete fig-img\"\/><\/p>\n<p class=\"fig-premium-paywall__title\">Black Friday<\/p>\n<p class=\"fig-premium-paywall__subtitle\">-70% sur l&rsquo;abonnement num\u00e9rique<\/p>\n<p class=\"fig-premium-paywall__connect\">\n                D\u00e9j\u00e0 abonn\u00e9\u00a0?                <a class=\"fig-premium-paywall__connect-link\" href=\"https:\/\/connect.lefigaro.fr\/login?client=horizon_web&amp;type=main&amp;redirect_uri=https%3A%2F%2Fwww.lefigaro.fr%2Fnice%2Fnice-art-l-oeuvre-de-ben-va-remplacer-le-lion-d-orlinski-20251120\" data-js-gtm=\"{&quot;customCategorie&quot;: &quot;conversion&quot;, &quot;customAction&quot;: &quot;before_Landing_Connexion_paywall_auto&quot;, &quot;customLabel&quot;: &quot;bGVmaWdhcm8uZnJfXzFmMGM2MDEyLTgwNDktNjVkZS04OGU4LTI1MmI1ODBlYjgxZF9fTmV3c0ZsYXNo_Nice\u00a0: &lt;i&gt;art, &lt;\/i&gt;l\u2019\u0153uvre de Ben va remplacer le lion d\u2019Orlinski_342&quot;, &quot;customIDSPE&quot;: &quot;bGVmaWdhcm8uZnJfXzFmMGM2MDEyLTgwNDktNjVkZS04OGU4LTI1MmI1ODBlYjgxZF9fTmV3c0ZsYXNo&quot;, &quot;event&quot;: &quot;customEventSPE&quot;}\" target=\"_blank\" rel=\"noopener\"><br \/>\n                    Connectez-vous<br \/>\n                <\/a>\n            <\/p>\n","protected":false},"excerpt":{"rendered":"INFO LE FIGARO &#8211; L\u2019inscription embl\u00e9matique de l\u2019artiste ni\u00e7ois se tiendra en lieu et place du gigantesque lion&hellip;\n","protected":false},"author":2,"featured_media":547326,"comment_status":"","ping_status":"","sticky":false,"template":"","format":"standard","meta":{"footnotes":""},"categories":[2819],"tags":[1111,11,3734,2397,1777,674,1011,27,12,2401,882,25,3899],"class_list":{"0":"post-547325","1":"post","2":"type-post","3":"status-publish","4":"format-standard","5":"has-post-thumbnail","7":"category-nice","8":"tag-actu","9":"tag-actualites","10":"tag-art","11":"tag-christian-estrosi","12":"tag-eu","13":"tag-europe","14":"tag-fr","15":"tag-france","16":"tag-news","17":"tag-nice","18":"tag-provence-alpes-cote-dazur","19":"tag-republique-francaise","20":"tag-sculpture"},"share_on_mastodon":{"url":"https:\/\/pubeurope.com\/@fr\/115583279750612063","error":""},"_links":{"self":[{"href":"https:\/\/www.europesays.com\/fr\/wp-json\/wp\/v2\/posts\/547325","targetHints":{"allow":["GET"]}}],"collection":[{"href":"https:\/\/www.europesays.com\/fr\/wp-json\/wp\/v2\/posts"}],"about":[{"href":"https:\/\/www.europesays.com\/fr\/wp-json\/wp\/v2\/types\/post"}],"author":[{"embeddable":true,"href":"https:\/\/www.europesays.com\/fr\/wp-json\/wp\/v2\/users\/2"}],"replies":[{"embeddable":true,"href":"https:\/\/www.europesays.com\/fr\/wp-json\/wp\/v2\/comments?post=547325"}],"version-history":[{"count":0,"href":"https:\/\/www.europesays.com\/fr\/wp-json\/wp\/v2\/posts\/547325\/revisions"}],"wp:featuredmedia":[{"embeddable":true,"href":"https:\/\/www.europesays.com\/fr\/wp-json\/wp\/v2\/media\/547326"}],"wp:attachment":[{"href":"https:\/\/www.europesays.com\/fr\/wp-json\/wp\/v2\/media?parent=547325"}],"wp:term":[{"taxonomy":"category","embeddable":true,"href":"https:\/\/www.europesays.com\/fr\/wp-json\/wp\/v2\/categories?post=547325"},{"taxonomy":"post_tag","embeddable":true,"href":"https:\/\/www.europesays.com\/fr\/wp-json\/wp\/v2\/tags?post=547325"}],"curies":[{"name":"wp","href":"https:\/\/api.w.org\/{rel}","templated":true}]}}