{"id":547335,"date":"2025-11-20T17:51:10","date_gmt":"2025-11-20T17:51:10","guid":{"rendered":"https:\/\/www.europesays.com\/fr\/547335\/"},"modified":"2025-11-20T17:51:10","modified_gmt":"2025-11-20T17:51:10","slug":"celadon-installe-sa-cinquieme-boutique-a-toulouse","status":"publish","type":"post","link":"https:\/\/www.europesays.com\/fr\/547335\/","title":{"rendered":"C\u00e9ladon installe sa cinqui\u00e8me boutique \u00e0 Toulouse"},"content":{"rendered":"<p>C\u00e9ladon, sp\u00e9cialis\u00e9e en vaisselle en c\u00e9ramique color\u00e9e du Portugal, ouvre sa cinqui\u00e8me boutique fran\u00e7aise, \u00e0 Toulouse. Apr\u00e8s Paris, Lille et Lyon, C\u00e9ladon s\u2019installe dans la Ville rose au 14 rue Baronie. Chaque pi\u00e8ce vendue est \u00e9maill\u00e9e \u00e0 la main par des c\u00e9ramistes au Portugal. Les c\u00e9ramiques de C\u00e9ladon sont compatibles avec le lave-vaisselle, le micro-ondes et le four.<\/p>\n<p>La marque, dirig\u00e9e par le couple Am\u00e9lie Renaux et Martin Tauber, est n\u00e9e en 2020.<\/p>\n","protected":false},"excerpt":{"rendered":"C\u00e9ladon, sp\u00e9cialis\u00e9e en vaisselle en c\u00e9ramique color\u00e9e du Portugal, ouvre sa cinqui\u00e8me boutique fran\u00e7aise, \u00e0 Toulouse. Apr\u00e8s Paris,&hellip;\n","protected":false},"author":2,"featured_media":373637,"comment_status":"","ping_status":"","sticky":false,"template":"","format":"standard","meta":{"footnotes":""},"categories":[2816],"tags":[1111,11,1477,215,1777,674,1011,27,12,2680,25,2312],"class_list":{"0":"post-547335","1":"post","2":"type-post","3":"status-publish","4":"format-standard","5":"has-post-thumbnail","7":"category-toulouse","8":"tag-actu","9":"tag-actualites","10":"tag-artisanat","11":"tag-commerce","12":"tag-eu","13":"tag-europe","14":"tag-fr","15":"tag-france","16":"tag-news","17":"tag-occitanie","18":"tag-republique-francaise","19":"tag-toulouse"},"share_on_mastodon":{"url":"https:\/\/pubeurope.com\/@fr\/115583299365799036","error":""},"_links":{"self":[{"href":"https:\/\/www.europesays.com\/fr\/wp-json\/wp\/v2\/posts\/547335","targetHints":{"allow":["GET"]}}],"collection":[{"href":"https:\/\/www.europesays.com\/fr\/wp-json\/wp\/v2\/posts"}],"about":[{"href":"https:\/\/www.europesays.com\/fr\/wp-json\/wp\/v2\/types\/post"}],"author":[{"embeddable":true,"href":"https:\/\/www.europesays.com\/fr\/wp-json\/wp\/v2\/users\/2"}],"replies":[{"embeddable":true,"href":"https:\/\/www.europesays.com\/fr\/wp-json\/wp\/v2\/comments?post=547335"}],"version-history":[{"count":0,"href":"https:\/\/www.europesays.com\/fr\/wp-json\/wp\/v2\/posts\/547335\/revisions"}],"wp:featuredmedia":[{"embeddable":true,"href":"https:\/\/www.europesays.com\/fr\/wp-json\/wp\/v2\/media\/373637"}],"wp:attachment":[{"href":"https:\/\/www.europesays.com\/fr\/wp-json\/wp\/v2\/media?parent=547335"}],"wp:term":[{"taxonomy":"category","embeddable":true,"href":"https:\/\/www.europesays.com\/fr\/wp-json\/wp\/v2\/categories?post=547335"},{"taxonomy":"post_tag","embeddable":true,"href":"https:\/\/www.europesays.com\/fr\/wp-json\/wp\/v2\/tags?post=547335"}],"curies":[{"name":"wp","href":"https:\/\/api.w.org\/{rel}","templated":true}]}}