{"id":547338,"date":"2025-11-20T17:53:20","date_gmt":"2025-11-20T17:53:20","guid":{"rendered":"https:\/\/www.europesays.com\/fr\/547338\/"},"modified":"2025-11-20T17:53:20","modified_gmt":"2025-11-20T17:53:20","slug":"un-retour-aux-sources-pour-la-marque-nee-ici","status":"publish","type":"post","link":"https:\/\/www.europesays.com\/fr\/547338\/","title":{"rendered":"\u00ab\u00a0Un retour aux sources\u00a0\u00bb pour la marque n\u00e9e ici"},"content":{"rendered":"<p>                    Par<br \/>\n        <strong><br \/>\n            <a href=\"https:\/\/actu.fr\/auteur\/hervine-mahaud\" title=\"Consulter tous les articles de Hervine Mahaud\" target=\"_blank\" rel=\"noopener\">Hervine Mahaud<\/a><br \/>\n                    <\/strong><\/p>\n<p>        Publi\u00e9 le<\/p>\n<p>            20 nov. 2025 \u00e0 18h06        <\/p>\n<p>La boucle se referme pour <b>Balzac Paris<\/b>. Plus de dix ans apr\u00e8s avoir cr\u00e9\u00e9 la <b>marque de pr\u00eat-\u00e0-porter<\/b> avec son mari Victorien et leur ami Charles, tous trois originaires de la m\u00e9tropole lilloise, <b>Chrysoline de Gastines<\/b> est de retour \u00e0 <a href=\"https:\/\/actu.fr\/lille\/\" target=\"_blank\" rel=\"noopener\">Lille<\/a>\u2026 et ouvre enfin une <b>boutique permanente<\/b> au 16 rue des Chats Bossus dans le <b>Vieux-Lille<\/b> ce 21 novembre 2025. \u00ab\u00a0On savait qu\u2019on reviendrait \u00e0 <b>Lille<\/b> avec mon mari, mais on ne savait pas quand, c\u2019\u00e9tait l\u2019histoire qu\u2019on s\u2019\u00e9tait racont\u00e9e d\u00e8s le d\u00e9but de notre aventure amoureuse\u00a0\u00bb, confie-t-elle. Avec quatre enfants, \u00ab\u00a0revenir \u00e0 la maison\u00a0\u00bb s\u2019est impos\u00e9 naturellement, sans pour autant effacer sa \u00ab\u00a0nostalgie de la vie parisienne\u00a0\u00bb.<\/p>\n<p>\u00ab\u00a0On a attendu la bonne opportunit\u00e9 pour s\u2019installer \u00e0 Lille\u00a0\u00bb<\/p>\n<p class=\" wall-content\">La marque, fond\u00e9e en 2014, a d\u2019abord pris racine \u00e0 Paris, \u00ab\u00a0une \u00e9vidence\u00a0\u00bb, dit-elle. \u00ab\u00a0C\u2019est inscrit dans notre nom, et nous mettons en avant l\u2019\u00e9l\u00e9gance parisienne.\u00a0\u00bb Ensuite, la maison a d\u00e9ploy\u00e9 son r\u00e9seau \u00e0 Lyon, Toulouse, Bordeaux\u2026 Lille aussi \u00e9tait pr\u00e9vue dans les plans, mais encore fallait-il trouver la bonne adresse.<\/p>\n<p>    <img   decoding=\"async\" loading=\"lazy\" class=\"size-large\" src=\"https:\/\/www.europesays.com\/fr\/wp-content\/uploads\/2025\/11\/6e6394b24f1968a7394b24f1938839v-960x640.jpg\" alt=\"balzac paris boutique vieux lille\" width=\"960\" height=\"640\"\/><br \/>\n    La boutique du Vieux-Lille est l\u2019une des plus grandes de la marque \u00e0 ce jour. \u00a9Hervine Mahaud<\/p>\n<p class=\" wall-content\">\u00ab\u00a0On voulait un espace tr\u00e8s grand pour travailler notre concept architectural. Il fallait du passage, de la visibilit\u00e9, un emplacement premium\u2026 On a attendu la bonne opportunit\u00e9 pour s\u2019installer \u00e0 Lille.\u00a0\u00bb La griffe a ainsi pu s\u2019installer dans l\u2019ancienne boutique de Massimo Dutti, <a href=\"https:\/\/actu.fr\/hauts-de-france\/lille_59350\/lille-la-boutique-de-deco-bouchara-ferme-definitivement-et-liquide-son-stock_61143718.html\" target=\"_blank\" rel=\"noopener\">devenue bri\u00e8vement Bouchara<\/a>.<\/p>\n<p>    <img   decoding=\"async\" loading=\"lazy\" class=\"size-large\" src=\"https:\/\/www.europesays.com\/fr\/wp-content\/uploads\/2025\/11\/e9f8d4b24f196edf8d4b24f19b109dv-960x640.jpg\" alt=\"balzac paris boutique vieux lille\" width=\"960\" height=\"640\"\/><br \/>\n    La boutique reprend les codes architecturaux chers \u00e0 la marque, ainsi que ses imprim\u00e9s embl\u00e9matiques. \u00a9Hervine Mahaud<\/p>\n<p class=\" wall-content\">En parall\u00e8le, les clientes, elles, attendaient d\u00e9j\u00e0. \u00ab\u00a0Balzac est dans le c\u0153ur des Lilloises depuis le d\u00e9but de l\u2019aventure. Elles nous suivaient, elles nous r\u00e9clamaient.\u00a0\u00bb<\/p>\n<p class=\" wall-content\"><a href=\"https:\/\/actu.fr\/hauts-de-france\/lille_59350\/la-marque-de-vetements-pour-femmes-balzac-paris-ouvre-une-boutique-ephemere-dans-le-vieux-lille_60926641.html\" target=\"_blank\" rel=\"noopener\">L\u2019ouverture d\u2019une boutique \u00e9ph\u00e9m\u00e8re au printemps 2024<\/a> a confirm\u00e9 cet engouement : un test concluant, qui a fini de convaincre l\u2019\u00e9quipe.<\/p>\n<p>Une boutique de 550 m\u00b2 : l\u2019une des plus grandes de la marque<\/p>\n<p class=\" wall-content\">L\u2019adresse choisie, au 16 rue des Chats Bossus, fait 550 m\u00b2. \u00ab\u00a0C\u2019est l\u2019une de nos plus grandes boutiques, si ce n\u2019est la plus grande.\u00a0\u00bb Fid\u00e8le \u00e0 l\u2019ADN de la marque, chaque espace y sera con\u00e7u comme un univers \u00e0 part enti\u00e8re : v\u00eatements, accessoires, maroquinerie, beaut\u00e9\u2026<\/p>\n<p>Votre r\u00e9gion, votre actu !<\/p>\n<p>Recevez chaque jour les infos qui comptent pour vous.<\/p>\n<p>\t<a href=\"https:\/\/actu.fr\/newsletter\" class=\"ac-btn ac-btn--corner ac-btn--medium ac-btn--blue800\" target=\"_blank\" rel=\"noopener\">S&rsquo;incrire<\/a><\/p>\n<p>    <img   decoding=\"async\" loading=\"lazy\" class=\"size-large\" src=\"https:\/\/www.europesays.com\/fr\/wp-content\/uploads\/2025\/11\/5b98c4b24f1965f98c4b24f1950a8cv-960x640.jpg\" alt=\"balzac paris boutique vieux lille\" width=\"960\" height=\"640\"\/><br \/>\n    La maroquinerie est expos\u00e9e d\u00e8s l\u2019entr\u00e9e de la boutique. \u00a9Hervine Mahaud<\/p>\n<p class=\" wall-content\">Balzac Paris travaille une identit\u00e9 architecturale forte, enti\u00e8rement pens\u00e9e avec le studio Batik : tapis l\u00e9opard, rayures embl\u00e9matiques, objets chin\u00e9s, pi\u00e8ces pens\u00e9es comme dans une maison o\u00f9 l\u2019on se prom\u00e8ne et o\u00f9 l\u2019on d\u00e9couvre des surprises \u00e0 chaque pi\u00e8ce.<\/p>\n<p>    <img   decoding=\"async\" loading=\"lazy\" class=\"size-large\" src=\"https:\/\/www.europesays.com\/fr\/wp-content\/uploads\/2025\/11\/f8c874b24f196ecc874b24f19c0d87v-960x640.jpg\" alt=\"balzac paris boutique vieux lille\" width=\"960\" height=\"640\"\/><br \/>\n    Le coin beaut\u00e9 propose brosses, rouge \u00e0 l\u00e8vres, soins et bijoux. \u00a9Hervine Mahaud<\/p>\n<p class=\" wall-content\">Avec un espace aussi vaste, Balzac Paris pourra pr\u00e9senter l\u2019ensemble de ses collections : les iconiques comme le pull Doudou, la chemise L\u00e9onor \u00e0 col travaill\u00e9, le sac C\u00e9sar, ainsi que les pi\u00e8ces \u00e0 imprim\u00e9s signature, comme le l\u00e9opard ou les rayures. Des pi\u00e8ces \u00ab\u00a0seconde vie\u00a0\u00bb sont \u00e9galement disponibles, ainsi qu\u2019une s\u00e9lection de la ligne homme.<\/p>\n<p>    <img   decoding=\"async\" loading=\"lazy\" class=\"size-large\" src=\"https:\/\/www.europesays.com\/fr\/wp-content\/uploads\/2025\/11\/23f294b24f19627f294b24f191bf29v-960x640.jpg\" alt=\"balzac paris boutique vieux lille\" width=\"960\" height=\"640\"\/><br \/>\n    L\u2019imprim\u00e9 l\u00e9opard est omnipr\u00e9sent dans toutes les collections Balzac. \u00a9Hervine Mahaud<\/p>\n<p class=\" wall-content\">Comme dans toutes les boutiques, une \u0153uvre d\u2019artiste sera install\u00e9e. \u00c0 Lille, il s\u2019agit d\u2019une cr\u00e9ation de Sarah Espeute, artiste marseillaise qui travaille la broderie. \u00ab\u00a0Une \u0153uvre tiss\u00e9e suspendue comme une fausse verri\u00e8re, autour du sujet de la famille.\u00a0\u00bb<\/p>\n<p>Une exp\u00e9rience lilloise \u00e0 part enti\u00e8re<\/p>\n<p class=\" wall-content\">Balzac Paris veut faire de cette adresse une v\u00e9ritable exp\u00e9rience. \u00ab\u00a0Le samedi, il y aura souvent des animations comme des d\u00e9gustations. On a un partenariat avec la <a href=\"https:\/\/actu.fr\/hauts-de-france\/lille_59350\/lille-apres-des-mois-de-travaux-la-somptueuse-facade-de-la-boutique-meert-peut-de-nouveau-etre-photographiee_62972227.html\" target=\"_blank\" rel=\"noopener\">maison M\u00e9ert<\/a> : on a imagin\u00e9 un cabas avec eux, qui sera offert \u00e0 nos clientes.\u00a0\u00bb<\/p>\n<p>    <img   decoding=\"async\" loading=\"lazy\" class=\"size-large\" src=\"https:\/\/www.europesays.com\/fr\/wp-content\/uploads\/2025\/11\/5552a4b24f1964952a4b24f193d52av-960x640.jpg\" alt=\"balzac paris boutique vieux lille\" width=\"960\" height=\"640\"\/><br \/>\n    Au niveau de la caisse, les clientes retrouveront les goodies sigl\u00e9s Balzac Paris. \u00a9Hervine Mahaud<\/p>\n<p class=\" wall-content\">Le <a href=\"https:\/\/actu.fr\/hauts-de-france\/lille_59350\/lille-deja-un-joli-succes-pour-la-deuxieme-boutique-dubouquet-le-fleuriste-qui-colore-le-centre-ville_63439279.html\" target=\"_blank\" rel=\"noopener\">fleuriste Dubouquet<\/a>, le resto Comptoir Volant\u2026 la marque travaille avec plusieurs partenaires lillois, certains \u00ab\u00a0amis de longue date\u00a0\u00bb pour donner \u00e0 la boutique une \u00e2me locale.<\/p>\n<p>\u00ab\u00a0\u00catre responsable, c\u2019est inscrit dans notre mod\u00e8le \u00e9conomique\u00a0\u00bb<\/p>\n<p class=\" wall-content\">Certifi\u00e9e B Corp, un label qui distingue les entreprises engag\u00e9es pour leur <b>impact positif sur la soci\u00e9t\u00e9 et l\u2019environnement<\/b>, Balzac Paris intensifie chaque ann\u00e9e ses engagements. \u00ab\u00a0C\u2019est encore plus facile de s\u2019engager maintenant, car c\u2019est inscrit dans notre mod\u00e8le \u00e9conomique. Une entreprise responsable doit \u00eatre rentable, sinon \u00e7a ne tient pas.\u00a0\u00bb<\/p>\n<p>    <img   decoding=\"async\" loading=\"lazy\" class=\"size-large\" src=\"https:\/\/www.europesays.com\/fr\/wp-content\/uploads\/2025\/11\/7ad2d4b24f1966ed2d4b24f1942e2dv-960x640.jpg\" alt=\"balzac paris boutique vieux lille\" width=\"960\" height=\"640\"\/><br \/>\n    Depuis ses origines, Balzac Paris met un point d\u2019honneur \u00e0 proposer des collections responsables. Un engagement qui compte aussi pour les clientes. \u00a9Hervine Mahaud<\/p>\n<p class=\" wall-content\">Les collections sont pens\u00e9es d\u00e8s le choix des mati\u00e8res. \u00ab\u00a0On part du tissu avant le dessin. Certains tissus ou certains pays sont exclus pour des raisons \u00e9cologiques. Ce sont des contraintes, mais c\u2019est ce qu\u2019on a choisi.\u00a0\u00bb<\/p>\n<p class=\" wall-content\">La certification B Corp est renouvel\u00e9e tous les trois ans : \u00ab\u00a0Il faut toujours faire mieux. On est pionnier mais on reste tr\u00e8s vigilants.\u00a0\u00bb<\/p>\n<p class=\" wall-content\">Personnalisez votre actualit\u00e9 en ajoutant vos villes et m\u00e9dias en favori avec <a href=\"https:\/\/moncompte.actu.fr\" title=\"D\u00e9couvez Mon Actu\" rel=\"nofollow noopener\" data-trk=\"{&quot;cta&quot;:{&quot;action&quot;:&quot;https:\\\/\\\/moncompte.actu.fr&quot;,&quot;category&quot;:&quot;mon compte&quot;,&quot;from&quot;:&quot;article footer&quot;,&quot;name&quot;:&quot;Mon actu&quot;,&quot;type&quot;:&quot;cta&quot;}}\" target=\"_blank\">Mon Actu<\/a>.<\/p>\n","protected":false},"excerpt":{"rendered":"Par Hervine Mahaud Publi\u00e9 le 20 nov. 2025 \u00e0 18h06 La boucle se referme pour Balzac Paris. Plus&hellip;\n","protected":false},"author":2,"featured_media":547339,"comment_status":"","ping_status":"","sticky":false,"template":"","format":"standard","meta":{"footnotes":""},"categories":[2815],"tags":[1111,11,33,1777,674,1011,27,811,1307,12,3147,25,2422],"class_list":{"0":"post-547338","1":"post","2":"type-post","3":"status-publish","4":"format-standard","5":"has-post-thumbnail","7":"category-lille","8":"tag-actu","9":"tag-actualites","10":"tag-economie","11":"tag-eu","12":"tag-europe","13":"tag-fr","14":"tag-france","15":"tag-hauts-de-france","16":"tag-lille","17":"tag-news","18":"tag-nouveaux-commerces","19":"tag-republique-francaise","20":"tag-textile"},"share_on_mastodon":{"url":"https:\/\/pubeurope.com\/@fr\/115583308776969029","error":""},"_links":{"self":[{"href":"https:\/\/www.europesays.com\/fr\/wp-json\/wp\/v2\/posts\/547338","targetHints":{"allow":["GET"]}}],"collection":[{"href":"https:\/\/www.europesays.com\/fr\/wp-json\/wp\/v2\/posts"}],"about":[{"href":"https:\/\/www.europesays.com\/fr\/wp-json\/wp\/v2\/types\/post"}],"author":[{"embeddable":true,"href":"https:\/\/www.europesays.com\/fr\/wp-json\/wp\/v2\/users\/2"}],"replies":[{"embeddable":true,"href":"https:\/\/www.europesays.com\/fr\/wp-json\/wp\/v2\/comments?post=547338"}],"version-history":[{"count":0,"href":"https:\/\/www.europesays.com\/fr\/wp-json\/wp\/v2\/posts\/547338\/revisions"}],"wp:featuredmedia":[{"embeddable":true,"href":"https:\/\/www.europesays.com\/fr\/wp-json\/wp\/v2\/media\/547339"}],"wp:attachment":[{"href":"https:\/\/www.europesays.com\/fr\/wp-json\/wp\/v2\/media?parent=547338"}],"wp:term":[{"taxonomy":"category","embeddable":true,"href":"https:\/\/www.europesays.com\/fr\/wp-json\/wp\/v2\/categories?post=547338"},{"taxonomy":"post_tag","embeddable":true,"href":"https:\/\/www.europesays.com\/fr\/wp-json\/wp\/v2\/tags?post=547338"}],"curies":[{"name":"wp","href":"https:\/\/api.w.org\/{rel}","templated":true}]}}