{"id":547344,"date":"2025-11-20T17:56:12","date_gmt":"2025-11-20T17:56:12","guid":{"rendered":"https:\/\/www.europesays.com\/fr\/547344\/"},"modified":"2025-11-20T17:56:12","modified_gmt":"2025-11-20T17:56:12","slug":"narcotrafic-et-ministres-a-marseille-menaces-de-trump-contre-les-democrates-incendie-a-la-cop30-lactu-de-ce-jeudi-20-novembre","status":"publish","type":"post","link":"https:\/\/www.europesays.com\/fr\/547344\/","title":{"rendered":"Narcotrafic et ministres \u00e0 Marseille, menaces de Trump contre les d\u00e9mocrates, incendie \u00e0 la COP30\u2026 L\u2019actu de ce jeudi 20\u00a0novembre"},"content":{"rendered":"<p class=\"sc-cPiKLX AiZTS text-element\">Chaque soir, la r\u00e9daction de Lib\u00e9 s\u00e9lectionne les actualit\u00e9s du jour qu\u2019il ne fallait pas rater en France et dans le reste du monde.<\/p>\n<p class=\"sc-cPiKLX AiZTS text-element\">En visite dans la deuxi\u00e8me ville de France avec Laurent Nu\u00f1ez ce jeudi, une semaine apr\u00e8s l\u2019assassinat de Mehdi Kessaci, G\u00e9rald Darmanin a parl\u00e9 <a href=\"https:\/\/www.liberation.fr\/societe\/police-justice\/le-narcotrafic-est-une-menace-au-moins-equivalente-a-celle-du-terrorisme-estime-darmanin-a-marseille-20251120_YYGJACCKARFQJJ4DNDDD7VTHPE\/\" target=\"_blank\" rel=\"noreferrer noopener\" title=\"https:\/\/www.liberation.fr\/societe\/police-justice\/le-narcotrafic-est-une-menace-au-moins-equivalente-a-celle-du-terrorisme-estime-darmanin-a-marseille-20251120_YYGJACCKARFQJJ4DNDDD7VTHPE\/\">d\u2019\u00abune bataille tr\u00e8s, tr\u00e8s dure\u00bb contre les trafiquants de drogues<\/a>. Le ministre de la Justice a \u00e9voqu\u00e9 une menace \u00abau moins \u00e9quivalente \u00e0 celle du terrorisme\u00bb. A la demande des d\u00e9put\u00e9s socialistes, <a href=\"https:\/\/www.liberation.fr\/politique\/narcotrafic-sebastien-lecornu-favorable-a-un-debat-a-lassemblee-20251120_JXJVKX2DVZHB5FVJAZVW7PMMRA\/\" target=\"_blank\" rel=\"noopener\" title=\"https:\/\/www.liberation.fr\/politique\/narcotrafic-sebastien-lecornu-favorable-a-un-debat-a-lassemblee-20251120_JXJVKX2DVZHB5FVJAZVW7PMMRA\/\">un d\u00e9bat autour de la g\u00e9ographie et de la nature du trafic de stup\u00e9fiants<\/a> va se tenir dans l\u2019h\u00e9micycle. Le chef du gouvernement a de son c\u00f4t\u00e9 promis d\u2019adapter la r\u00e9ponse de l\u2019Etat face \u00e0 \u00abun adversaire en train de muter\u00bb.<\/p>\n<p class=\"sc-cPiKLX AiZTS text-element\">Apr\u00e8s que des \u00e9lus d\u2019opposition ont appel\u00e9 militaires et agents du renseignement am\u00e9ricain \u00e0 la d\u00e9sob\u00e9issance civile, Donald Trump a tax\u00e9 ce jeudi leur comportement <a href=\"https:\/\/www.liberation.fr\/international\/amerique\/trump-evoque-la-peine-de-mort-pour-des-democrates-quil-accuse-de-sedition-20251120_MF3TCKBVU5EJRN572NRFW4W6AY\/\" target=\"_blank\" rel=\"noreferrer noopener\" title=\"https:\/\/www.liberation.fr\/international\/amerique\/trump-evoque-la-peine-de-mort-pour-des-democrates-quil-accuse-de-sedition-20251120_MF3TCKBVU5EJRN572NRFW4W6AY\/\">de \u00abs\u00e9ditieux\u00bb et affirm\u00e9 qu\u2019il \u00e9tait \u00abpassible de peine de mort\u00bb<\/a>. Les d\u00e9mocrates ont qualifi\u00e9 la r\u00e9action du pr\u00e9sident r\u00e9publicain d\u2019\u00abinf\u00e2me\u00bb\u00a0: \u00abTrump vient de r\u00e9clamer la mort pour des \u00e9lus\u00a0d\u00e9mocrates\u00bb, a d\u00e9nonc\u00e9 le parti.<\/p>\n<p class=\"sc-cPiKLX AiZTS text-element\">Le site de <a href=\"https:\/\/www.liberation.fr\/tags\/cop\/?redirected=1\" target=\"_blank\" rel=\"noreferrer noopener\" title=\"https:\/\/www.liberation.fr\/tags\/cop\/?redirected=1\">la\u00a0conf\u00e9rence sur le climat<\/a>, \u00e0 Belem, a \u00e9t\u00e9 \u00e9vacu\u00e9 ce jeudi soir en raison d\u2019un incendie important. Des flammes ont d\u00e9marr\u00e9 sur le stand d\u2019un pays pr\u00e8s de l\u2019entr\u00e9e et d\u00e9gageaient d\u2019importantes fum\u00e9es \u00e0 l\u2019ext\u00e9rieur. On ignore encore la cause du sinistre, qui a toutefois \u00e9t\u00e9 ma\u00eetris\u00e9, selon les organisateurs de la COP.<\/p>\n<p class=\"sc-cPiKLX AiZTS text-element\">Anticiper au maximum pour se pr\u00e9parer aux pires sc\u00e9narios. Le gouvernement a publi\u00e9 ce jeudi \u00ab<a href=\"https:\/\/www.liberation.fr\/societe\/le-gouvernement-publie-un-guide-pratique-pour-aider-les-citoyens-a-faire-face-aux-situations-de-crise-20251120_NYSTJSN3NZHJDDWUGMYC6LRVRU\/\" target=\"_blank\" rel=\"noreferrer noopener\" title=\"https:\/\/www.liberation.fr\/societe\/le-gouvernement-publie-un-guide-pratique-pour-aider-les-citoyens-a-faire-face-aux-situations-de-crise-20251120_NYSTJSN3NZHJDDWUGMYC6LRVRU\/\">un guide pratique<\/a> pour aider chaque citoyen \u00e0 se pr\u00e9parer aux situations de crise\u00bb &#8211; catastrophes naturelles, crises sanitaires, accidents industriels, guerres\u2026 Le document, qui devait initialement \u00eatre envoy\u00e9 aux habitants par voie postale, a finalement seulement \u00e9t\u00e9 diffus\u00e9 en ligne.<\/p>\n<p class=\"sc-cPiKLX AiZTS text-element\">\u00abLe froid s\u2019installe sur tout le pays\u00bb, soulignent ce jeudi les experts de M\u00e9t\u00e9o France, avec des temp\u00e9ratures assez nettement inf\u00e9rieures aux normales de saison. A partir de ce vendredi matin, <a href=\"https:\/\/www.liberation.fr\/environnement\/climat\/grand-froid-giboulees-de-neige-et-verglas-vers-un-week-end-glacial-dans-une-france-en-vigilance-jaune-20251120_SPECT2HOIJD4DG5GJJXR3PAQZA\/\" target=\"_blank\" rel=\"noreferrer noopener\" title=\"https:\/\/www.liberation.fr\/environnement\/climat\/grand-froid-giboulees-de-neige-et-verglas-vers-un-week-end-glacial-dans-une-france-en-vigilance-jaune-20251120_SPECT2HOIJD4DG5GJJXR3PAQZA\/\">la quasi-totalit\u00e9 du pays sera plac\u00e9e en vigilance jaune<\/a> pour \u00abgrand froid\u00bb ainsi que des risques de chutes de neige et de verglas. Le thermom\u00e8tre devrait encore baisser samedi.<\/p>\n<p class=\"sc-cPiKLX AiZTS text-element\"><b>Kyiv et les Europ\u00e9ens pris de court par le plan concoct\u00e9 par Washington et Moscou<\/b><\/p>\n<p class=\"sc-cPiKLX AiZTS text-element\">Les Etats-Unis et la Russie ont n\u00e9goci\u00e9 en secret un accord imposant des concessions colossales \u00e0 l\u2019Ukraine. Cette r\u00e9v\u00e9lation, d\u00e9voil\u00e9e mercredi 19\u00a0novembre, provoque stupeur et inqui\u00e9tude en Europe, \u00e9cart\u00e9e d\u2019un processus qui confirme les intentions r\u00e9elles de Trump. <a href=\"https:\/\/www.liberation.fr\/international\/europe\/guerre-en-ukraine-les-europeens-et-kyiv-pris-de-court-par-le-nouveau-plan-americano-russe-20251120_GPPCW5O3C5E4JO2R3ZJGWP7UYU\/\" target=\"_blank\" rel=\"noopener\" title=\"https:\/\/www.liberation.fr\/international\/europe\/guerre-en-ukraine-les-europeens-et-kyiv-pris-de-court-par-le-nouveau-plan-americano-russe-20251120_GPPCW5O3C5E4JO2R3ZJGWP7UYU\/\">Notre analyse.<\/a><\/p>\n<p class=\"sc-cPiKLX AiZTS text-element\"><b>Dragu\u00e9 par M6 et BFM TV, Pascal Praud, l\u2019histrion qui valait un million d\u2019euros<\/b><\/p>\n<p class=\"sc-cPiKLX AiZTS text-element\">Le pr\u00e9sentateur vedette de CNews, d\u00e9j\u00e0 approch\u00e9 par le groupe M6 en\u00a02023 et\u00a02024, aurait re\u00e7u, selon l\u2019Express, une offre d\u2019un million d\u2019euros par an pour int\u00e9grer le cha\u00eene dont Rodolphe Saad\u00e9 est propri\u00e9taire \u00e0 la rentr\u00e9e\u00a02025. Une proposition refus\u00e9e par l\u2019ancien journaliste sportif, fid\u00e8le \u00e0 Vincent Bollor\u00e9. <a href=\"https:\/\/www.liberation.fr\/economie\/medias\/drague-par-m6-et-bfm-tv-pascal-praud-lhistrion-qui-valait-un-million-deuros-20251120_JJDTDGEAIJC7TITH6KVTVHNEEQ\/\" target=\"_blank\" rel=\"noreferrer noopener\" title=\"https:\/\/www.liberation.fr\/economie\/medias\/drague-par-m6-et-bfm-tv-pascal-praud-lhistrion-qui-valait-un-million-deuros-20251120_JJDTDGEAIJC7TITH6KVTVHNEEQ\/\">A lire ici<\/a>.<\/p>\n<p class=\"sc-cPiKLX AiZTS text-element\"><b>\u00abDestin\u00e9e\u00bb, le nouvel album d\u2019Aya Nakamura d\u00e8s demain dans les bacs<\/b><\/p>\n<p class=\"sc-cPiKLX AiZTS text-element\">Que peut-on alors bien pouvoir dire sur Aya Nakamura et son cinqui\u00e8me album, un an et des brouettes apr\u00e8s sa prestation \u00e0 la c\u00e9r\u00e9monie d\u2019ouverture des Jeux olympiques de Paris\u00a0? Que c\u2019est un disque-monolithe efficace mais sans risques, qui cherche avant tout \u00e0 confirmer la toute-puissance de son autrice. <a href=\"https:\/\/www.liberation.fr\/culture\/musique\/avec-destinee-aya-nakamura-passe-larmure-du-son-20251120_S6WRNXLG6JBDFCIHE4JPORIA7M\/\" target=\"_blank\" rel=\"noopener\" title=\"https:\/\/www.liberation.fr\/culture\/musique\/avec-destinee-aya-nakamura-passe-larmure-du-son-20251120_S6WRNXLG6JBDFCIHE4JPORIA7M\/\">Notre critique.<\/a><\/p>\n","protected":false},"excerpt":{"rendered":"Chaque soir, la r\u00e9daction de Lib\u00e9 s\u00e9lectionne les actualit\u00e9s du jour qu\u2019il ne fallait pas rater en France&hellip;\n","protected":false},"author":2,"featured_media":547345,"comment_status":"","ping_status":"","sticky":false,"template":"","format":"standard","meta":{"footnotes":""},"categories":[2814],"tags":[1111,11,35996,75,1777,674,1011,27,884,8721,12,882,4702,25],"class_list":{"0":"post-547344","1":"post","2":"type-post","3":"status-publish","4":"format-standard","5":"has-post-thumbnail","7":"category-marseille","8":"tag-actu","9":"tag-actualites","10":"tag-cop","11":"tag-donald-trump","12":"tag-eu","13":"tag-europe","14":"tag-fr","15":"tag-france","16":"tag-marseille","17":"tag-narcotrafic","18":"tag-news","19":"tag-provence-alpes-cote-dazur","20":"tag-recap-actu","21":"tag-republique-francaise"},"share_on_mastodon":{"url":"https:\/\/pubeurope.com\/@fr\/115583319062263247","error":""},"_links":{"self":[{"href":"https:\/\/www.europesays.com\/fr\/wp-json\/wp\/v2\/posts\/547344","targetHints":{"allow":["GET"]}}],"collection":[{"href":"https:\/\/www.europesays.com\/fr\/wp-json\/wp\/v2\/posts"}],"about":[{"href":"https:\/\/www.europesays.com\/fr\/wp-json\/wp\/v2\/types\/post"}],"author":[{"embeddable":true,"href":"https:\/\/www.europesays.com\/fr\/wp-json\/wp\/v2\/users\/2"}],"replies":[{"embeddable":true,"href":"https:\/\/www.europesays.com\/fr\/wp-json\/wp\/v2\/comments?post=547344"}],"version-history":[{"count":0,"href":"https:\/\/www.europesays.com\/fr\/wp-json\/wp\/v2\/posts\/547344\/revisions"}],"wp:featuredmedia":[{"embeddable":true,"href":"https:\/\/www.europesays.com\/fr\/wp-json\/wp\/v2\/media\/547345"}],"wp:attachment":[{"href":"https:\/\/www.europesays.com\/fr\/wp-json\/wp\/v2\/media?parent=547344"}],"wp:term":[{"taxonomy":"category","embeddable":true,"href":"https:\/\/www.europesays.com\/fr\/wp-json\/wp\/v2\/categories?post=547344"},{"taxonomy":"post_tag","embeddable":true,"href":"https:\/\/www.europesays.com\/fr\/wp-json\/wp\/v2\/tags?post=547344"}],"curies":[{"name":"wp","href":"https:\/\/api.w.org\/{rel}","templated":true}]}}