{"id":547358,"date":"2025-11-20T18:05:22","date_gmt":"2025-11-20T18:05:22","guid":{"rendered":"https:\/\/www.europesays.com\/fr\/547358\/"},"modified":"2025-11-20T18:05:22","modified_gmt":"2025-11-20T18:05:22","slug":"paris-les-animateurs-du-periscolaire-reconduisent-la-greve-de-maniere-illimitee","status":"publish","type":"post","link":"https:\/\/www.europesays.com\/fr\/547358\/","title":{"rendered":"Paris\u00a0: les animateurs du p\u00e9riscolaire reconduisent la gr\u00e8ve de mani\u00e8re \u00ab\u00a0illimit\u00e9e\u00a0\u00bb"},"content":{"rendered":"<p class=\"paragraph text_align_left lp-f-body-02\">Les animateurs du p\u00e9riscolaire des \u00e9coles parisiennes, <a href=\"https:\/\/www.leparisien.fr\/paris-75\/pres-de-200-cantines-parisiennes-concernees-par-une-greve-massive-du-10-au-21-novembre-07-11-2025-2S2S3AQKJVH7BGAFJLIN2E7XEE.php\" target=\"_blank\" rel=\"noreferrer nofollow noopener\">en gr\u00e8ve depuis le 10 novembre pour demander des recrutements massifs de titulaires<\/a>, ont reconduit leur mouvement de mani\u00e8re \u00ab illimit\u00e9e \u00bb avec des modalit\u00e9s diff\u00e9rentes, a-t-on appris jeudi de source syndicale.<\/p>\n<p class=\"paragraph text_align_left lp-f-body-02\">La gr\u00e8ve n\u2019affectera plus que le temps p\u00e9riscolaire des mardis et vendredis apr\u00e8s-midi, et plus les cantines, \u00ab compte tenu des difficult\u00e9s rencontr\u00e9es par les familles \u00bb, a indiqu\u00e9 \u00e0 l\u2019AFP \u00c9lise Rabdeau du Supap-FSU, \u00e0 l\u2019origine du mouvement avec la CFDT et la CGT.<\/p>\n<p>\u00ab Entre 100 et 200 \u00e9coles \u00bb ont d\u00fb fermer leurs cantines ces derniers jours<\/p>\n<p class=\"paragraph text_align_left lp-f-body-02\">\u00ab Nous poursuivrons la gr\u00e8ve tant que la mairie centrale ne nous aura pas re\u00e7us \u00bb, affirme la responsable syndicale, pr\u00e9cisant que le pr\u00e9avis de gr\u00e8ve courait jusqu\u2019au 31 d\u00e9cembre. Patrick Bloche, premier adjoint \u00e0 la maire socialiste Anne Hidalgo en charge de l\u2019\u00e9ducation, recevra les syndicats \u00ab \u00e0 une date encore \u00e0 d\u00e9terminer \u00bb, selon la mairie.<\/p>\n<p class=\"paragraph text_align_left lp-f-body-02\">\u00ab Entre 100 et 200 \u00e9coles \u00bb sur les 620 de la capitale ont d\u00fb fermer leurs cantines ces derniers jours, selon le Supap-FSU. La ville a en outre \u00ab ouvert des centaines d\u2019\u00e9tablissements malgr\u00e9 des taux d\u2019encadrement encore plus d\u00e9grad\u00e9s qu\u2019en temps normal \u00bb, d\u00e9plore-t-il. Selon la mairie, seules 48 cantines ont \u00e9t\u00e9 ferm\u00e9es mercredi.<\/p>\n<p>Le secteur au c\u0153ur d\u2019une s\u00e9rie d\u2019enqu\u00eates<\/p>\n<p class=\"paragraph text_align_left lp-f-body-02\">Les syndicats r\u00e9clament des recrutements massifs de titulaires dans un secteur pr\u00e9caris\u00e9, qui compte seulement 2 500 adjoints d\u2019animation et 1 000 animateurs contractuels, contre 8 500 vacataires.<\/p>\n<p class=\"paragraph text_align_left lp-f-body-02\">Le secteur est secou\u00e9 par <a href=\"https:\/\/www.leparisien.fr\/faits-divers\/paris-une-deuxieme-animatrice-suspendue-a-lecole-faidherbe-a-la-suite-de-violences-20-11-2025-DDEF6ZI34NEQTCU3JO2HN7ZTNE.php\" target=\"_blank\" rel=\"noreferrer nofollow noopener\">une s\u00e9rie d\u2019enqu\u00eates pour soup\u00e7ons d\u2019agressions sexuelles dans les \u00e9tablissements scolaires<\/a>, notamment apr\u00e8s la plainte de la m\u00e8re d\u2019une fillette de quatre ans pour \u00ab viol aggrav\u00e9 \u00bb contre un animateur.<\/p>\n<p class=\"paragraph text_align_left lp-f-body-02\">La ville de Paris a annonc\u00e9 un plan de lutte contre les violences sexuelles faites aux enfants dans les \u00e9coles, avec un poste de D\u00e9fenseur des enfants rattach\u00e9 \u00e0 la maire, dont la cr\u00e9ation a \u00e9t\u00e9 adopt\u00e9e jeudi \u00e0 l\u2019unanimit\u00e9 par le Conseil de Paris.<\/p>\n<p class=\"paragraph text_align_left lp-f-body-02\">\u00ab Je veux qu\u2019il devienne le garant des droits des enfants \u00e0 Paris \u00bb, a dit Anne Hidalgo, assurant que la ville prenait \u00ab toutes ses responsabilit\u00e9s \u00bb apr\u00e8s la suspension de 16 animateurs pour faits \u00e0 caract\u00e8re sexuels en 2025.<\/p>\n<p class=\"paragraph text_align_left lp-f-body-02\">Le plan pr\u00e9voit aussi un renforcement des formations des animateurs, jug\u00e9es largement insuffisantes par les syndicats.<\/p>\n","protected":false},"excerpt":{"rendered":"Les animateurs du p\u00e9riscolaire des \u00e9coles parisiennes, en gr\u00e8ve depuis le 10 novembre pour demander des recrutements massifs&hellip;\n","protected":false},"author":2,"featured_media":547359,"comment_status":"","ping_status":"","sticky":false,"template":"","format":"standard","meta":{"footnotes":""},"categories":[1888],"tags":[11,1777,674,1011,27,1944,12,626,25,104],"class_list":{"0":"post-547358","1":"post","2":"type-post","3":"status-publish","4":"format-standard","5":"has-post-thumbnail","7":"category-paris","8":"tag-actualites","9":"tag-eu","10":"tag-europe","11":"tag-fr","12":"tag-france","13":"tag-ma-ville","14":"tag-news","15":"tag-paris","16":"tag-republique-francaise","17":"tag-societe"},"share_on_mastodon":{"url":"https:\/\/pubeurope.com\/@fr\/115583354414449683","error":""},"_links":{"self":[{"href":"https:\/\/www.europesays.com\/fr\/wp-json\/wp\/v2\/posts\/547358","targetHints":{"allow":["GET"]}}],"collection":[{"href":"https:\/\/www.europesays.com\/fr\/wp-json\/wp\/v2\/posts"}],"about":[{"href":"https:\/\/www.europesays.com\/fr\/wp-json\/wp\/v2\/types\/post"}],"author":[{"embeddable":true,"href":"https:\/\/www.europesays.com\/fr\/wp-json\/wp\/v2\/users\/2"}],"replies":[{"embeddable":true,"href":"https:\/\/www.europesays.com\/fr\/wp-json\/wp\/v2\/comments?post=547358"}],"version-history":[{"count":0,"href":"https:\/\/www.europesays.com\/fr\/wp-json\/wp\/v2\/posts\/547358\/revisions"}],"wp:featuredmedia":[{"embeddable":true,"href":"https:\/\/www.europesays.com\/fr\/wp-json\/wp\/v2\/media\/547359"}],"wp:attachment":[{"href":"https:\/\/www.europesays.com\/fr\/wp-json\/wp\/v2\/media?parent=547358"}],"wp:term":[{"taxonomy":"category","embeddable":true,"href":"https:\/\/www.europesays.com\/fr\/wp-json\/wp\/v2\/categories?post=547358"},{"taxonomy":"post_tag","embeddable":true,"href":"https:\/\/www.europesays.com\/fr\/wp-json\/wp\/v2\/tags?post=547358"}],"curies":[{"name":"wp","href":"https:\/\/api.w.org\/{rel}","templated":true}]}}