{"id":547370,"date":"2025-11-20T18:11:17","date_gmt":"2025-11-20T18:11:17","guid":{"rendered":"https:\/\/www.europesays.com\/fr\/547370\/"},"modified":"2025-11-20T18:11:17","modified_gmt":"2025-11-20T18:11:17","slug":"transition-energetique-etat-des-lieux-des-emplois-verts-en-europe-regarder-le-documentaire-complet","status":"publish","type":"post","link":"https:\/\/www.europesays.com\/fr\/547370\/","title":{"rendered":"Transition \u00e9nerg\u00e9tique : \u00e9tat des lieux des emplois verts en Europe &#8211; Regarder le documentaire complet"},"content":{"rendered":"<p>Transition \u00e9nerg\u00e9tique : \u00e9tat des lieux des emplois verts en Europe &#8211; Regarder le documentaire complet | ARTE<\/p>\n<p class=\"ds-6406tu\">3 min<\/p>\n<p class=\"ds-6406tu\">Disponible jusqu&rsquo;au 20\/11\/2026<\/p>\n<p>L&rsquo;urgence \u00e9cologique modifie le march\u00e9 du travail.\u00a0Les m\u00e9tiers des secteurs les plus polluants devraient \u00e0 terme dispara\u00eetre, quand d&rsquo;autres m\u00e9tiers apparaissent ou se transforment. Des emplois dits \u00ab\u00a0verts\u00a0\u00bb ou \u00ab\u00a0verdissants\u00a0\u00bb.\u00a0Que disent les chiffres de l&#8217;emploi dans l&rsquo;UE ?\u00a0Quels sont les pays qui comptent le plus d&#8217;emplois verts ? Quels sont ceux \u00e0 la tra\u00eene ? Etats des lieux.<\/p>\n<p class=\"ds-1rjvccl\">Montage<\/p>\n<p class=\"ds-1rjvccl\">Journaliste<\/p>\n<p class=\"ds-1rjvccl\">Pays<\/p>\n<p class=\"ds-1rjvccl\">Ann\u00e9e<\/p>\n<p>Vous pourriez aimer aussi<\/p>\n<p>Les vid\u00e9os les plus vues sur ARTE<\/p>\n<p>arte.tv sur tous vos \u00e9crans<\/p>\n<p class=\"ds-934w7j\">Retrouvez nos programmes sur votre ordinateur, smartphone, tablette ou TV connect\u00e9e<\/p>\n<p><a class=\"ds-64fl0u\" href=\"https:\/\/apps.apple.com\/app\/apple-store\/id405028510?pt=398281&amp;ct=install-app-btn&amp;mt=8\" target=\"_self\" rel=\"nofollow noopener\"><img decoding=\"async\" class=\"ds-111g4a3\" alt=\"T\u00e9l\u00e9charger dans l'App Store\" loading=\"lazy\" src=\"https:\/\/www.europesays.com\/fr\/wp-content\/uploads\/2025\/04\/AppStore_fr.png\"\/><\/a><a class=\"ds-64fl0u\" href=\"https:\/\/play.google.com\/store\/apps\/details?id=tv.arte.plus7&amp;utm_campaign=install-app-btn\" target=\"_self\" rel=\"nofollow noopener\"><img decoding=\"async\" class=\"ds-111g4a3\" alt=\"Disponible sur Google Play\" loading=\"lazy\" src=\"https:\/\/www.europesays.com\/fr\/wp-content\/uploads\/2025\/04\/PlayStore_fr.png\"\/><\/a><\/p>\n<ul class=\"ds-17acktf\">\n<li class=\"ds-7m7syb\">Sites<\/li>\n<li class=\"ds-1cscmpv\">Entreprise<\/li>\n<li class=\"ds-zl6jy0\">Infos l\u00e9gales<\/li>\n<li class=\"ds-1sbkvid\">R\u00e9seaux sociaux<\/li>\n<li class=\"ds-1f682iq\"\/>\n<li class=\"ds-1xmg5id\" data-testid=\"newsletter\">NewsletterAdresse e-mail<\/li>\n<\/ul>\n<p class=\"ds-8tdfc6\">Tous droits de reproduction et de diffusion r\u00e9serv\u00e9s \u00a9 2025 ARTE G.E.I.E. &#8211; ARTE G.E.I.E. 4, quai du chanoine Winterer CS 20035 &#8211; 67080 Strasbourg Cedex<\/p>\n","protected":false},"excerpt":{"rendered":"Transition \u00e9nerg\u00e9tique : \u00e9tat des lieux des emplois verts en Europe &#8211; Regarder le documentaire complet | ARTE&hellip;\n","protected":false},"author":2,"featured_media":547371,"comment_status":"","ping_status":"","sticky":false,"template":"","format":"standard","meta":{"footnotes":""},"categories":[1586],"tags":[11,1777,674,1011,27,12,25],"class_list":{"0":"post-547370","1":"post","2":"type-post","3":"status-publish","4":"format-standard","5":"has-post-thumbnail","7":"category-europe","8":"tag-actualites","9":"tag-eu","10":"tag-europe","11":"tag-fr","12":"tag-france","13":"tag-news","14":"tag-republique-francaise"},"share_on_mastodon":{"url":"https:\/\/pubeurope.com\/@fr\/115583378826430917","error":""},"_links":{"self":[{"href":"https:\/\/www.europesays.com\/fr\/wp-json\/wp\/v2\/posts\/547370","targetHints":{"allow":["GET"]}}],"collection":[{"href":"https:\/\/www.europesays.com\/fr\/wp-json\/wp\/v2\/posts"}],"about":[{"href":"https:\/\/www.europesays.com\/fr\/wp-json\/wp\/v2\/types\/post"}],"author":[{"embeddable":true,"href":"https:\/\/www.europesays.com\/fr\/wp-json\/wp\/v2\/users\/2"}],"replies":[{"embeddable":true,"href":"https:\/\/www.europesays.com\/fr\/wp-json\/wp\/v2\/comments?post=547370"}],"version-history":[{"count":0,"href":"https:\/\/www.europesays.com\/fr\/wp-json\/wp\/v2\/posts\/547370\/revisions"}],"wp:featuredmedia":[{"embeddable":true,"href":"https:\/\/www.europesays.com\/fr\/wp-json\/wp\/v2\/media\/547371"}],"wp:attachment":[{"href":"https:\/\/www.europesays.com\/fr\/wp-json\/wp\/v2\/media?parent=547370"}],"wp:term":[{"taxonomy":"category","embeddable":true,"href":"https:\/\/www.europesays.com\/fr\/wp-json\/wp\/v2\/categories?post=547370"},{"taxonomy":"post_tag","embeddable":true,"href":"https:\/\/www.europesays.com\/fr\/wp-json\/wp\/v2\/tags?post=547370"}],"curies":[{"name":"wp","href":"https:\/\/api.w.org\/{rel}","templated":true}]}}