{"id":547372,"date":"2025-11-20T18:12:22","date_gmt":"2025-11-20T18:12:22","guid":{"rendered":"https:\/\/www.europesays.com\/fr\/547372\/"},"modified":"2025-11-20T18:12:22","modified_gmt":"2025-11-20T18:12:22","slug":"lunion-europeenne-decale-et-simplifie-le-futur-reglement-sur-la-deforestation","status":"publish","type":"post","link":"https:\/\/www.europesays.com\/fr\/547372\/","title":{"rendered":"L&rsquo;Union europ\u00e9enne d\u00e9cale et simplifie le futur r\u00e8glement sur la d\u00e9forestation"},"content":{"rendered":"<p>Alors qu\u2019il devait entrer en vigueur le 31 d\u00e9cembre 2025, le R\u00e8glement europ\u00e9en sur la d\u00e9forestation (RDUE) a de nouveau \u00e9t\u00e9 repouss\u00e9 d\u2019un an par les instances europ\u00e9ennes. Celles-ci ont \u00e9galement valid\u00e9 une simplification du dispositif, conform\u00e9ment aux recommandations de Tyres Europe.<\/p>\n<p>Le futur R\u00e8glement europ\u00e9en sur la d\u00e9forestation (RDUE) entrera donc en application le 30 d\u00e9cembre 2026 apr\u00e8s l&rsquo;annonce cet \u00e9ni\u00e8me report. \u00a9Michelin<\/p>\n<p>Cette fois, c&rsquo;est officiel. <a href=\"https:\/\/journaldupneu.com\/marche\/vers-un-report-du-reglement-europeen-sur-la-deforestation\/\" rel=\"nofollow noopener\" target=\"_blank\">Alors qu&rsquo;elles avaient d\u00e9voil\u00e9 leurs intentions en septembre<\/a>, les autorit\u00e9s continentales ont annonc\u00e9, mercredi 19 novembre, un <strong>nouveau report de l&rsquo;entr\u00e9e en vigueur du futur R\u00e8glement europ\u00e9en sur la d\u00e9forestation (RDUE)<\/strong>. Une information confirm\u00e9e par le <a href=\"https:\/\/journaldupneu.com\/tag\/spp\/\" rel=\"nofollow noopener\" target=\"_blank\">Syndicat du Pneu (SdP)<\/a>.\u00a0\u00bbC&rsquo;est un imbroglio inexploitable tellement c&rsquo;est complexe, commente Dominique Stempfel, pr\u00e9sident du SdP. On peut penser que m\u00eame la Commission europ\u00e9enne n&rsquo;y voit pas clair.\u00a0\u00bb\u00a0<\/p>\n<p>Cette nouvelle constitue en effet une p\u00e9rip\u00e9tie de plus pour une mesure adopt\u00e9e il y a d\u00e9j\u00e0 trois ans, qui devait entrer en application le 31 d\u00e9cembre 2024, avant d&rsquo;\u00eatre d\u00e9cal\u00e9e une premi\u00e8re fois d&rsquo;un an. Cette fois, <strong>l&rsquo;UE pr\u00e9voit un lancement du RDUE pour le 30 d\u00e9cembre 2026<\/strong>.<\/p>\n<p><strong>Ce report \u00e9tait demand\u00e9 par plusieurs \u00c9tats membres<\/strong> et institutions qui avaient exprim\u00e9 de vives inqui\u00e9tudes sur son application. Un manque de pr\u00e9paration des entreprises et des difficult\u00e9s techniques li\u00e9es au syst\u00e8me informatique devant g\u00e9rer les flux d&rsquo;informations \u00e0 propos de ce r\u00e8glement avaient \u00e9t\u00e9 \u00e9voqu\u00e9s. \u00ab\u00a0Les acteurs du pneu \u00e9taient tr\u00e8s inquiets devant la difficult\u00e9 \u00e0 interpr\u00e9ter les textes et \u00e0 prendre les dispositions n\u00e9cessaires dans un d\u00e9lai tr\u00e8s court\u00a0\u00bb ajoute Dominique Stempfel.<\/p>\n<p><strong>Le bon sens l&#8217;emporte<\/strong><\/p>\n<p>Mais au-del\u00e0 de cet \u00e9ni\u00e8me changement de calendrier, le Conseil de l&rsquo;UE a \u00e9galement confirm\u00e9 une d\u00e9cision autrement plus attendue. Comme l&rsquo;avaient demand\u00e9 plusieurs organisations professionnelles, une <strong>simplification de RDUE<\/strong> a \u00e9t\u00e9 annonc\u00e9e. <a href=\"https:\/\/journaldupneu.com\/tag\/etrma\/\" rel=\"nofollow noopener\" target=\"_blank\">Tyres Europe<\/a>, qui d\u00e9fend les int\u00e9r\u00eats des producteurs de pneumatiques et de caoutchouc sur le continent, avait pr\u00e9cis\u00e9ment milit\u00e9 pour qu&rsquo;un \u00e9ventuel nouveau report soit mis \u00e0 profit pour une refonte de la mesure.<\/p>\n<p>Cette position a donc \u00e9t\u00e9 entendue avec <strong>plusieurs modifications \u00e0 la cl\u00e9 concernant les obligations administratives<\/strong>. D\u00e9sormais, seul l\u2019op\u00e9rateur pla\u00e7ant le produit sur le march\u00e9 pour la premi\u00e8re fois devra soumettre une d\u00e9claration de diligence raisonn\u00e9e. Les acteurs en aval n\u2019auront de leurs c\u00f4t\u00e9s qu\u2019\u00e0 transmettre le num\u00e9ro de r\u00e9f\u00e9rence associ\u00e9. Enfin, les micro et petits op\u00e9rateurs primaires b\u00e9n\u00e9ficieront d\u2019une d\u00e9claration simplifi\u00e9e et unique.<\/p>\n<p>\u00ab\u00a0C&rsquo;est une bonne nouvelle mais il faudra attendre les conclusions de l&rsquo;examen de simplification pour \u00eatre totalement rassur\u00e9\u00a0\u00bb nuance le pr\u00e9sident du Syndicat du Pneu. En effet, les d\u00e9fenseurs d&rsquo;une simplification de RDUE devront attendre <strong>avril 2026, date de l&rsquo;examen de cette annonce par la Commission europ\u00e9enne<\/strong>, pour avoir totalement gagn\u00e9 la partie.<\/p>\n<p>Vous devez activer le javacript et la gestion des cookies pour b\u00e9n\u00e9ficier de toutes les fonctionnalit\u00e9s.<\/p>\n","protected":false},"excerpt":{"rendered":"Alors qu\u2019il devait entrer en vigueur le 31 d\u00e9cembre 2025, le R\u00e8glement europ\u00e9en sur la d\u00e9forestation (RDUE) a&hellip;\n","protected":false},"author":2,"featured_media":547373,"comment_status":"","ping_status":"","sticky":false,"template":"","format":"standard","meta":{"footnotes":""},"categories":[1586],"tags":[11,436,1777,674,1779,1011,27,12,25,1778,364],"class_list":{"0":"post-547372","1":"post","2":"type-post","3":"status-publish","4":"format-standard","5":"has-post-thumbnail","7":"category-europe","8":"tag-actualites","9":"tag-environnement","10":"tag-eu","11":"tag-europe","12":"tag-european-union","13":"tag-fr","14":"tag-france","15":"tag-news","16":"tag-republique-francaise","17":"tag-ue","18":"tag-union-europeenne"},"share_on_mastodon":{"url":"https:\/\/pubeurope.com\/@fr\/115583381992437779","error":""},"_links":{"self":[{"href":"https:\/\/www.europesays.com\/fr\/wp-json\/wp\/v2\/posts\/547372","targetHints":{"allow":["GET"]}}],"collection":[{"href":"https:\/\/www.europesays.com\/fr\/wp-json\/wp\/v2\/posts"}],"about":[{"href":"https:\/\/www.europesays.com\/fr\/wp-json\/wp\/v2\/types\/post"}],"author":[{"embeddable":true,"href":"https:\/\/www.europesays.com\/fr\/wp-json\/wp\/v2\/users\/2"}],"replies":[{"embeddable":true,"href":"https:\/\/www.europesays.com\/fr\/wp-json\/wp\/v2\/comments?post=547372"}],"version-history":[{"count":0,"href":"https:\/\/www.europesays.com\/fr\/wp-json\/wp\/v2\/posts\/547372\/revisions"}],"wp:featuredmedia":[{"embeddable":true,"href":"https:\/\/www.europesays.com\/fr\/wp-json\/wp\/v2\/media\/547373"}],"wp:attachment":[{"href":"https:\/\/www.europesays.com\/fr\/wp-json\/wp\/v2\/media?parent=547372"}],"wp:term":[{"taxonomy":"category","embeddable":true,"href":"https:\/\/www.europesays.com\/fr\/wp-json\/wp\/v2\/categories?post=547372"},{"taxonomy":"post_tag","embeddable":true,"href":"https:\/\/www.europesays.com\/fr\/wp-json\/wp\/v2\/tags?post=547372"}],"curies":[{"name":"wp","href":"https:\/\/api.w.org\/{rel}","templated":true}]}}