{"id":547378,"date":"2025-11-20T18:15:21","date_gmt":"2025-11-20T18:15:21","guid":{"rendered":"https:\/\/www.europesays.com\/fr\/547378\/"},"modified":"2025-11-20T18:15:21","modified_gmt":"2025-11-20T18:15:21","slug":"coupe-de-france-de-football-pas-de-8e-tour-pour-le-fc-deux-rives","status":"publish","type":"post","link":"https:\/\/www.europesays.com\/fr\/547378\/","title":{"rendered":"Coupe de France de football\u00a0: pas de 8e tour pour le FC Deux-Rives."},"content":{"rendered":"<p>\n                                                                    l&rsquo;essentiel<br \/>\n                                                                La r\u00e9clamation d\u00e9pos\u00e9e \u00e0 l\u2019issue de la d\u00e9faite du FC Deux-Rives face \u00e0 Maz\u00e8res (0-1) a \u00e9t\u00e9 rejet\u00e9e par la F\u00e9d\u00e9ration Fran\u00e7aise de Football. Ce sont les B\u00e9arnais qui rencontreront les Girondins de Bordeaux pour le 8e tour.\n                            <\/p>\n<p>Le r\u00eave de 8e tour de Coupe de France est pass\u00e9 pour le FC Deux-Rives. La r\u00e9clamation des dirigeants tarn-et-garonnais, qui avaient d\u00e9pos\u00e9 une r\u00e9clamation apr\u00e8s la d\u00e9faite (0-1) subie sur leur terrain face \u00e0 Maz\u00e8res (Asmur) a finalement \u00e9t\u00e9 rejet\u00e9e par la commission des r\u00e8glements et des contentieux de la F\u00e9d\u00e9ration Fran\u00e7aise de Football. Cette r\u00e9clamation \u00e9tait due \u00e0 la pr\u00e9sence d\u2019un joueur b\u00e9arnais suspendu apr\u00e8s avoir re\u00e7u trois avertissement successifs. Le joueur a purg\u00e9 son match le mercredi pr\u00e9c\u00e9dant le match de coupe de France lors d\u2019une rencontre de coupe des Pyr\u00e9nes-Atlantiques, ce qui est interdit en Ligue d\u2019Occitanie\u2026 mais autoris\u00e9 en ligue de Nouvelle-Aquitaine. Au final, la FFF a d\u00e9cid\u00e9 de confirmer la victoire obtenue sur le terrain par les joueurs de l\u2019Asmur. \u00ab\u00a0On ne fera pas appel de cette d\u00e9cision, commente Thierry Depasse, le copr\u00e9sident des Deux-Rives. J\u2019ai f\u00e9licit\u00e9 le pr\u00e9sident adverse et lui ai dit qu\u2019il avait gagn\u00e9 2-0. La d\u00e9ception, elle \u00e9tait plus samedi soir que maintenant. On a battu le record du club et on a fait une belle f\u00eate.\u00a0\u00bb<br \/>Le FC Deux-Rives va devoir se reconcentrer sur le championnat d\u00e8s samedi avec un match au sommet face \u00e0 L\u2019Union Saint-Jean, le leader de la poule de R\u00e9gional 1.<\/p>\n","protected":false},"excerpt":{"rendered":"l&rsquo;essentiel La r\u00e9clamation d\u00e9pos\u00e9e \u00e0 l\u2019issue de la d\u00e9faite du FC Deux-Rives face \u00e0 Maz\u00e8res (0-1) a \u00e9t\u00e9&hellip;\n","protected":false},"author":2,"featured_media":547379,"comment_status":"","ping_status":"","sticky":false,"template":"","format":"standard","meta":{"footnotes":""},"categories":[4],"tags":[11,1011,27,12,25],"class_list":{"0":"post-547378","1":"post","2":"type-post","3":"status-publish","4":"format-standard","5":"has-post-thumbnail","7":"category-france","8":"tag-actualites","9":"tag-fr","10":"tag-france","11":"tag-news","12":"tag-republique-francaise"},"share_on_mastodon":{"url":"https:\/\/pubeurope.com\/@fr\/115583393780990269","error":""},"_links":{"self":[{"href":"https:\/\/www.europesays.com\/fr\/wp-json\/wp\/v2\/posts\/547378","targetHints":{"allow":["GET"]}}],"collection":[{"href":"https:\/\/www.europesays.com\/fr\/wp-json\/wp\/v2\/posts"}],"about":[{"href":"https:\/\/www.europesays.com\/fr\/wp-json\/wp\/v2\/types\/post"}],"author":[{"embeddable":true,"href":"https:\/\/www.europesays.com\/fr\/wp-json\/wp\/v2\/users\/2"}],"replies":[{"embeddable":true,"href":"https:\/\/www.europesays.com\/fr\/wp-json\/wp\/v2\/comments?post=547378"}],"version-history":[{"count":0,"href":"https:\/\/www.europesays.com\/fr\/wp-json\/wp\/v2\/posts\/547378\/revisions"}],"wp:featuredmedia":[{"embeddable":true,"href":"https:\/\/www.europesays.com\/fr\/wp-json\/wp\/v2\/media\/547379"}],"wp:attachment":[{"href":"https:\/\/www.europesays.com\/fr\/wp-json\/wp\/v2\/media?parent=547378"}],"wp:term":[{"taxonomy":"category","embeddable":true,"href":"https:\/\/www.europesays.com\/fr\/wp-json\/wp\/v2\/categories?post=547378"},{"taxonomy":"post_tag","embeddable":true,"href":"https:\/\/www.europesays.com\/fr\/wp-json\/wp\/v2\/tags?post=547378"}],"curies":[{"name":"wp","href":"https:\/\/api.w.org\/{rel}","templated":true}]}}