{"id":547381,"date":"2025-11-20T18:18:31","date_gmt":"2025-11-20T18:18:31","guid":{"rendered":"https:\/\/www.europesays.com\/fr\/547381\/"},"modified":"2025-11-20T18:18:31","modified_gmt":"2025-11-20T18:18:31","slug":"pro-d2-romain-trouilloud-va-quitter-le-fcg-pour-rejoindre-provence-rugby","status":"publish","type":"post","link":"https:\/\/www.europesays.com\/fr\/547381\/","title":{"rendered":"Pro D2. Romain Trouilloud va quitter le FCG pour rejoindre Provence Rugby"},"content":{"rendered":"<p>Les grandes man\u0153uvres ont commenc\u00e9, en vue de la saison 2026-2027 de rugby, et le FC Grenoble n\u2019\u00e9chappe pas \u00e0 la r\u00e8gle. Et la premi\u00e8re nouvelle qui vient noircir la rubrique \u201cmercato\u201d ne va pas forc\u00e9ment ravir les supporters rouge et bleu.<\/p>\n<p>Selon diff\u00e9rentes sources, Romain Trouilloud a donn\u00e9 son accord \u00e0 Provence Rugby (Pro D2) pour rejoindre le club aixois \u00e0 compter de la saison 2026-2027.<\/p>\n<p>Une sacr\u00e9e belle prise pour le club proven\u00e7al car le joueur de 25 ans figurait la saison pass\u00e9e parmi le XV type du championnat de Pro D2. Un championnat qu\u2019il a d\u00e9couvert lors de la saison 2020-2021 et dont il est devenu, au fil des ann\u00e9es, un \u00e9l\u00e9ment phare.<\/p>\n<p>  Une \u00e9norme progression depuis quatre saisons<\/p>\n<p>Originaire de la plaine de la Bi\u00e8vre et pass\u00e9 dans ses jeunes ann\u00e9es par le CS Bourgoin-Jallieu, Romain Trouilloud a ensuite rejoint le FCG, durant ses ann\u00e9es de formation, suivant ainsi la trace de son p\u00e8re St\u00e9phane.<\/p>\n<p>En l\u2019espace de cinq saisons et demie, mais surtout \u00e0 partir de l\u2019exercice 2022-2023, l\u2019a\u00een\u00e9 des fr\u00e8res Trouilloud a disput\u00e9 89 matchs professionnels avec son club formateur (dont 70 comme titulaires), inscrivant la bagatelle de 452 points (<a title=\"rugby Pro D2 23-24 stats FCG\" href=\"https:\/\/www.ledauphine.com\/sport\/2023\/08\/21\/les-stats-du-fcg-en-pro-d2\" target=\"_blank\" rel=\"noopener\">son record personnel\u00a0: 169 points en 2023-2024<\/a>).<\/p>\n<p>Au-del\u00e0 des statistiques, Romain Trouilloud avait clairement particip\u00e9 \u00e0 la mont\u00e9e en puissance du club grenoblois, finaliste du championnat de Pro D2 en 2023, 2024 et 2025.<\/p>\n<p>En fin de saison pass\u00e9e, lors du Top 14 Access match face \u00e0 Perpignan (11-13), il a pass\u00e9 une p\u00e9nalit\u00e9 en toute fin de match, qui avait bien failli exp\u00e9dier le FCG dans l\u2019\u00e9lite.<\/p>\n<p>  Il a repouss\u00e9 une offre de prolongation du FCG<\/p>\n<p>Son importance majeure dans l\u2019effectif dauphinois, sportivement et humainement, a pouss\u00e9 les dirigeants grenoblois \u00e0 lui offrir une (belle) prolongation de contrat.<\/p>\n<p>Selon nos informations, Romain Trouilloud a d\u00e9clin\u00e9 cette offre, pour accepter celle de Provence Rugby, qui lui a propos\u00e9 un contrat de trois saisons.<\/p>\n<p>Actuellement en convalescence, <a title=\"rugby Pro D2 FCG - Provence blessure R. Trouilloud\" href=\"https:\/\/www.ledauphine.com\/sport\/2025\/10\/07\/fcg-deux-blesses-graves-face-a-provence-bientot-des-jokers\" target=\"_blank\" rel=\"noopener\">apr\u00e8s une blessure au plancher orbital d\u00e9but octobre, suivie d\u2019une op\u00e9ration<\/a>, Romain Trouilloud devrait reprendre la comp\u00e9tition d\u00e9but d\u00e9cembre. Et finir ensuite la saison 2025-2026 avec les Rouge et Bleu.<\/p>\n","protected":false},"excerpt":{"rendered":"Les grandes man\u0153uvres ont commenc\u00e9, en vue de la saison 2026-2027 de rugby, et le FC Grenoble n\u2019\u00e9chappe&hellip;\n","protected":false},"author":2,"featured_media":547382,"comment_status":"","ping_status":"","sticky":false,"template":"","format":"standard","meta":{"footnotes":""},"categories":[1416],"tags":[112,113,114,2727,1701,1011,27,2731,2732,108,1985,2308,479,1468,517,1947,60],"class_list":{"0":"post-547381","1":"post","2":"type-post","3":"status-publish","4":"format-standard","5":"has-post-thumbnail","7":"category-rugby","8":"tag-edition-grenoble-agglomeration","9":"tag-edition-gresivaudan-oisans","10":"tag-edition-voiron-saint-marcellin","11":"tag-fcg-fc-grenoble-rugby","12":"tag-fil-info-sport","13":"tag-fr","14":"tag-france","15":"tag-grenoble","16":"tag-grenoble-bassin","17":"tag-isere","18":"tag-metropole-de-grenoble","19":"tag-pro-d2","20":"tag-rugby","21":"tag-rugby-football","22":"tag-sport","23":"tag-sport-national","24":"tag-sports"},"share_on_mastodon":{"url":"https:\/\/pubeurope.com\/@fr\/115583405592278219","error":""},"_links":{"self":[{"href":"https:\/\/www.europesays.com\/fr\/wp-json\/wp\/v2\/posts\/547381","targetHints":{"allow":["GET"]}}],"collection":[{"href":"https:\/\/www.europesays.com\/fr\/wp-json\/wp\/v2\/posts"}],"about":[{"href":"https:\/\/www.europesays.com\/fr\/wp-json\/wp\/v2\/types\/post"}],"author":[{"embeddable":true,"href":"https:\/\/www.europesays.com\/fr\/wp-json\/wp\/v2\/users\/2"}],"replies":[{"embeddable":true,"href":"https:\/\/www.europesays.com\/fr\/wp-json\/wp\/v2\/comments?post=547381"}],"version-history":[{"count":0,"href":"https:\/\/www.europesays.com\/fr\/wp-json\/wp\/v2\/posts\/547381\/revisions"}],"wp:featuredmedia":[{"embeddable":true,"href":"https:\/\/www.europesays.com\/fr\/wp-json\/wp\/v2\/media\/547382"}],"wp:attachment":[{"href":"https:\/\/www.europesays.com\/fr\/wp-json\/wp\/v2\/media?parent=547381"}],"wp:term":[{"taxonomy":"category","embeddable":true,"href":"https:\/\/www.europesays.com\/fr\/wp-json\/wp\/v2\/categories?post=547381"},{"taxonomy":"post_tag","embeddable":true,"href":"https:\/\/www.europesays.com\/fr\/wp-json\/wp\/v2\/tags?post=547381"}],"curies":[{"name":"wp","href":"https:\/\/api.w.org\/{rel}","templated":true}]}}