{"id":547389,"date":"2025-11-20T18:25:18","date_gmt":"2025-11-20T18:25:18","guid":{"rendered":"https:\/\/www.europesays.com\/fr\/547389\/"},"modified":"2025-11-20T18:25:18","modified_gmt":"2025-11-20T18:25:18","slug":"je-naime-pas-quon-me","status":"publish","type":"post","link":"https:\/\/www.europesays.com\/fr\/547389\/","title":{"rendered":"\u201cJe n\u2019aime pas qu\u2019on me\u2026\u201d"},"content":{"rendered":"<p><strong>\u00c8ve Gilles<\/strong> est devenue en quelques mois l\u2019une<br \/>\ndes Miss France les plus m\u00e9diatis\u00e9es depuis longtemps.<br \/>\n<strong>Originaire de Dunkerque, la vingtenaire a frapp\u00e9 fort en<br \/>\ngardant une coupe de cheveux \u00e0 la gar\u00e7onne.<\/strong> Un geste<br \/>\nf\u00e9minin, voire f\u00e9ministe, fort, qui lui a valu d\u2019\u00eatre victime de<br \/>\n<strong>body shaming<\/strong> de la part d\u2019une partie des<br \/>\ninternautes. En ce moment, la reine de beaut\u00e9, <strong>Miss France<br \/>\n2024<\/strong>, se pr\u00e9pare pour l\u2019\u00e9lection de <strong>Miss Monde<br \/>\n2025<\/strong>. Toutefois, elle reste relativement discr\u00e8te dans les<br \/>\nm\u00e9dias.<\/p>\n<p>\u00c8ve Gilles, une jeunesse dans le nord frapp\u00e9e par la<br \/>\nmaladie<\/p>\n<p>N\u00e9e \u00e0 Dunkerque, en 2003, \u00c8ve Gilles grandit parmi les siens<br \/>\ndans la commune de Qua\u00ebdypre. Un nom qui la fait rire encore<br \/>\naujourd\u2019hui tant les gens ne savent pas le prononcer correctement.<br \/>\n<strong>Celle-ci a des origines r\u00e9unionnaises, par sa m\u00e8re, dont<br \/>\nelle est tr\u00e8s fi\u00e8re.<\/strong> Sa famille maternelle, de<br \/>\nfacto, provient de Sainte-Marie. En outre, \u00c8ve Gilles a de la<br \/>\nfamille \u00e0 La R\u00e9union. C\u2019est la petite derni\u00e8re apr\u00e8s ses deux<br \/>\ns\u0153urs, <strong>Lisa<\/strong> et <strong>Lucie<\/strong>.<\/p>\n<p>\u00c8ve Gilles passe une jeunesse sans histoire dans le nord de la<br \/>\nFrance. Ou presque. La jeune femme, depuis ses 8 ans, est atteinte<br \/>\nd\u2019une maladie peu connue. <strong>Il s\u2019agit de dyskin\u00e9sie<br \/>\nparoxystique.<\/strong> Comprendre : <strong>une maladie g\u00e9n\u00e9tique<br \/>\nprovoquant des mouvements involontaires ou brusques.<\/strong> Les<br \/>\nsympt\u00f4mes sont cens\u00e9s toucher plut\u00f4t les gar\u00e7ons d\u00a0\u00bbhabitude et<br \/>\ndisparaissent en grandissant. On traite la dyskin\u00e9sie comme<br \/>\nl\u2019\u00e9pilepsie.<\/p>\n<p>\u00c8ve Gilles : son parcours exemplaire dans le monde des<br \/>\nMiss<\/p>\n<p>Au d\u00e9part, apr\u00e8s des \u00e9tudes de math\u00e9matiques et d\u2019informatique,<br \/>\n\u00c8ve Gilles se voit bien devenir <strong>statisticienne<\/strong>.<br \/>\nMais la vie va en d\u00e9cider autrement. La jeune femme pr\u00e9sente une<br \/>\ncertaine app\u00e9tence pour le monde des Miss et les concours de<br \/>\nbeaut\u00e9. <strong>En 2023, elle met un premier pied dans le grand<br \/>\nbain en devenant Miss Nord-Pas-de-Calais.<\/strong> Elle est<br \/>\n\u00e9galement, \u00e0 ce moment-l\u00e0, la premi\u00e8re dauphine de <strong>Miss<br \/>\nFrance 2023<\/strong> : <strong>Indira Ampiot<\/strong>.<\/p>\n<p>L\u2019ann\u00e9e suivante, \u00c8ve Gilles est \u00e9lue Miss France 2024.<br \/>\n<strong>C\u2019est la 94\u00e8me Miss France de l\u2019Histoire et surtout la 4\u00e8me<br \/>\noriginaire de Nord-Pas-de-Calais \u00e0 gagner les pr\u00e9cieuses couronne<br \/>\net \u00e9charpe.<\/strong> Plus surprenant, c\u2019est la premi\u00e8re femme aux<br \/>\ncheveux courts \u00e0 \u00eatre \u00e9lue en tant que Miss France. Un d\u00e9tail pour<br \/>\nvous qui toutefois veut dire beaucoup. Il a fallu attendre 2024<br \/>\npour casser cette image-l\u00e0. Malheureusement, cela lui a port\u00e9<br \/>\npr\u00e9judice\u2026<\/p>\n<p>La reine de beaut\u00e9 \u00e9voque sans fard un<br \/>\ntrait de caract\u00e8re fort<\/p>\n<p>De fait, \u00c8ve Gilles a subi \u00e9norm\u00e9ment de critiques et plus<br \/>\nlargement de cyberharc\u00e8lement \u00e0 propos de son apparence<br \/>\nphysique<strong>. \u00c0 commencer par ses cheveux rappelant la grande<br \/>\nactrice d\u2019\u00c0 bout de souffle, Jean Seberg, face \u00e0 Belmondo<br \/>\ndans le film culte<\/strong>. \u00c8ve Gilles, de son c\u00f4t\u00e9, explique,<br \/>\ndans une interview, qu\u2019elle s\u2019est prot\u00e9g\u00e9e de tous les commentaires<br \/>\nn\u00e9gatifs en ligne \u00e0 son encontre. <strong><a href=\"https:\/\/www.melty.fr\/people\/nathalie-marquay-arretez-de-nous-casser-les-c-ce-jour-ou-elle-a-clashe-violemment-genevieve-de-fontenay-2206991.html\" rel=\"nofollow noopener\" target=\"_blank\"><br \/>\nEt que le Comit\u00e9 de Miss France<\/a> fait office de<br \/>\n\u201cbouclier\u201d face \u00e0 la haine 2.0 des r\u00e9seaux<br \/>\nsociaux.<\/strong><\/p>\n<p>Dans une interview accord\u00e9e au <strong>Parisien<\/strong>, en<br \/>\noctobre dernier, \u00c8ve Gilles revient sur une pol\u00e9mique li\u00e9e \u00e0 une<br \/>\nenqu\u00eate port\u00e9e sur des faits de harc\u00e8lement sexuel au c\u0153ur des<br \/>\nMiss. \u201cMoi, j\u2019ai toujours \u00e9t\u00e9 ultra-prot\u00e9g\u00e9e et tr\u00e8s en<br \/>\ns\u00e9curit\u00e9 en \u00e9tant Miss France.\u201d, explique l\u2019int\u00e9ress\u00e9 au<br \/>\njournal. Avant d\u2019ajouter : \u201cSi quelque chose ne me convient<br \/>\npas, je le dis.\u201d Celle qui va concourir \u00e0 Miss Monde 2025<br \/>\nlaisse ainsi transpara\u00eetre un trait de caract\u00e8re particulier mais<br \/>\nfort : \u201c<strong>Par exemple, je ne suis pas tactile et je<br \/>\nn\u2019aime pas qu\u2019on me touche, m\u00eame maladroitement<\/strong><br \/>\n[&#8230;]\u201d Vous l\u2019aurez compris, si l\u2019on en croit ses dires, \u00c8ve Gilles<br \/>\nn\u2019est pas du genre \u00e0 se laisser marcher sur les pieds. Ou toucher<br \/>\ntout court.<\/p>\n","protected":false},"excerpt":{"rendered":"\u00c8ve Gilles est devenue en quelques mois l\u2019une des Miss France les plus m\u00e9diatis\u00e9es depuis longtemps. Originaire de&hellip;\n","protected":false},"author":2,"featured_media":547390,"comment_status":"","ping_status":"","sticky":false,"template":"","format":"standard","meta":{"footnotes":""},"categories":[1359],"tags":[905,58,59,62973,1011,27,973],"class_list":{"0":"post-547389","1":"post","2":"type-post","3":"status-publish","4":"format-standard","5":"has-post-thumbnail","7":"category-people","8":"tag-a-la-une-melty","9":"tag-divertissement","10":"tag-entertainment","11":"tag-eve-gilles","12":"tag-fr","13":"tag-france","14":"tag-people"},"share_on_mastodon":{"url":"https:\/\/pubeurope.com\/@fr\/115583433145045264","error":""},"_links":{"self":[{"href":"https:\/\/www.europesays.com\/fr\/wp-json\/wp\/v2\/posts\/547389","targetHints":{"allow":["GET"]}}],"collection":[{"href":"https:\/\/www.europesays.com\/fr\/wp-json\/wp\/v2\/posts"}],"about":[{"href":"https:\/\/www.europesays.com\/fr\/wp-json\/wp\/v2\/types\/post"}],"author":[{"embeddable":true,"href":"https:\/\/www.europesays.com\/fr\/wp-json\/wp\/v2\/users\/2"}],"replies":[{"embeddable":true,"href":"https:\/\/www.europesays.com\/fr\/wp-json\/wp\/v2\/comments?post=547389"}],"version-history":[{"count":0,"href":"https:\/\/www.europesays.com\/fr\/wp-json\/wp\/v2\/posts\/547389\/revisions"}],"wp:featuredmedia":[{"embeddable":true,"href":"https:\/\/www.europesays.com\/fr\/wp-json\/wp\/v2\/media\/547390"}],"wp:attachment":[{"href":"https:\/\/www.europesays.com\/fr\/wp-json\/wp\/v2\/media?parent=547389"}],"wp:term":[{"taxonomy":"category","embeddable":true,"href":"https:\/\/www.europesays.com\/fr\/wp-json\/wp\/v2\/categories?post=547389"},{"taxonomy":"post_tag","embeddable":true,"href":"https:\/\/www.europesays.com\/fr\/wp-json\/wp\/v2\/tags?post=547389"}],"curies":[{"name":"wp","href":"https:\/\/api.w.org\/{rel}","templated":true}]}}