{"id":547393,"date":"2025-11-20T18:28:20","date_gmt":"2025-11-20T18:28:20","guid":{"rendered":"https:\/\/www.europesays.com\/fr\/547393\/"},"modified":"2025-11-20T18:28:20","modified_gmt":"2025-11-20T18:28:20","slug":"canal-conserve-lintegralite-des-droits-tv-des-coupes-deurope-pour-le-territoire-francais-dont-celles-de-la-ligue-des-champions-pour-la-periode-2027-2031","status":"publish","type":"post","link":"https:\/\/www.europesays.com\/fr\/547393\/","title":{"rendered":"Canal+ conserve l&rsquo;int\u00e9gralit\u00e9 des droits TV des Coupes d&rsquo;Europe pour le territoire fran\u00e7ais, dont celles de la Ligue des champions, pour la p\u00e9riode 2027-2031"},"content":{"rendered":"<p>Canal+ a conserv\u00e9 l&rsquo;int\u00e9gralit\u00e9 des droits TV des Coupes d&rsquo;Europe pour le territoire fran\u00e7ais, dont celles de la Ligue des champions, pour la p\u00e9riode 2027-2031, a-t-on appris jeudi de source proche du dossier.<\/p>\n<p>Canal+, qui d\u00e9boursait 480 millions d&rsquo;euros par saison pour diffuser en France les trois comp\u00e9titions europ\u00e9ennes (Ligue des champions, Ligue Europa, Ligue Conference), a gard\u00e9 son exclusivit\u00e9 \u00e0 un prix \u00ab\u00a0l\u00e9g\u00e8rement inf\u00e9rieur au contrat en cours\u00a0\u00bb, selon la m\u00eame source.<\/p>\n","protected":false},"excerpt":{"rendered":"Canal+ a conserv\u00e9 l&rsquo;int\u00e9gralit\u00e9 des droits TV des Coupes d&rsquo;Europe pour le territoire fran\u00e7ais, dont celles de la&hellip;\n","protected":false},"author":2,"featured_media":547394,"comment_status":"","ping_status":"","sticky":false,"template":"","format":"standard","meta":{"footnotes":""},"categories":[1356],"tags":[10474,58,2483,59,63,1011,27,447,252,1364],"class_list":{"0":"post-547393","1":"post","2":"type-post","3":"status-publish","4":"format-standard","5":"has-post-thumbnail","7":"category-television","8":"tag-canal","9":"tag-divertissement","10":"tag-droits","11":"tag-entertainment","12":"tag-football","13":"tag-fr","14":"tag-france","15":"tag-ligue-des-champions","16":"tag-television","17":"tag-tv"},"share_on_mastodon":{"url":"https:\/\/pubeurope.com\/@fr\/115583444906836105","error":""},"_links":{"self":[{"href":"https:\/\/www.europesays.com\/fr\/wp-json\/wp\/v2\/posts\/547393","targetHints":{"allow":["GET"]}}],"collection":[{"href":"https:\/\/www.europesays.com\/fr\/wp-json\/wp\/v2\/posts"}],"about":[{"href":"https:\/\/www.europesays.com\/fr\/wp-json\/wp\/v2\/types\/post"}],"author":[{"embeddable":true,"href":"https:\/\/www.europesays.com\/fr\/wp-json\/wp\/v2\/users\/2"}],"replies":[{"embeddable":true,"href":"https:\/\/www.europesays.com\/fr\/wp-json\/wp\/v2\/comments?post=547393"}],"version-history":[{"count":0,"href":"https:\/\/www.europesays.com\/fr\/wp-json\/wp\/v2\/posts\/547393\/revisions"}],"wp:featuredmedia":[{"embeddable":true,"href":"https:\/\/www.europesays.com\/fr\/wp-json\/wp\/v2\/media\/547394"}],"wp:attachment":[{"href":"https:\/\/www.europesays.com\/fr\/wp-json\/wp\/v2\/media?parent=547393"}],"wp:term":[{"taxonomy":"category","embeddable":true,"href":"https:\/\/www.europesays.com\/fr\/wp-json\/wp\/v2\/categories?post=547393"},{"taxonomy":"post_tag","embeddable":true,"href":"https:\/\/www.europesays.com\/fr\/wp-json\/wp\/v2\/tags?post=547393"}],"curies":[{"name":"wp","href":"https:\/\/api.w.org\/{rel}","templated":true}]}}