{"id":547397,"date":"2025-11-20T18:30:16","date_gmt":"2025-11-20T18:30:16","guid":{"rendered":"https:\/\/www.europesays.com\/fr\/547397\/"},"modified":"2025-11-20T18:30:16","modified_gmt":"2025-11-20T18:30:16","slug":"une-premiere-bande-annonce-et-deja-des-frissons","status":"publish","type":"post","link":"https:\/\/www.europesays.com\/fr\/547397\/","title":{"rendered":"une premi\u00e8re bande-annonce et d\u00e9j\u00e0 des frissons"},"content":{"rendered":"<p>Un an avant sa sortie, le nouveau prequel de la saga, centr\u00e9 sur la figure d\u2019Haymitch, se d\u00e9voile dans une bande-annonce \u00e9pique o\u00f9 tous les codes du genre sont c\u00e9l\u00e9br\u00e9s.<\/p>\n<p>A-t-on vu trop de Hunger Games? Assur\u00e9ment non \u00e0 regarder le premier teaser mis en ligne ce jeudi par Metropolitan. Le sixi\u00e8me volet de la saga r\u00e9alis\u00e9e par Francis Lawrence (\u00e0 l\u2019exception du premier), baptis\u00e9 Lever de soleil sur la moisson, sorte de prequel consacr\u00e9 au personnage d\u2019Haymitch &#8211; le c\u00e9l\u00e8bre mentor alcoolique de Katniss et Peeta, les deux figures embl\u00e9matiques du d\u00e9but de la franchise, camp\u00e9s par <a href=\"https:\/\/www.bfmtv.com\/people\/cinema\/hunger-games-jennifer-lawrence-adorerait-reprendre-le-role-de-katniss-everdeen_AN-202306100243.html\" title=\"&quot;Hunger Games&quot;: Jennifer Lawrence adorerait reprendre le r\u00f4le de Katniss Everdeen\" class=\"internal_link\" rel=\"nofollow noopener\" target=\"_blank\">Jennifer Lawrence<\/a> et Josh Hutcherson -, est programm\u00e9 pour le 25 novembre 2026.<\/p>\n<p>\u00c0 l\u2019image, tout ce qui fait la r\u00e9ussite de la franchise depuis son lancement en 2012: des jeux qui se situent dans un immense d\u00e9cor (montagneux cette fois), de l\u2019action, des personnages pr\u00eats \u00e0 tout (ou presque) pour survivre, des prairies vertes, des dilemmes moraux impossibles et de l\u2019\u00e9motion n\u00e9e du chaos.<\/p>\n<\/p>\n<p>L\u2019intrigue se d\u00e9roule quarante apr\u00e8s les \u00e9v\u00e9nements du dernier opus, <a href=\"https:\/\/www.bfmtv.com\/people\/cinema\/la-saga-hunger-games-fait-son-grand-retour-au-cinema_AV-202311150259.html\" title=\"La saga &quot;Hunger Games&quot; fait son grand retour au cin\u00e9ma\" class=\"internal_link\" rel=\"nofollow noopener\" target=\"_blank\">sorti en novembre 2023<\/a>, mais trente ans avant ceux du premier film de la franchise. Elle raconte les 50e Hunger Games qui ont vu s\u2019affronter, exceptionnellement, deux fois plus de tributs. Dans le District 12, les r\u00eaves de vie tranquille de Haymitch Abernathy s\u2019\u00e9vanouissent lorsqu&rsquo;il est appel\u00e9 pour les jeux. Arrach\u00e9 \u00e0 sa famille et \u00e0 son amour, transport\u00e9 jusqu\u2019au Capitole, il rencontre alors les trois autres tributs du District 12 tir\u00e9s au sort: une jeune amie qui est presque une s\u0153ur pour lui, un parieur compulsif et la fille la plus pr\u00e9tentieuse de la ville. Mais lorsque les Jeux commencent, Haymitch comprend qu&rsquo;il a \u00e9t\u00e9 pi\u00e9g\u00e9 pour \u00e9chouer.<\/p>\n<p>Pour rappel, ce nouvel opus avait surpris les fans car il avait \u00e9t\u00e9 lanc\u00e9 en juin 2024, en parall\u00e8le de l\u2019annonce du prochain roman de la saga de Suzanne Collins. Ce dernier a donc seulement \u00e9t\u00e9 <a href=\"https:\/\/www.bfmtv.com\/culture\/video-hunger-games-le-carton-dementiel-du-nouveau-livre-de-la-saga-sunrise-on-the-reaping_VN-202506180114.html\" title=\"&quot;Hunger Games&quot;: le carton d\u00e9mentiel du nouveau livre de la saga, Sunrise on the Reaping\" class=\"internal_link\" rel=\"nofollow noopener\" target=\"_blank\">publi\u00e9 il y a quelques mois<\/a>, en mars dernier.<\/p>\n<p>Au casting de ce nouveau volet, de c\u00e9l\u00e8bres acteurs endossent les r\u00f4les plut\u00f4t secondaires, comme Ralph Fiennes dans la peau du jeune et impitoyable pr\u00e9sident Snow, <a href=\"https:\/\/www.bfmtv.com\/people\/cinema\/le-film-civil-war-continue-de-dominer-le-box-office-nord-americain_AD-202404220024.html\" title=\"Le film &quot;Civil War&quot; continue de dominer le box-office nord-am\u00e9ricain\" class=\"internal_link\" rel=\"nofollow noopener\" target=\"_blank\">Jesse Plemons<\/a> dans celle du jeune Plutarch, Glenn Close en Drusilla Sickle, l\u2019h\u00f4tesse du District 12, ou encore <a href=\"https:\/\/www.bfmtv.com\/people\/cinema\/cannes-2019-elle-fanning-enki-bilal-et-yorgos-lanthimos-membres-du-jury_AN-201904290095.html\" title=\"Cannes 2019: Elle Fanning, Enki Bilal et Y\u00f3rgos L\u00e1nthimos membres du jury\" class=\"internal_link\" rel=\"nofollow noopener\" target=\"_blank\">Elle Fanning<\/a> en Eddie Trinket. Les deux h\u00e9ros du film sont quant \u00e0 eux incarn\u00e9s par deux jeunes acteurs, Joseph Zada (le jeune Haymitch) et Whitney Peak (sa petite-amie).<\/p>\n","protected":false},"excerpt":{"rendered":"Un an avant sa sortie, le nouveau prequel de la saga, centr\u00e9 sur la figure d\u2019Haymitch, se d\u00e9voile&hellip;\n","protected":false},"author":2,"featured_media":547398,"comment_status":"","ping_status":"","sticky":false,"template":"","format":"standard","meta":{"footnotes":""},"categories":[1354],"tags":[58,59,1346,1011,27,1360],"class_list":{"0":"post-547397","1":"post","2":"type-post","3":"status-publish","4":"format-standard","5":"has-post-thumbnail","7":"category-films","8":"tag-divertissement","9":"tag-entertainment","10":"tag-films","11":"tag-fr","12":"tag-france","13":"tag-movies"},"share_on_mastodon":{"url":"https:\/\/pubeurope.com\/@fr\/115583452724948833","error":""},"_links":{"self":[{"href":"https:\/\/www.europesays.com\/fr\/wp-json\/wp\/v2\/posts\/547397","targetHints":{"allow":["GET"]}}],"collection":[{"href":"https:\/\/www.europesays.com\/fr\/wp-json\/wp\/v2\/posts"}],"about":[{"href":"https:\/\/www.europesays.com\/fr\/wp-json\/wp\/v2\/types\/post"}],"author":[{"embeddable":true,"href":"https:\/\/www.europesays.com\/fr\/wp-json\/wp\/v2\/users\/2"}],"replies":[{"embeddable":true,"href":"https:\/\/www.europesays.com\/fr\/wp-json\/wp\/v2\/comments?post=547397"}],"version-history":[{"count":0,"href":"https:\/\/www.europesays.com\/fr\/wp-json\/wp\/v2\/posts\/547397\/revisions"}],"wp:featuredmedia":[{"embeddable":true,"href":"https:\/\/www.europesays.com\/fr\/wp-json\/wp\/v2\/media\/547398"}],"wp:attachment":[{"href":"https:\/\/www.europesays.com\/fr\/wp-json\/wp\/v2\/media?parent=547397"}],"wp:term":[{"taxonomy":"category","embeddable":true,"href":"https:\/\/www.europesays.com\/fr\/wp-json\/wp\/v2\/categories?post=547397"},{"taxonomy":"post_tag","embeddable":true,"href":"https:\/\/www.europesays.com\/fr\/wp-json\/wp\/v2\/tags?post=547397"}],"curies":[{"name":"wp","href":"https:\/\/api.w.org\/{rel}","templated":true}]}}