{"id":547411,"date":"2025-11-20T18:38:51","date_gmt":"2025-11-20T18:38:51","guid":{"rendered":"https:\/\/www.europesays.com\/fr\/547411\/"},"modified":"2025-11-20T18:38:51","modified_gmt":"2025-11-20T18:38:51","slug":"un-directeur-decole-menace-de-mort-par-une-famille-qui-refuse-un-enseignant-homme-pour-leur-fille","status":"publish","type":"post","link":"https:\/\/www.europesays.com\/fr\/547411\/","title":{"rendered":"un directeur d&rsquo;\u00e9cole menac\u00e9 de mort par une famille qui refuse un enseignant homme pour leur fille"},"content":{"rendered":"<p>                    Par<br \/>\n        <strong><br \/>\n            <a href=\"https:\/\/actu.fr\/auteur\/brian-legoff\" title=\"Consulter tous les articles de Brian Le Goff\" rel=\"nofollow noopener\" target=\"_blank\">Brian Le Goff<\/a><br \/>\n                    <\/strong><\/p>\n<p>        Publi\u00e9 le<\/p>\n<p>            20 nov. 2025 \u00e0 17h40        <\/p>\n<p>Le <strong>directeur et enseignant de l\u2019\u00e9cole maternelle publique Cloteaux<\/strong> de Rennes a \u00e9t\u00e9 victime de propos mena\u00e7ants, allant jusqu\u2019\u00e0 la mort, de la part d\u2019une famille qui refuse que leur fille soit encadr\u00e9e par un homme, ce qui a <strong>fait l\u2019objet d\u2019une plainte<\/strong>, a-t-on appris jeudi 20\u00a0novembre 2025 de sources concordantes.<\/p>\n<p class=\" wall-content\">Le vendredi 10\u00a0octobre, le directeur de l\u2019\u00e9cole, install\u00e9e dans le sud de la ville, \u00ab\u2009a subi de graves menaces de la part d\u2019une famille de l\u2019\u00e9cole. Ces menaces \u00e9taient accompagn\u00e9es de <strong>propos relevants de l\u2019outrage sexiste, de la diffamation et du m\u00e9pris\u2009\u00bb<\/strong>, \u00e9crivent des membres de l\u2019\u00e9quipe \u00e9ducative dans un tract que l\u2019AFP et <a href=\"https:\/\/actu.fr\/rennes\/\" rel=\"nofollow noopener\" target=\"_blank\">actu Rennes<\/a> ont pu consulter.<\/p>\n<p class=\" wall-content\">Selon des sources syndicales, les parents refusaient qu\u2019un homme, le directeur en l\u2019occurrence, puisse enseigner \u00e0 leur fille et demandaient qu\u2019elle change de classe pour b\u00e9n\u00e9ficier d\u2019un encadrement strictement f\u00e9minin. <strong>Aucune des sources interrog\u00e9es<\/strong> par l\u2019AFP n\u2019\u00e9tait <strong>en mesure de se prononcer sur les raisons<\/strong> de cette demande.<\/p>\n<p>\u00ab\u2009Pas un motif religieux\u2009\u00bb<\/p>\n<p class=\" wall-content\">\u00ab\u2009En l\u2019occurrence, ce n\u2019est<strong> pas un motif religieux\u2009\u00bb<\/strong>, a assur\u00e9 \u00e0 des journalistes le <strong>ministre de l\u2019\u00c9ducation<\/strong>, \u00c9douard Geffray, en marge d\u2019un d\u00e9placement dans une \u00e9cole de Villeurbanne (Rh\u00f4ne).<\/p>\n<p class=\" wall-content\">Le<strong> p\u00e8re de famille<\/strong> aurait notamment lanc\u00e9 au directeur, qui avait rejet\u00e9 cette demande, \u00eatre <strong>pr\u00eat \u00e0 faire de la prison s\u2019il devait s\u2019en prendre \u00e0 lui pour obtenir gain de cause<\/strong>. Choqu\u00e9, l\u2019enseignant est en arr\u00eat de travail depuis.<\/p>\n<blockquote class=\"ac-article-quote wall-content\">\n<p>La situation est connue et fait l&rsquo;objet d&rsquo;un suivi attentif et continu par les services acad\u00e9miques depuis son signalement en octobre, souligne le rectorat de Rennes. La famille a \u00e9t\u00e9 imm\u00e9diatement convoqu\u00e9e afin de proc\u00e9der \u00e0 un rappel du cadre l\u00e9gal et a reconnu avoir eu des propos mena\u00e7ants. Un d\u00e9p\u00f4t de plainte a \u00e9t\u00e9 r\u00e9alis\u00e9 ainsi qu&rsquo;un signalement \u00e0 la justice en vertu de l&rsquo;article 40 du code de proc\u00e9dure p\u00e9nale.<\/p>\n<p>    <strong>Rectorat de Rennes<\/strong>\n            <\/p><\/blockquote>\n<p class=\" wall-content\">Sollicit\u00e9 par l\u2019AFP au sujet de cette plainte, le parquet de Rennes n\u2019avait pas r\u00e9pondu \u00e0 la mi-journ\u00e9e.<\/p>\n<p>Votre r\u00e9gion, votre actu !<\/p>\n<p>Recevez chaque jour les infos qui comptent pour vous.<\/p>\n<p>\t<a href=\"https:\/\/actu.fr\/newsletter\" class=\"ac-btn ac-btn--corner ac-btn--medium ac-btn--blue800\" rel=\"nofollow noopener\" target=\"_blank\">S&rsquo;incrire<\/a><br \/>\nLe ministre r\u00e9agit<\/p>\n<p class=\" wall-content\">De son c\u00f4t\u00e9, l\u2019\u00e9quipe \u00e9ducative de l\u2019\u00e9cole maternelle estime dans son tract que<strong> \u00ab\u2009le lien de confiance avec cette famille est rompu\u2009\u00bb<\/strong> et demande que l\u2019enfant soit scolaris\u00e9e dans un autre \u00e9tablissement.<\/p>\n<p class=\" wall-content\">L\u2019\u00e9cole sera <strong>en gr\u00e8ve vendredi<\/strong> afin d\u2019alerter sa \u00ab\u2009hi\u00e9rarchie\u2009\u00bb et marquer son soutien au directeur \u00ab\u2009qui traverse des moments difficiles\u2009\u00bb.<\/p>\n<blockquote class=\"ac-article-quote wall-content\">\n<p>Le directeur d&rsquo;\u00e9cole avait raison. Il a donc tout mon soutien et tout le soutien de l&rsquo;institution. L&rsquo;\u00e9cole, ce n&rsquo;est pas le supermarch\u00e9 des revendications individuelles. Donc on ne peut pas avoir des gens qui, en arrivant \u00e0 l&rsquo;\u00e9cole, veulent ceci ou veulent cela (&#8230;) L&rsquo;\u00e9cole de la R\u00e9publique, c&rsquo;est la m\u00eame pour tous et c&rsquo;est sa force.<\/p>\n<p>    <strong>Edouard Geffray<\/strong><br \/>\n        Ministre de l&rsquo;Education    <\/p><\/blockquote>\n<p class=\" wall-content\"><strong>Avec AFP<\/strong><\/p>\n<p class=\" wall-content\">Personnalisez votre actualit\u00e9 en ajoutant vos villes et m\u00e9dias en favori avec <a href=\"https:\/\/moncompte.actu.fr\" title=\"D\u00e9couvez Mon Actu\" rel=\"nofollow noopener\" data-trk=\"{&quot;cta&quot;:{&quot;action&quot;:&quot;https:\\\/\\\/moncompte.actu.fr&quot;,&quot;category&quot;:&quot;mon compte&quot;,&quot;from&quot;:&quot;article footer&quot;,&quot;name&quot;:&quot;Mon actu&quot;,&quot;type&quot;:&quot;cta&quot;}}\" target=\"_blank\">Mon Actu<\/a>.<\/p>\n","protected":false},"excerpt":{"rendered":"Par Brian Le Goff Publi\u00e9 le 20 nov. 2025 \u00e0 17h40 Le directeur et enseignant de l\u2019\u00e9cole maternelle&hellip;\n","protected":false},"author":2,"featured_media":547412,"comment_status":"","ping_status":"","sticky":false,"template":"","format":"standard","meta":{"footnotes":""},"categories":[4],"tags":[11,4019,1057,1719,118,1011,27,12,25],"class_list":{"0":"post-547411","1":"post","2":"type-post","3":"status-publish","4":"format-standard","5":"has-post-thumbnail","7":"category-france","8":"tag-actualites","9":"tag-ecoles","10":"tag-education","11":"tag-enfants","12":"tag-faits-divers","13":"tag-fr","14":"tag-france","15":"tag-news","16":"tag-republique-francaise"},"share_on_mastodon":{"url":"https:\/\/pubeurope.com\/@fr\/115583488125823076","error":""},"_links":{"self":[{"href":"https:\/\/www.europesays.com\/fr\/wp-json\/wp\/v2\/posts\/547411","targetHints":{"allow":["GET"]}}],"collection":[{"href":"https:\/\/www.europesays.com\/fr\/wp-json\/wp\/v2\/posts"}],"about":[{"href":"https:\/\/www.europesays.com\/fr\/wp-json\/wp\/v2\/types\/post"}],"author":[{"embeddable":true,"href":"https:\/\/www.europesays.com\/fr\/wp-json\/wp\/v2\/users\/2"}],"replies":[{"embeddable":true,"href":"https:\/\/www.europesays.com\/fr\/wp-json\/wp\/v2\/comments?post=547411"}],"version-history":[{"count":0,"href":"https:\/\/www.europesays.com\/fr\/wp-json\/wp\/v2\/posts\/547411\/revisions"}],"wp:featuredmedia":[{"embeddable":true,"href":"https:\/\/www.europesays.com\/fr\/wp-json\/wp\/v2\/media\/547412"}],"wp:attachment":[{"href":"https:\/\/www.europesays.com\/fr\/wp-json\/wp\/v2\/media?parent=547411"}],"wp:term":[{"taxonomy":"category","embeddable":true,"href":"https:\/\/www.europesays.com\/fr\/wp-json\/wp\/v2\/categories?post=547411"},{"taxonomy":"post_tag","embeddable":true,"href":"https:\/\/www.europesays.com\/fr\/wp-json\/wp\/v2\/tags?post=547411"}],"curies":[{"name":"wp","href":"https:\/\/api.w.org\/{rel}","templated":true}]}}