{"id":547415,"date":"2025-11-20T18:41:21","date_gmt":"2025-11-20T18:41:21","guid":{"rendered":"https:\/\/www.europesays.com\/fr\/547415\/"},"modified":"2025-11-20T18:41:21","modified_gmt":"2025-11-20T18:41:21","slug":"promise-par-gael-perdriau-la-brigade-des-transports-devrait-voir-le-jour","status":"publish","type":"post","link":"https:\/\/www.europesays.com\/fr\/547415\/","title":{"rendered":"promise par Ga\u00ebl Perdriau, la brigade des transports devrait voir le jour"},"content":{"rendered":"<p>\u00ab\u00a0Une brigade de policiers municipaux d\u00e9di\u00e9s aux transports en commun sera mise en place. Ses effectifs seront aliment\u00e9s par le recrutement de policiers municipaux suppl\u00e9mentaires. Elle officiera dans les diff\u00e9rents v\u00e9hicules de transports en commun de Saint-\u00c9tienne, bus, trolleys, tramways.\u00a0\u00bb C\u2019est la promesse que faisait, en 2020, <a href=\"https:\/\/www.leprogres.fr\/p\/gael-perdriau\" target=\"_blank\" rel=\"noopener\">Ga\u00ebl Perdriau<\/a> aux St\u00e9phanois.<\/p>\n<p>Une promesse en l\u2019air\u00a0? \u00c0 ce jour, elle ne s\u2019est toujours pas concr\u00e9tis\u00e9e dans les transports st\u00e9phanois&#8230;.<\/p>\n","protected":false},"excerpt":{"rendered":"\u00ab\u00a0Une brigade de policiers municipaux d\u00e9di\u00e9s aux transports en commun sera mise en place. Ses effectifs seront aliment\u00e9s&hellip;\n","protected":false},"author":2,"featured_media":547416,"comment_status":"","ping_status":"","sticky":false,"template":"","format":"standard","meta":{"footnotes":""},"categories":[9653],"tags":[1111,11,2430,3542,1984,7539,1777,674,107,1011,27,3367,12,316,25,4001,7538,2803],"class_list":{"0":"post-547415","1":"post","2":"type-post","3":"status-publish","4":"format-standard","5":"has-post-thumbnail","7":"category-saint-etienne","8":"tag-actu","9":"tag-actualites","10":"tag-auvergne-rhone-alpes","11":"tag-circulation","12":"tag-conseil-municipal","13":"tag-edition-loire-sud","14":"tag-eu","15":"tag-europe","16":"tag-fil-info","17":"tag-fr","18":"tag-france","19":"tag-loire","20":"tag-news","21":"tag-politique","22":"tag-republique-francaise","23":"tag-saint-etienne","24":"tag-saint-etienne-ville","25":"tag-transport"},"share_on_mastodon":{"url":"https:\/\/pubeurope.com\/@fr\/115583496026849679","error":""},"_links":{"self":[{"href":"https:\/\/www.europesays.com\/fr\/wp-json\/wp\/v2\/posts\/547415","targetHints":{"allow":["GET"]}}],"collection":[{"href":"https:\/\/www.europesays.com\/fr\/wp-json\/wp\/v2\/posts"}],"about":[{"href":"https:\/\/www.europesays.com\/fr\/wp-json\/wp\/v2\/types\/post"}],"author":[{"embeddable":true,"href":"https:\/\/www.europesays.com\/fr\/wp-json\/wp\/v2\/users\/2"}],"replies":[{"embeddable":true,"href":"https:\/\/www.europesays.com\/fr\/wp-json\/wp\/v2\/comments?post=547415"}],"version-history":[{"count":0,"href":"https:\/\/www.europesays.com\/fr\/wp-json\/wp\/v2\/posts\/547415\/revisions"}],"wp:featuredmedia":[{"embeddable":true,"href":"https:\/\/www.europesays.com\/fr\/wp-json\/wp\/v2\/media\/547416"}],"wp:attachment":[{"href":"https:\/\/www.europesays.com\/fr\/wp-json\/wp\/v2\/media?parent=547415"}],"wp:term":[{"taxonomy":"category","embeddable":true,"href":"https:\/\/www.europesays.com\/fr\/wp-json\/wp\/v2\/categories?post=547415"},{"taxonomy":"post_tag","embeddable":true,"href":"https:\/\/www.europesays.com\/fr\/wp-json\/wp\/v2\/tags?post=547415"}],"curies":[{"name":"wp","href":"https:\/\/api.w.org\/{rel}","templated":true}]}}