{"id":547429,"date":"2025-11-20T18:49:11","date_gmt":"2025-11-20T18:49:11","guid":{"rendered":"https:\/\/www.europesays.com\/fr\/547429\/"},"modified":"2025-11-20T18:49:11","modified_gmt":"2025-11-20T18:49:11","slug":"de-la-zac-mosson-sud-a-ametyst-cause-commune-enquete-sur-le-terrain","status":"publish","type":"post","link":"https:\/\/www.europesays.com\/fr\/547429\/","title":{"rendered":"de la ZAC Mosson Sud \u00e0 Ametyst, Cause Commune enqu\u00eate sur le terrain"},"content":{"rendered":"<p>                    Par<br \/>\n        <strong><br \/>\n            <a href=\"https:\/\/actu.fr\/auteur\/c-nithard\" title=\"Consulter tous les articles de C\u00e9dric Nithard\" target=\"_blank\" rel=\"noopener\">C\u00e9dric Nithard<\/a><br \/>\n                    <\/strong><\/p>\n<p>        Publi\u00e9 le<\/p>\n<p>            20 nov. 2025 \u00e0 19h32        <\/p>\n<p><strong>Le mouvement citoyen Cause Commune<\/strong> a engag\u00e9 depuis plusieurs semaines son travail de terrain dans <strong>la campagne municipale \u00e0 Montpellier<\/strong>. <strong>Des enqu\u00eates habitantes<\/strong> couvrant <strong>plusieurs th\u00e9matiques<\/strong> pour lesquelles les militants vont recueillir le t\u00e9moignage de la population et d\u2019experts comme c\u2019est le cas de <strong>la ZAC Mosson Sud<\/strong> et du <strong>site Ametyst<\/strong>.<\/p>\n<p>Consultation sur la ZAC Mosson Sud<\/p>\n<p class=\" wall-content\">Le mouvement citoyen Cause Commune dressant sur la ZAC Mosson Sud \u00ab\u00a0un constat d\u2019\u00e9chec et une occasion manqu\u00e9e\u00a0\u00bb, a d\u00e9cid\u00e9 de mener sa propre consultation depuis pr\u00e8s d\u2019un mois. \u00ab\u00a0Nous constatons que l\u2019am\u00e9nagement du sud de La Paillade est dans une impasse. L\u2019abandon du projet de la clinique priv\u00e9e est une illustration directe d\u2019un processus de consultation insuffisant. Nous rappelons que la ZAC est une Zone d\u2019Am\u00e9nagement Concert\u00e9. Or, dans ce dossier, le volet Concertation n\u2019a pas \u00e9t\u00e9 \u00e0 la hauteur des enjeux et des attentes. Cet \u00e9chec initial, qui a vu la destruction de certains lieux sans projet finalis\u00e9, a cr\u00e9\u00e9 un vide qu\u2019il est urgent de combler\u00a0\u00bb explique Cause Commune qui ambitionne : \u00ab\u00a0Cette situation doit \u00eatre transform\u00e9e en une opportunit\u00e9 unique : celle de co-construire un projet d\u2019am\u00e9nagement par et pour les usagers du quartier. Bien que l\u2019accord soit unanime sur la n\u00e9cessit\u00e9 de r\u00e9nover la zone, la question essentielle demeure : quels services et \u00e9quipements les Pailladins attendent-ils pour ces 12 hectares ?\u00a0\u00bb.<\/p>\n<p class=\" wall-content\">Les militants proc\u00e8dent donc depuis plusieurs semaines \u00e0 une collecte des avis via un questionnaire pr\u00e9sent\u00e9 \u00e0 toutes les parties prenantes de la zone : habitants, commer\u00e7ants, fid\u00e8les de la mosqu\u00e9e, supporters du club de foot\u2026 En plus d\u2019aller \u00e0 la rencontre des riverains du quartier, <a href=\"https:\/\/docs.google.com\/forms\/d\/e\/1FAIpQLSc4oV9SRFDjICFLLxiVISY2vBv8rjOaAVdevPk1N8Nu3OwOKQ\/viewform\" target=\"_blank\" rel=\"noopener\">le questionnaire est \u00e9galement disponible en ligne<\/a>. Une phase de collecte qui se terminera le 23 novembre. Un groupe d\u2019habitants volontaires analysera ensuite les donn\u00e9es et pr\u00e9parera des propositions concr\u00e8tes. Celles-ci seront rendues lors d\u2019une r\u00e9union publique ouverte \u00e0 tous avec l\u2019objectif de \u00ab\u00a0fournir une feuille de route claire aux futurs d\u00e9cideurs\u00a0\u00bb.<\/p>\n<p>En visite \u00e0 Ametyst<\/p>\n<p class=\" wall-content\">Autre sujet sur lequel Cause Commune n\u2019entend pas passer \u00e0 c\u00f4t\u00e9 : la gestion des d\u00e9chets. D\u00e9j\u00e0 au combat lors des conseils de m\u00e9tropole et municipaux, Alenka Doulain faisait partie d\u2019une d\u00e9l\u00e9gation du mouvement citoyen qui a visit\u00e9 mercredi matin <a href=\"https:\/\/actu.fr\/occitanie\/montpellier_34172\/metropole-de-montpellier-ametyst-passe-de-suez-a-urbaser-et-file-vers-le-csr_62918811.html\" target=\"_blank\" rel=\"noopener\">le site Ametyst en pr\u00e9sence de son directeur Bruno Philippe<\/a>. \u00ab\u00a0Cette rencontre a permis un \u00e9change approfondi sur le fonctionnement de l\u2019installation et sur les d\u00e9fis majeurs auxquels notre m\u00e9tropole est confront\u00e9e\u00a0\u00bb explique la d\u00e9l\u00e9gation avant de pr\u00e9senter ses conclusions.<\/p>\n<p class=\" wall-content\">La premi\u00e8re \u00e9tant \u00ab\u00a0une r\u00e9alit\u00e9 pr\u00e9occupante\u00a0\u00bb quant \u00e0 \u00ab\u00a0un taux de collecte des biod\u00e9chets extr\u00eamement faible, tr\u00e8s en dessous des attentes nationales. Cette carence met directement en danger l\u2019avenir du site, car l\u2019application de la loi AGEC va interdire l\u2019arriv\u00e9e de certains types de d\u00e9chets et pourrait diviser la production de compost par 15 dans les ann\u00e9es \u00e0 venir. \u00c0 ce rythme, Ametyst ne pourra plus remplir pleinement sa mission\u00a0\u00bb. Pour le mouvement citoyen, \u00ab\u00a0la collecte s\u00e9lective des biod\u00e9chets reste insuffisamment d\u00e9ploy\u00e9e, alors m\u00eame que toutes les collectivit\u00e9s de France ont l\u2019obligation l\u00e9gale, depuis le 1er janvier 2024, de proposer une solution de tri \u00e0 la source\u00a0\u00bb.<\/p>\n<p>Vid\u00e9os : en ce moment sur Actu<\/p>\n<p class=\" wall-content\"><a href=\"https:\/\/actu.fr\/occitanie\/montpellier_34172\/metropole-de-montpellier-au-pied-du-mur-la-gestion-des-dechets-s-invite-dans-le-debat_60697696.html\" target=\"_blank\" rel=\"noopener\">Tandis que la majorit\u00e9 met r\u00e9guli\u00e8rement en avant le co\u00fbt financier et \u00e9cologique de l\u2019exportation des d\u00e9chets de la m\u00e9tropole en camion vers diff\u00e9rents sites<\/a>, Cause Commune r\u00e9affirme sa \u00ab\u00a0volont\u00e9 de mutualiser les unit\u00e9s de valorisation \u00e9nerg\u00e9tique de S\u00e8te, Lunel-Viel et Montpellier, afin d\u2019optimiser les moyens publics, de r\u00e9duire les co\u00fbts et d\u2019\u00e9viter des investissements redondants et dispendieux\u00a0\u00bb. Et de pointer : \u00ab\u00a0Contrairement \u00e0 certaines affirmations, les premiers calculs montrent qu\u2019aucun \u201csurplus de plastique\u201d ne n\u00e9cessiterait d\u2019exportation suppl\u00e9mentaire\u00a0\u00bb.<\/p>\n<p>Votre r\u00e9gion, votre actu !<\/p>\n<p>Recevez chaque jour les infos qui comptent pour vous.<\/p>\n<p>\t<a href=\"https:\/\/actu.fr\/newsletter\" class=\"ac-btn ac-btn--corner ac-btn--medium ac-btn--blue800\" target=\"_blank\" rel=\"noopener\">S&rsquo;incrire<\/a><\/p>\n<p class=\" wall-content\">Ainsi, pour Alenka Doulain et Cause Commune, le constat est clair : \u00ab\u00a0La M\u00e9tropole doit acc\u00e9l\u00e9rer massivement le tri et la collecte des biod\u00e9chets, sortir des logiques de communication pour entrer dans celles de la planification \u00e9cologique et engager un pilotage r\u00e9ellement strat\u00e9gique et partag\u00e9 avec les communes et les habitants\u00a0\u00bb. <a href=\"https:\/\/actu.fr\/occitanie\/montpellier_34172\/metropole-de-montpellier-acte-iv-apres-l-eau-rene-revol-s-attaque-a-la-gestion-des-dechets-et-au-csr_60903099.html\" target=\"_blank\" rel=\"noopener\">Oppos\u00e9 au projet de CSR port\u00e9 \u00e0 la M\u00e9tropole par l\u2019insoumis Ren\u00e9 Revol<\/a>, par ailleurs une des lignes rouges dans les discussions avec <a href=\"https:\/\/actu.fr\/occitanie\/montpellier_34172\/montpellier-prete-a-toutes-les-echeances-nathalie-oziol-lance-la-campagne-municipale-de-lfi_63289257.html\" target=\"_blank\" rel=\"noopener\">la liste conduite par Nathalie Oziol<\/a>, le mouvement citoyen juge que \u00ab\u00a0nous avons les infrastructures, nous avons les capacit\u00e9s : il nous manque aujourd\u2019hui la volont\u00e9 politique d\u2019en faire un mod\u00e8le \u00e9cologique et social au service du territoire\u00a0\u00bb.<\/p>\n<p class=\" wall-content\">Personnalisez votre actualit\u00e9 en ajoutant vos villes et m\u00e9dias en favori avec <a href=\"https:\/\/moncompte.actu.fr\" title=\"D\u00e9couvez Mon Actu\" rel=\"nofollow noopener\" data-trk=\"{&quot;cta&quot;:{&quot;action&quot;:&quot;https:\\\/\\\/moncompte.actu.fr&quot;,&quot;category&quot;:&quot;mon compte&quot;,&quot;from&quot;:&quot;article footer&quot;,&quot;name&quot;:&quot;Mon actu&quot;,&quot;type&quot;:&quot;cta&quot;}}\" target=\"_blank\">Mon Actu<\/a>.<\/p>\n","protected":false},"excerpt":{"rendered":"Par C\u00e9dric Nithard Publi\u00e9 le 20 nov. 2025 \u00e0 19h32 Le mouvement citoyen Cause Commune a engag\u00e9 depuis&hellip;\n","protected":false},"author":2,"featured_media":547430,"comment_status":"","ping_status":"","sticky":false,"template":"","format":"standard","meta":{"footnotes":""},"categories":[9599],"tags":[1111,11,3008,4188,436,1777,674,1011,27,2208,12,2680,316,25],"class_list":{"0":"post-547429","1":"post","2":"type-post","3":"status-publish","4":"format-standard","5":"has-post-thumbnail","7":"category-montpellier","8":"tag-actu","9":"tag-actualites","10":"tag-dechets","11":"tag-elections-municipales","12":"tag-environnement","13":"tag-eu","14":"tag-europe","15":"tag-fr","16":"tag-france","17":"tag-montpellier","18":"tag-news","19":"tag-occitanie","20":"tag-politique","21":"tag-republique-francaise"},"share_on_mastodon":{"url":"","error":""},"_links":{"self":[{"href":"https:\/\/www.europesays.com\/fr\/wp-json\/wp\/v2\/posts\/547429","targetHints":{"allow":["GET"]}}],"collection":[{"href":"https:\/\/www.europesays.com\/fr\/wp-json\/wp\/v2\/posts"}],"about":[{"href":"https:\/\/www.europesays.com\/fr\/wp-json\/wp\/v2\/types\/post"}],"author":[{"embeddable":true,"href":"https:\/\/www.europesays.com\/fr\/wp-json\/wp\/v2\/users\/2"}],"replies":[{"embeddable":true,"href":"https:\/\/www.europesays.com\/fr\/wp-json\/wp\/v2\/comments?post=547429"}],"version-history":[{"count":0,"href":"https:\/\/www.europesays.com\/fr\/wp-json\/wp\/v2\/posts\/547429\/revisions"}],"wp:featuredmedia":[{"embeddable":true,"href":"https:\/\/www.europesays.com\/fr\/wp-json\/wp\/v2\/media\/547430"}],"wp:attachment":[{"href":"https:\/\/www.europesays.com\/fr\/wp-json\/wp\/v2\/media?parent=547429"}],"wp:term":[{"taxonomy":"category","embeddable":true,"href":"https:\/\/www.europesays.com\/fr\/wp-json\/wp\/v2\/categories?post=547429"},{"taxonomy":"post_tag","embeddable":true,"href":"https:\/\/www.europesays.com\/fr\/wp-json\/wp\/v2\/tags?post=547429"}],"curies":[{"name":"wp","href":"https:\/\/api.w.org\/{rel}","templated":true}]}}