{"id":54743,"date":"2025-04-26T15:58:08","date_gmt":"2025-04-26T15:58:08","guid":{"rendered":"https:\/\/www.europesays.com\/fr\/54743\/"},"modified":"2025-04-26T15:58:08","modified_gmt":"2025-04-26T15:58:08","slug":"insultes-envers-allah-videos-suspect-en-fuite-que-sait-on-de-lattaque-islamophobe-dans-une-mosquee-du-gard-liberation","status":"publish","type":"post","link":"https:\/\/www.europesays.com\/fr\/54743\/","title":{"rendered":"Insultes envers Allah, vid\u00e9os, suspect en fuite\u2026 que sait-on de l\u2019attaque islamophobe dans une mosqu\u00e9e du Gard\u00a0? \u2013 Lib\u00e9ration"},"content":{"rendered":"<p class=\"sc-ksZaOG ehjQrN text-element\">Un homme <a href=\"https:\/\/www.liberation.fr\/societe\/police-justice\/gard-un-fidele-tue-par-un-autre-fidele-dans-une-mosquee-au-nord-dales-20250425_T3XNPUVDWFDMLPZQS6EAW4BAGU\/\" target=\"_blank\" rel=\"noreferrer nofollow noopener\" title=\"https:\/\/www.liberation.fr\/societe\/police-justice\/gard-un-fidele-tue-par-un-autre-fidele-dans-une-mosquee-au-nord-dales-20250425_T3XNPUVDWFDMLPZQS6EAW4BAGU\/\">a tu\u00e9 un fid\u00e8le de la mosqu\u00e9e<\/a> de La Grand-Combe, pr\u00e8s d\u2019Al\u00e8s, vendredi. Ce samedi 26 avril, Lib\u00e9ration a visionn\u00e9 une vid\u00e9o que le suspect, toujours en fuite, a film\u00e9e lui-m\u00eame et dans laquelle il insulte \u00abAllah\u00bb avant de quitter la sc\u00e8ne de crime.<\/p>\n<p class=\"sc-ksZaOG ehjQrN text-element\">Un fid\u00e8le musulman a \u00e9t\u00e9 tu\u00e9 vendredi \u00e0 coups de couteau par un homme, pr\u00e9sent\u00e9 alors par le parquet d\u2019Al\u00e8s comme un autre fid\u00e8le, \u00e0 l\u2019int\u00e9rieur de la mosqu\u00e9e Khadidja, \u00e0 La Grand-Combe. \u00abDeux hommes \u00e9taient seuls \u00e0 l\u2019int\u00e9rieur de la mosqu\u00e9e, occup\u00e9s \u00e0 prier, lorsqu\u2019un des deux a port\u00e9 plusieurs dizaines de coups de couteau \u00e0 l\u2019autre vers 8 h 30 du matin, avant de le laisser pour mort et de prendre la fuite\u00bb, a expliqu\u00e9 le procureur de la R\u00e9publique d\u2019Al\u00e8s, Abdelkrim Grini.<\/p>\n<p class=\"sc-ksZaOG ehjQrN text-element\">La victime aurait re\u00e7u \u00ab40 ou 50 coups de couteau\u00bb, selon de premi\u00e8res constatations qui devront \u00eatre pr\u00e9cis\u00e9es par l\u2019autopsie, a-t-il \u00e9galement soulign\u00e9. Le corps de la victime a \u00e9t\u00e9 d\u00e9couvert \u00abvers 11 heures, 11 h 30, lorsque les autres fid\u00e8les sont arriv\u00e9s pour la pri\u00e8re du vendredi \u00e0 la mosqu\u00e9e\u00bb, a pr\u00e9cis\u00e9 le procureur d\u2019Al\u00e8s. Des fid\u00e8les ont ensuite appel\u00e9 les pompiers, ceux-ci se chargeant ensuite de contacter la gendarmerie locale.<\/p>\n<p class=\"sc-ksZaOG ehjQrN text-element\">Lib\u00e9ration a visionn\u00e9 une vid\u00e9o que le suspect a film\u00e9e apr\u00e8s \u00eatre pass\u00e9 \u00e0 l\u2019acte. Sur cette s\u00e9quence de 27 secondes film\u00e9e du point de vue de l\u2019auteur, on peut voir un homme au sol, habill\u00e9 d\u2019une veste de type camouflage militaire, d\u2019un jean bleu et de ce qui ressemble \u00e0 un qamis blanc, une tenue traditionnelle parfois port\u00e9e par les hommes pour la pri\u00e8re musulmane.<\/p>\n<p class=\"sc-ksZaOG ehjQrN text-element\">Ce dernier g\u00eet au sol, avec d\u2019importantes traces de sang sur le qamis, le jean, sur les mains et sur le buste. Il est vivant mais respire avec \u00e9norm\u00e9ment de difficult\u00e9s. On aper\u00e7oit les chaussettes blanches de l\u2019auteur de la vid\u00e9o, ainsi qu\u2019un grand couteau qu\u2019il tient dans sa main droite ensanglant\u00e9e et qu\u2019il montre en \u00e9vidence \u00e0 la cam\u00e9ra. \u00abJe l\u2019ai fait\u00bb, dit-il avant de s\u2019approcher de la victime qui semble gravement bless\u00e9e au visage et de lancer : \u00abTon Allah de merde !\u00bb<\/p>\n<p class=\"sc-ksZaOG ehjQrN text-element\">Le suspect fait le tour de la victime avant de crier, toujours le couteau \u00e0 la main : \u00abJe lui ai plant\u00e9 ses fesses !\u00bb A ce moment, il semble se rendre compte de la pr\u00e9sence d\u2019une cam\u00e9ra de surveillance dans la pi\u00e8ce. \u00abRah, je vais \u00eatre arr\u00eat\u00e9, c\u2019est s\u00fbr. Il y a une cam\u00e9ra.\u00bb Il filme l\u2019oppos\u00e9 de la pi\u00e8ce, l\u00e0 o\u00f9 est cens\u00e9e se trouver cette cam\u00e9ra. Essouffl\u00e9, il s\u2019\u00e9carte de l\u2019homme au sol, se demande s\u2019il y a \u00abun bureau ou pas ?\u00bb, se retourne encore une fois vers la victime et crie de nouveau : \u00abTon Allah de merde ! Encul\u00e9.\u00bb<\/p>\n<p class=\"sc-ksZaOG ehjQrN text-element\">Il se redirige vers le corps immobile de la victime puis coupe la vid\u00e9o.<\/p>\n<p class=\"sc-ksZaOG ehjQrN text-element\">Confirmant \u00e0 l\u2019AFP la tenue de ces propos par le meurtrier, le procureur de la r\u00e9publique d\u2019Al\u00e8s a pr\u00e9cis\u00e9 que \u00abtoutes les pistes \u00e9taient envisag\u00e9es, dont celle d\u2019un acte \u00e0 dimension islamophobe\u00bb, et a confirm\u00e9 que le parquet national antiterroriste (Pnat) \u00e9tait \u00aben \u00e9valuation\u00bb de ce dossier pour \u00e9ventuellement s\u2019en saisir. Contact\u00e9, le Pnat n\u2019a pas r\u00e9pondu.<\/p>\n<p class=\"sc-ksZaOG ehjQrN text-element\">Plusieurs t\u00e9moins indiquent dans <a href=\"https:\/\/www.midilibre.fr\/2025\/04\/25\/il-venait-juste-faire-le-menage-on-en-sait-plus-sur-les-terribles-circonstances-de-lattaque-au-couteau-a-la-mosquee-de-la-grand-combe-12658239.php\" target=\"_blank\" rel=\"noreferrer nofollow noopener\" title=\"https:\/\/www.midilibre.fr\/2025\/04\/25\/il-venait-juste-faire-le-menage-on-en-sait-plus-sur-les-terribles-circonstances-de-lattaque-au-couteau-a-la-mosquee-de-la-grand-combe-12658239.php\">Midi Libre<\/a> que la victime s\u2019appellerait Aboubakar, serait de nationalit\u00e9 malienne et serait n\u00e9e en 2003. Il habitait dans le quartier de Trescol, non loin de la mosqu\u00e9e Khadidja o\u00f9 a eu lieu l\u2019attaque.<\/p>\n<p class=\"sc-ksZaOG ehjQrN text-element\">Selon une source proche du dossier, l\u2019auteur des faits a envoy\u00e9 sa vid\u00e9o \u00e0 une autre personne, qui l\u2019aurait alors diffus\u00e9e sur un r\u00e9seau social, avant qu\u2019elle ne soit supprim\u00e9e. Une autre source indique que l\u2019auteur a \u00e9t\u00e9 identifi\u00e9 mais n\u2019a toujours \u00e9t\u00e9 pas arr\u00eat\u00e9. De nationalit\u00e9 fran\u00e7aise, il serait d\u2019origine bosniaque. Les premiers habitu\u00e9s de la mosqu\u00e9e \u00e0 qui ces images ont \u00e9t\u00e9 montr\u00e9es n\u2019ont pas reconnu l\u2019assaillant.<\/p>\n<p class=\"sc-ksZaOG ehjQrN text-element\">Vendredi, le ministre de l\u2019Int\u00e9rieur, Bruno Retailleau, a dit sur X esp\u00e9rer que \u00abl\u2019enqu\u00eate permettra d\u2019appr\u00e9hender rapidement l\u2019auteur et de faire la lumi\u00e8re sur cet \u00e9v\u00e8nement \u00e9pouvantable\u00bb. \u00abJe veux dire mon soutien \u00e0 la famille de la victime et ma solidarit\u00e9 \u00e0 la communaut\u00e9 musulmane touch\u00e9e par cette violence barbare, dans son lieu de culte, le jour de la grande pri\u00e8re.\u00bb<\/p>\n<p class=\"sc-ksZaOG ehjQrN text-element\">Apr\u00e8s la d\u00e9couverte de l\u2019existence de la vid\u00e9o film\u00e9e par le suspect, plusieurs personnalit\u00e9s du Nouveau front populaire (NFP) se sont empar\u00e9es du sujet. A commencer par Jean-Luc M\u00e9lenchon, qui a d\u00e9nonc\u00e9 sur X : \u00abL\u2019islamophobie tue. Tous ceux qui y contribuent sont coupables.\u00bb<\/p>\n<p class=\"sc-ksZaOG ehjQrN text-element\">Le leader insoumis r\u00e9pondait \u00e0 une publication du d\u00e9put\u00e9 NFP du Rh\u00f4ne, Abdelkader Lahmar. \u00abA mesure que l\u2019enqu\u00eate avance, la piste d\u2019un crime islamophobe se confirme. Ce matin, nous apprenons que l\u2019auteur du crime s\u2019est film\u00e9 apr\u00e8s son geste, insultant la foi de sa victime, d\u00e9plore l\u2019\u00e9lu. Ce drame n\u2019est pas un fait isol\u00e9 : il est le produit direct d\u2019une islamophobie qui gangr\u00e8ne notre soci\u00e9t\u00e9.\u00bb Avant de pointer le r\u00f4le que jouent des \u00abm\u00e9dias, \u00e9ditorialistes, pseudo-intellectuels, responsables politiques\u00bb. \u00abTous ceux qui attisent la haine des musulmans ont du sang sur les mains. En dressant une cible sur le dos de nos concitoyens musulmans, ils nourrissent ce climat mortif\u00e8re.\u00bb<\/p>\n<p class=\"sc-ksZaOG ehjQrN text-element\">D\u2019apr\u00e8s <a href=\"https:\/\/www.liberation.fr\/checknews\/islamophobie-en-2024-173-actes-antimusulmans-signales-aux-autorites-20250216_UBSQ7DU2ZJB4DB635DER4T7MCU\/\" target=\"_blank\" rel=\"noreferrer nofollow noopener\" title=\"https:\/\/www.liberation.fr\/checknews\/islamophobie-en-2024-173-actes-antimusulmans-signales-aux-autorites-20250216_UBSQ7DU2ZJB4DB635DER4T7MCU\/\">les donn\u00e9es transmises \u00e0 CheckNews<\/a> par le minist\u00e8re de l\u2019Int\u00e9rieur, un total de 173 faits antimusulmans ont \u00e9t\u00e9 recens\u00e9s en 2024. Le nombre de faits antimusulmans <a href=\"https:\/\/www.liberation.fr\/societe\/police-justice\/plateforme-pharos-forte-hausse-des-signalements-en-2023-en-majorite-liee-a-lantisemitisme-20240227_CCNRMXJWNBHZFB5PRKWKB6UT5U\/\" target=\"_blank\" rel=\"noreferrer nofollow noopener\" title=\"https:\/\/www.liberation.fr\/societe\/police-justice\/plateforme-pharos-forte-hausse-des-signalements-en-2023-en-majorite-liee-a-lantisemitisme-20240227_CCNRMXJWNBHZFB5PRKWKB6UT5U\/\">\u00e9tait de 242 en 2023<\/a>. Dans le d\u00e9tail, sur les 173 actes antimusulmans comptabilis\u00e9s en 2024, 52 % \u00e9taient des atteintes aux biens et 48 % des atteintes aux personnes. Invit\u00e9 \u00e0 pr\u00e9ciser davantage la nature des faits d\u00e9nonc\u00e9s, Beauvau n\u2019a pas r\u00e9pondu sur ce point.<\/p>\n<p class=\"sc-ksZaOG ehjQrN text-element\"><b>Mise \u00e0 jour <\/b>\u00e0 17 h 26, ajout des chiffres sur les actes antimusulmans en 2023 et 2024<\/p>\n","protected":false},"excerpt":{"rendered":"Un homme a tu\u00e9 un fid\u00e8le de la mosqu\u00e9e de La Grand-Combe, pr\u00e8s d\u2019Al\u00e8s, vendredi. Ce samedi 26&hellip;\n","protected":false},"author":2,"featured_media":54744,"comment_status":"","ping_status":"","sticky":false,"template":"","format":"standard","meta":{"footnotes":""},"categories":[2],"tags":[11,118,1011,27,5318,12,25],"class_list":{"0":"post-54743","1":"post","2":"type-post","3":"status-publish","4":"format-standard","5":"has-post-thumbnail","7":"category-actualites","8":"tag-actualites","9":"tag-faits-divers","10":"tag-fr","11":"tag-france","12":"tag-islam","13":"tag-news","14":"tag-republique-francaise"},"share_on_mastodon":{"url":"https:\/\/pubeurope.com\/@fr\/114405094428384960","error":""},"_links":{"self":[{"href":"https:\/\/www.europesays.com\/fr\/wp-json\/wp\/v2\/posts\/54743","targetHints":{"allow":["GET"]}}],"collection":[{"href":"https:\/\/www.europesays.com\/fr\/wp-json\/wp\/v2\/posts"}],"about":[{"href":"https:\/\/www.europesays.com\/fr\/wp-json\/wp\/v2\/types\/post"}],"author":[{"embeddable":true,"href":"https:\/\/www.europesays.com\/fr\/wp-json\/wp\/v2\/users\/2"}],"replies":[{"embeddable":true,"href":"https:\/\/www.europesays.com\/fr\/wp-json\/wp\/v2\/comments?post=54743"}],"version-history":[{"count":0,"href":"https:\/\/www.europesays.com\/fr\/wp-json\/wp\/v2\/posts\/54743\/revisions"}],"wp:featuredmedia":[{"embeddable":true,"href":"https:\/\/www.europesays.com\/fr\/wp-json\/wp\/v2\/media\/54744"}],"wp:attachment":[{"href":"https:\/\/www.europesays.com\/fr\/wp-json\/wp\/v2\/media?parent=54743"}],"wp:term":[{"taxonomy":"category","embeddable":true,"href":"https:\/\/www.europesays.com\/fr\/wp-json\/wp\/v2\/categories?post=54743"},{"taxonomy":"post_tag","embeddable":true,"href":"https:\/\/www.europesays.com\/fr\/wp-json\/wp\/v2\/tags?post=54743"}],"curies":[{"name":"wp","href":"https:\/\/api.w.org\/{rel}","templated":true}]}}