{"id":547431,"date":"2025-11-20T18:50:18","date_gmt":"2025-11-20T18:50:18","guid":{"rendered":"https:\/\/www.europesays.com\/fr\/547431\/"},"modified":"2025-11-20T18:50:18","modified_gmt":"2025-11-20T18:50:18","slug":"dans-ces-dechetteries-de-lagglo-de-rouen-vous-pouvez-deposer-vos-objets-reutilisables-plutot-que-les-jeter","status":"publish","type":"post","link":"https:\/\/www.europesays.com\/fr\/547431\/","title":{"rendered":"Dans ces d\u00e9chetteries de l&rsquo;agglo de Rouen, vous pouvez d\u00e9poser vos objets r\u00e9utilisables plut\u00f4t que les jeter"},"content":{"rendered":"<p>                    Par<br \/>\n        <strong><br \/>\n            <a href=\"https:\/\/actu.fr\/auteur\/adrien-filoche\" title=\"Consulter tous les articles de Adrien Filoche\" target=\"_blank\" rel=\"noopener\">Adrien Filoche<\/a><br \/>\n                    <\/strong><\/p>\n<p>        Publi\u00e9 le<\/p>\n<p>            20 nov. 2025 \u00e0 18h21        <\/p>\n<p><strong>Un moyen de promouvoir l\u2019\u00e9conomie circulaire et de r\u00e9duire les d\u00e9chets.<\/strong> Depuis novembre\u00a02025, sept <a href=\"https:\/\/actu.fr\/tag\/dechets\" target=\"_blank\" rel=\"noopener\">d\u00e9chetteries<\/a> de l\u2019agglom\u00e9ration de <a href=\"https:\/\/actu.fr\/normandie\/rouen_76540\" target=\"_blank\" rel=\"noopener\">Rouen<\/a> (Boos, Caudebec-l\u00e8s-Elbeuf, Cl\u00e9on, D\u00e9ville-l\u00e8s-Rouen, Petit-Quevilly, Le Trait et Saint-\u00c9tienne-du-Rouvray) sont \u00e9quip\u00e9es <strong>de zones de r\u00e9emploi.<\/strong> Le principe est simple\u2009: vous pouvez y d\u00e9poser des objets encore en \u00e9tat, plut\u00f4t que de les jeter dans une benne.<\/p>\n<p>R\u00e9duction des d\u00e9chets et \u00e9conomie circulaire<\/p>\n<p class=\" wall-content\">En se rendant dans l\u2019une des sept d\u00e9chetteries, les utilisateurs doivent indiquer \u00e0 l\u2019un des agents qu\u2019ils poss\u00e8dent des objets encore utilisables. Ce dernier a pour mission de contr\u00f4ler l\u2019\u00e9tat des objets. Une fois contr\u00f4l\u00e9s, les objets r\u00e9utilisables pourront \u00eatre d\u00e9pos\u00e9s dans la zone de r\u00e9emploi. \u00c0 noter que certains types d\u2019objets ne pourront pas \u00eatre r\u00e9cup\u00e9r\u00e9s*.<\/p>\n<p class=\" wall-content\">Que deviendront ces objets r\u00e9cup\u00e9r\u00e9s\u2009? \u00ab\u2009Les acteurs de l\u2019\u00e9conomie sociale et solidaire partenaires de la M\u00e9tropole les r\u00e9cup\u00e9reront pour les remettre en \u00e9tat et les mettre en vente au sein de leurs magasins\u2009\u00bb, explique la M\u00e9tropole de Rouen par voie de communiqu\u00e9.<\/p>\n<blockquote class=\"ac-article-quote wall-content\">\n<p>Cette initiative vise \u00e0 prolonger la dur\u00e9e de vie des objets, \u00e0 r\u00e9duire les flux de d\u00e9chets et \u00e0 favoriser l&rsquo;insertion sociale. Ces espaces permettront la r\u00e9utilisation d\u2019objets en bon et moyen \u00e9tat (meubles, \u00e9lectrom\u00e9nagers l\u00e9gers, outils, mat\u00e9riaux de bricolage, livres, jouets, etc.) et proposeront des solutions de don, de r\u00e9paration et de r\u00e9emploi encadr\u00e9es.<\/p>\n<p>    <strong>La M\u00e9tropole de Rouen<\/strong>\n            <\/p><\/blockquote>\n<p class=\" wall-content\">Ainsi, \u00ab\u2009ce don permet de soutenir l\u2019emploi de personnes en insertion, de pr\u00e9server des ressources et de mettre \u00e0 disposition \u00e0 prix restreints les objets de seconde main\u2009\u00bb. Une initiative qui r\u00e9sonne avec la semaine europ\u00e9enne de la r\u00e9duction des d\u00e9chets (SERD), programm\u00e9e du 22 au 30\u00a0novembre 2025.<\/p>\n<p>Vid\u00e9os : en ce moment sur Actu*<a href=\"https:\/\/url.de.m.mimecastprotect.com\/s\/jFrkCBrD9MIoL755ivC9C25egU?domain=metropole-rouen-normandie.fr\" target=\"_blank\" rel=\"noopener\">Les listes des objets concern\u00e9s par d\u00e9chetterie<\/a> et des partenairesSuivez l\u2019actualit\u00e9 de Rouen sur <a href=\"https:\/\/www.whatsapp.com\/channel\/0029VaKfnf99hXF2ddApFB1D\" target=\"_blank\" rel=\"noopener\">notre cha\u00eene WhatsApp<\/a> et sur <a href=\"https:\/\/www.tiktok.com\/@76actu.fr?lang=fr\" target=\"_blank\" rel=\"noopener\">notre compte TikTok<\/a><\/p>\n<p class=\" wall-content\">Personnalisez votre actualit\u00e9 en ajoutant vos villes et m\u00e9dias en favori avec <a href=\"https:\/\/moncompte.actu.fr\" title=\"D\u00e9couvez Mon Actu\" rel=\"nofollow noopener\" data-trk=\"{&quot;cta&quot;:{&quot;action&quot;:&quot;https:\\\/\\\/moncompte.actu.fr&quot;,&quot;category&quot;:&quot;mon compte&quot;,&quot;from&quot;:&quot;article footer&quot;,&quot;name&quot;:&quot;Mon actu&quot;,&quot;type&quot;:&quot;cta&quot;}}\" target=\"_blank\">Mon Actu<\/a>.<\/p>\n<p>                    <script async src=\"\/\/www.tiktok.com\/embed.js\"><\/script><\/p>\n","protected":false},"excerpt":{"rendered":"Par Adrien Filoche Publi\u00e9 le 20 nov. 2025 \u00e0 18h21 Un moyen de promouvoir l\u2019\u00e9conomie circulaire et de&hellip;\n","protected":false},"author":2,"featured_media":547432,"comment_status":"","ping_status":"","sticky":false,"template":"","format":"standard","meta":{"footnotes":""},"categories":[9587],"tags":[1111,11,3008,1777,674,1011,27,12,5161,52,3887,25,9590,15097],"class_list":{"0":"post-547431","1":"post","2":"type-post","3":"status-publish","4":"format-standard","5":"has-post-thumbnail","7":"category-rouen","8":"tag-actu","9":"tag-actualites","10":"tag-dechets","11":"tag-eu","12":"tag-europe","13":"tag-fr","14":"tag-france","15":"tag-news","16":"tag-normandie","17":"tag-planete","18":"tag-recyclage","19":"tag-republique-francaise","20":"tag-rouen","21":"tag-solutions"},"share_on_mastodon":{"url":"https:\/\/pubeurope.com\/@fr\/115583531413619546","error":""},"_links":{"self":[{"href":"https:\/\/www.europesays.com\/fr\/wp-json\/wp\/v2\/posts\/547431","targetHints":{"allow":["GET"]}}],"collection":[{"href":"https:\/\/www.europesays.com\/fr\/wp-json\/wp\/v2\/posts"}],"about":[{"href":"https:\/\/www.europesays.com\/fr\/wp-json\/wp\/v2\/types\/post"}],"author":[{"embeddable":true,"href":"https:\/\/www.europesays.com\/fr\/wp-json\/wp\/v2\/users\/2"}],"replies":[{"embeddable":true,"href":"https:\/\/www.europesays.com\/fr\/wp-json\/wp\/v2\/comments?post=547431"}],"version-history":[{"count":0,"href":"https:\/\/www.europesays.com\/fr\/wp-json\/wp\/v2\/posts\/547431\/revisions"}],"wp:featuredmedia":[{"embeddable":true,"href":"https:\/\/www.europesays.com\/fr\/wp-json\/wp\/v2\/media\/547432"}],"wp:attachment":[{"href":"https:\/\/www.europesays.com\/fr\/wp-json\/wp\/v2\/media?parent=547431"}],"wp:term":[{"taxonomy":"category","embeddable":true,"href":"https:\/\/www.europesays.com\/fr\/wp-json\/wp\/v2\/categories?post=547431"},{"taxonomy":"post_tag","embeddable":true,"href":"https:\/\/www.europesays.com\/fr\/wp-json\/wp\/v2\/tags?post=547431"}],"curies":[{"name":"wp","href":"https:\/\/api.w.org\/{rel}","templated":true}]}}