{"id":547440,"date":"2025-11-20T18:55:12","date_gmt":"2025-11-20T18:55:12","guid":{"rendered":"https:\/\/www.europesays.com\/fr\/547440\/"},"modified":"2025-11-20T18:55:12","modified_gmt":"2025-11-20T18:55:12","slug":"a-rennes-des-parents-refusent-quun-homme-enseigne-a-leur-fille","status":"publish","type":"post","link":"https:\/\/www.europesays.com\/fr\/547440\/","title":{"rendered":"\u00e0 Rennes, des parents refusent qu\u2019un homme enseigne \u00e0 leur fille"},"content":{"rendered":"<p>\u00c0 <a class=\"Link\" href=\"https:\/\/www.lepoint.fr\/tags\/rennes\" data-gtm=\"click:capsule\" data-capsule=\"Lien\" target=\"_blank\" rel=\"noopener\">Rennes<\/a>, une affaire secoue l&rsquo;\u00e9cole maternelle des Cl\u00f4teaux, dans le sud de la ville. Vendredi 10\u00a0octobre, le directeur de l&rsquo;\u00e9tablissement, \u00e9galement enseignant en maternelle, a \u00e9t\u00e9 violemment pris \u00e0 partie par une famille refusant qu&rsquo;un homme fasse cours \u00e0 leur fille. Selon un tract r\u00e9dig\u00e9 par l&rsquo;\u00e9quipe \u00e9ducative et consult\u00e9 par l&rsquo;Agence France-Presse, il a \u00e9t\u00e9 <a class=\"Link\" href=\"https:\/\/www.lepoint.fr\/education\/violences-contre-les-profs-sont-elles-vraiment-plus-nombreuses-14-10-2024-2572651_3584.php\" title=\"\" data-gtm=\"click:capsule\" data-capsule=\"Lien\" target=\"_blank\" rel=\"noopener\">vis\u00e9 par de \u00ab\u00a0graves menaces\u00a0\u00bb<\/a> accompagn\u00e9es d&rsquo;\u00ab\u00a0outrage sexiste\u00a0\u00bb, de \u00ab\u00a0diffamation\u00a0\u00bb et de \u00ab\u00a0m\u00e9pris\u00a0\u00bb.<\/p>\n<p>Le point du soir<\/p>\n<p class=\"period\">Tous les soirs \u00e0 partir de 18h<\/p>\n<p>Recevez l\u2019information analys\u00e9e et d\u00e9crypt\u00e9e par la r\u00e9daction du Point.<\/p>\n<p>Merci !<br \/>Votre inscription a bien \u00e9t\u00e9 prise en compte avec l&rsquo;adresse email :<\/p>\n<p>Pour d\u00e9couvrir toutes nos autres newsletters, rendez-vous ici : <a href=\"https:\/\/moncompte.lepoint.fr\/\" title=\"\" target=\"_blank\" rel=\"noopener\">MonCompte<\/a><\/p>\n<p>En vous inscrivant, vous acceptez les <a href=\"https:\/\/www.lepoint.fr\/html\/cgu\/\" title=\"Conditions g\u00e9n\u00e9rales d&#039;utilisation\" target=\"_blank\" rel=\"noopener\">conditions g\u00e9n\u00e9rales d\u2019utilisations<\/a> et notre <a href=\"https:\/\/www.lepoint.fr\/html\/politique-de-protection-donnees-personnelles\/\" title=\"Politique de confidentialit\u00e9\" target=\"_blank\" rel=\"noopener\">politique de confidentialit\u00e9<\/a>.<\/p>\n<p>D&rsquo;apr\u00e8s des sources syndicales, les parents exigeaient que leur enfant soit chang\u00e9e de classe pour \u00eatre encadr\u00e9e par une femme. Le p\u00e8re aurait tenu des propos particuli\u00e8rement inqui\u00e9tants, assurant ne pas craindre de \u00ab\u00a0faire trente ans de taule\u00a0\u00bb pour obtenir gain de cause, selon des d\u00e9clarations rapport\u00e9es au <a class=\"Link\" href=\"https:\/\/www.lefigaro.fr\/actualite-france\/non-mixite-a-rennes-des-parents-exigent-une-enseignante-pour-leur-fillette-et-menacent-de-mort-son-instituteur-20251119\" target=\"_blank\" title=\"\" data-gtm=\"click:capsule\" data-capsule=\"Lien\" rel=\"noopener\">Figaro<\/a>. L&rsquo;enseignant, choqu\u00e9, est depuis en arr\u00eat de travail.<\/p>\n<p>Le ministre de l&rsquo;\u00c9ducation, \u00c9douard Geffray, a rapidement tenu \u00e0 pr\u00e9ciser, \u00e0 l&rsquo;occasion d&rsquo;un d\u00e9placement dans une \u00e9cole de Villeurbanne, qu&rsquo;il ne s&rsquo;agissait \u00ab\u00a0pas d&rsquo;un motif religieux\u00a0\u00bb. Une plainte a \u00e9t\u00e9 d\u00e9pos\u00e9e, jeudi 20\u00a0novembre.<\/p>\n<p>\u00ab\u00a0L&rsquo;\u00e9cole de la R\u00e9publique, c&rsquo;est la m\u00eame pour tous et c&rsquo;est sa force\u00a0\u00bb<\/p>\n<p>Pour soutenir leur directeur, l&rsquo;\u00e9quipe p\u00e9dagogique a d\u00e9cid\u00e9 d&rsquo;une journ\u00e9e de gr\u00e8ve ce vendredi, estimant que \u00ab\u00a0le lien de confiance\u00a0\u00bb est d\u00e9sormais \u00ab\u00a0rompu\u00a0\u00bb avec la famille \u00e0 l&rsquo;origine des menaces. Les enseignants demandent que la petite fille soit scolaris\u00e9e dans un autre \u00e9tablissement.<\/p>\n<p>\u00ab\u00a0D&rsquo;autres \u00e9tablissements seront probablement aussi en gr\u00e8ve, ainsi que des agents territoriaux, avertit Fabrice Lerestif, secr\u00e9taire g\u00e9n\u00e9ral FO d&rsquo;Ille-et-Vilaine.\u00a0Car nous avons d&rsquo;autres signaux du m\u00eame ordre, dans d&rsquo;autres cadres. Tout cela ne doit pas \u00eatre banalis\u00e9\u00a0\u00bb, a-t-il fait savoir aupr\u00e8s du Figaro.<\/p>\n<p>\n\u00c0 D\u00e9couvrir<br \/>\n<strong class=\"discover-kangourou__line\"><br \/>\n<img decoding=\"async\" class=\"discover-kangourou__img\" src=\"https:\/\/static.lpnt.fr\/static\/img\/kangourou\/kangourou_filled.svg\"\/><br \/>\n<strong class=\"discover-kangourou__txt\"><br \/>\n<strong>Le Kangourou du jour<\/strong><br \/>\n<a href=\"https:\/\/kangourou.lepoint.fr\" title=\"kangourou\" data-gtm-cta=\"kangourou_article\" class=\"discover-kangourou__lnk\" target=\"_blank\" rel=\"noopener\"><br \/>\nR\u00e9pondre<br \/>\n<\/a><br \/>\n<\/strong><br \/>\n<\/strong><br \/>\nLe rectorat de Rennes affirme que \u00ab\u00a0la situation est connue\u00a0\u00bb et suivie \u00ab\u00a0attentivement\u00a0\u00bb depuis octobre. La famille concern\u00e9e a \u00e9t\u00e9 convoqu\u00e9e pour un rappel du cadre l\u00e9gal et \u00ab\u00a0a reconnu avoir eu des propos mena\u00e7ants\u00a0\u00bb. Selon les informations du quotidien 20 Minutes, l&rsquo;administration a accord\u00e9 \u00ab\u00a0une mesure de protection fonctionnelle\u00a0\u00bb \u00e0 l&rsquo;enseignant.<\/p>\n<p>\u00ab\u00a0Le directeur d&rsquo;\u00e9cole avait raison. Il a donc tout mon soutien et tout le soutien de l&rsquo;institution\u00a0\u00bb, a d\u00e9clar\u00e9 \u00c9douard Geffray. Et d&rsquo;ajouter\u00a0: \u00ab\u00a0L&rsquo;\u00e9cole, ce n&rsquo;est pas le supermarch\u00e9 des revendications individuelles. [\u2026] L&rsquo;\u00e9cole de la R\u00e9publique, c&rsquo;est la m\u00eame pour tous et c&rsquo;est sa force.\u00a0\u00bb<\/p>\n<p>Toute l\u2019actualit\u00e9 \u00e0 1\u20ac le premier mois<\/p>\n<p><a href=\"https:\/\/abo.lepoint.fr\/?provenance=21EDI020098\" class=\"btn\" title=\"S&#039;abonner\" data-gtm=\"click:abo|display:abo\" data-campaign=\"paywall_maison\" target=\"_blank\" rel=\"noopener\">S&rsquo;abonner<\/a><\/p>\n<p>ou<\/p>\n","protected":false},"excerpt":{"rendered":"\u00c0 Rennes, une affaire secoue l&rsquo;\u00e9cole maternelle des Cl\u00f4teaux, dans le sud de la ville. Vendredi 10\u00a0octobre, le&hellip;\n","protected":false},"author":2,"featured_media":547441,"comment_status":"","ping_status":"","sticky":false,"template":"","format":"standard","meta":{"footnotes":""},"categories":[2821],"tags":[1111,11,829,1777,674,1011,27,41634,12,584,25],"class_list":{"0":"post-547440","1":"post","2":"type-post","3":"status-publish","4":"format-standard","5":"has-post-thumbnail","7":"category-rennes","8":"tag-actu","9":"tag-actualites","10":"tag-bretagne","11":"tag-eu","12":"tag-europe","13":"tag-fr","14":"tag-france","15":"tag-ministere-de-leducation","16":"tag-news","17":"tag-rennes","18":"tag-republique-francaise"},"share_on_mastodon":{"url":"https:\/\/pubeurope.com\/@fr\/115583552151344798","error":""},"_links":{"self":[{"href":"https:\/\/www.europesays.com\/fr\/wp-json\/wp\/v2\/posts\/547440","targetHints":{"allow":["GET"]}}],"collection":[{"href":"https:\/\/www.europesays.com\/fr\/wp-json\/wp\/v2\/posts"}],"about":[{"href":"https:\/\/www.europesays.com\/fr\/wp-json\/wp\/v2\/types\/post"}],"author":[{"embeddable":true,"href":"https:\/\/www.europesays.com\/fr\/wp-json\/wp\/v2\/users\/2"}],"replies":[{"embeddable":true,"href":"https:\/\/www.europesays.com\/fr\/wp-json\/wp\/v2\/comments?post=547440"}],"version-history":[{"count":0,"href":"https:\/\/www.europesays.com\/fr\/wp-json\/wp\/v2\/posts\/547440\/revisions"}],"wp:featuredmedia":[{"embeddable":true,"href":"https:\/\/www.europesays.com\/fr\/wp-json\/wp\/v2\/media\/547441"}],"wp:attachment":[{"href":"https:\/\/www.europesays.com\/fr\/wp-json\/wp\/v2\/media?parent=547440"}],"wp:term":[{"taxonomy":"category","embeddable":true,"href":"https:\/\/www.europesays.com\/fr\/wp-json\/wp\/v2\/categories?post=547440"},{"taxonomy":"post_tag","embeddable":true,"href":"https:\/\/www.europesays.com\/fr\/wp-json\/wp\/v2\/tags?post=547440"}],"curies":[{"name":"wp","href":"https:\/\/api.w.org\/{rel}","templated":true}]}}