{"id":547444,"date":"2025-11-20T18:57:13","date_gmt":"2025-11-20T18:57:13","guid":{"rendered":"https:\/\/www.europesays.com\/fr\/547444\/"},"modified":"2025-11-20T18:57:13","modified_gmt":"2025-11-20T18:57:13","slug":"les-voyants-toujours-au-vert-aupres-du-gendarme-financier-du-foot-pro","status":"publish","type":"post","link":"https:\/\/www.europesays.com\/fr\/547444\/","title":{"rendered":"les voyants toujours au vert aupr\u00e8s du gendarme financier du foot pro"},"content":{"rendered":"<p>Dans le paysage du foot fran\u00e7ais o\u00f9 les budgets serr\u00e9s sont mis \u00e0 rude \u00e9preuve depuis l&rsquo;\u00e9pisode du Covid et, plus r\u00e9cemment, les pertes de revenus dues \u00e0 la crise des droits t\u00e9l\u00e9, le <a href=\"https:\/\/www.dna.fr\/sport\/rcsa-racing-club-strasbourg\" target=\"_blank\" rel=\"noopener\">Racing<\/a> ne conna\u00eet pas la crise.<\/p>\n<p>A l&rsquo;\u00e9poque des actionnaires alsaciens r\u00e9unis autour de <a href=\"https:\/\/www.dna.fr\/p\/marc-keller\" target=\"_blank\" rel=\"noopener\">Marc Keller<\/a>, le club strasbourgeois montrait d\u00e9j\u00e0 \u00e0 chaque fois patte blanche lors de l&rsquo;examen devant la DNCG.<\/p>\n<p>Ce contenu est bloqu\u00e9 car vous n&rsquo;avez pas accept\u00e9 les cookies et autres traceurs.<\/p>\n<p>En cliquant sur \u00ab J\u2019accepte \u00bb, les cookies et autres traceurs seront d\u00e9pos\u00e9s et vous pourrez visualiser les contenus  (<a href=\"\" class=\"consentModule_policy\" target=\"_blank\" title=\"Consulter la politique de protection des donn\u00e9es du fournisseur\">plus d&rsquo;informations<\/a>).<\/p>\n<p>En cliquant sur \u00ab J\u2019accepte tous les cookies \u00bb, vous autorisez des d\u00e9p\u00f4ts de cookies et autres traceurs pour le stockage de vos donn\u00e9es sur nos sites et applications \u00e0 des fins de personnalisation et de ciblage publicitaire.<\/p>\n<p class=\"consentModule_secondaryText\">Vous gardez la possibilit\u00e9 de retirer votre consentement \u00e0 tout moment en consultant notre <a href=\"https:\/\/www.dna.fr\/protection-des-donnees\" target=\"_blank\" title=\"Consulter notre politique de protection des donn\u00e9es\" rel=\"noopener\">politique de protection des donn\u00e9es<\/a>. <br \/>&#13;<br \/>\n            <a href=\"https:\/\/www.dna.fr\/sport\/2025\/11\/20\/javascript:Didomi.notice.show()\" class=\"consentModule_cmp\" target=\"_blank\" rel=\"noopener\">G\u00e9rer mes choix<\/a>&#13;\n        <\/p>\n<p>&#13;<br \/>\n                        J&rsquo;accepte&#13;<br \/>\n            J&rsquo;accepte tous les cookies&#13;\n        <\/p>\n<p>  L&rsquo;argent n&rsquo;est plus un probl\u00e8me<\/p>\n<p>Depuis qu&rsquo;il est pass\u00e9 sous contr\u00f4le am\u00e9ricain apr\u00e8s le rachat par le consortium BlueCo \u00e0 l&rsquo;\u00e9t\u00e9 2023, l&rsquo;argent n&rsquo;est plus vraiment un probl\u00e8me. Au m\u00eame titre que le PSG et Auxerre, \u00e9galement auditionn\u00e9s pour le point d&rsquo;\u00e9tape \u00e0 mi-saison, le gendarme financier du foot fran\u00e7ais n&rsquo;a pris aucune mesure contraignante \u00e0 l&rsquo;\u00e9gard du club.<\/p>\n<p>Dans les divisions inf\u00e9rieures, Boulogne et Concarneau (encadrement de la masse salariale) ainsi que Bastia (sursis \u00e0 statuer) ont plus de soucis \u00e0 se faire.\u00a0<\/p>\n","protected":false},"excerpt":{"rendered":"Dans le paysage du foot fran\u00e7ais o\u00f9 les budgets serr\u00e9s sont mis \u00e0 rude \u00e9preuve depuis l&rsquo;\u00e9pisode du&hellip;\n","protected":false},"author":2,"featured_media":547445,"comment_status":"","ping_status":"","sticky":false,"template":"","format":"standard","meta":{"footnotes":""},"categories":[2820],"tags":[328,1111,11,2649,1777,674,107,63,1011,27,775,12,41281,25,517,640],"class_list":{"0":"post-547444","1":"post","2":"type-post","3":"status-publish","4":"format-standard","5":"has-post-thumbnail","7":"category-strasbourg","8":"tag-a-la-une","9":"tag-actu","10":"tag-actualites","11":"tag-bas-rhin","12":"tag-eu","13":"tag-europe","14":"tag-fil-info","15":"tag-football","16":"tag-fr","17":"tag-france","18":"tag-grand-est","19":"tag-news","20":"tag-racing-club-strasbourg-masculin","21":"tag-republique-francaise","22":"tag-sport","23":"tag-strasbourg"},"share_on_mastodon":{"url":"https:\/\/pubeurope.com\/@fr\/115583558931180164","error":""},"_links":{"self":[{"href":"https:\/\/www.europesays.com\/fr\/wp-json\/wp\/v2\/posts\/547444","targetHints":{"allow":["GET"]}}],"collection":[{"href":"https:\/\/www.europesays.com\/fr\/wp-json\/wp\/v2\/posts"}],"about":[{"href":"https:\/\/www.europesays.com\/fr\/wp-json\/wp\/v2\/types\/post"}],"author":[{"embeddable":true,"href":"https:\/\/www.europesays.com\/fr\/wp-json\/wp\/v2\/users\/2"}],"replies":[{"embeddable":true,"href":"https:\/\/www.europesays.com\/fr\/wp-json\/wp\/v2\/comments?post=547444"}],"version-history":[{"count":0,"href":"https:\/\/www.europesays.com\/fr\/wp-json\/wp\/v2\/posts\/547444\/revisions"}],"wp:featuredmedia":[{"embeddable":true,"href":"https:\/\/www.europesays.com\/fr\/wp-json\/wp\/v2\/media\/547445"}],"wp:attachment":[{"href":"https:\/\/www.europesays.com\/fr\/wp-json\/wp\/v2\/media?parent=547444"}],"wp:term":[{"taxonomy":"category","embeddable":true,"href":"https:\/\/www.europesays.com\/fr\/wp-json\/wp\/v2\/categories?post=547444"},{"taxonomy":"post_tag","embeddable":true,"href":"https:\/\/www.europesays.com\/fr\/wp-json\/wp\/v2\/tags?post=547444"}],"curies":[{"name":"wp","href":"https:\/\/api.w.org\/{rel}","templated":true}]}}