{"id":547450,"date":"2025-11-20T19:00:34","date_gmt":"2025-11-20T19:00:34","guid":{"rendered":"https:\/\/www.europesays.com\/fr\/547450\/"},"modified":"2025-11-20T19:00:34","modified_gmt":"2025-11-20T19:00:34","slug":"qui-est-derriere-ces-mysterieux-personnages-aux-couleurs-vives-egayant-les-murs-des-rues-de-2","status":"publish","type":"post","link":"https:\/\/www.europesays.com\/fr\/547450\/","title":{"rendered":"Qui est derri\u00e8re ces myst\u00e9rieux personnages aux couleurs vives \u00e9gayant les murs des rues de"},"content":{"rendered":"<p>On ne distingue pas leurs yeux, mais ils nous regardent, droit dans les pupilles. La peau teint\u00e9e de ciels bleu-vert-jaune, de myst\u00e9rieux personnages s\u2019affichent sur des murs de l\u2019hypercentre de <a href=\"https:\/\/nantes.maville.com\/info\/info-locale\/\" target=\"_self\" rel=\"nofollow noopener\">Nantes,<\/a> depuis quelques jours. Du <a href=\"https:\/\/www.ouest-france.fr\/culture\/arts\/\" target=\"_self\" rel=\"nofollow noopener\">papier kraft peint \u00e0 l\u2019acrylique<\/a>, coll\u00e9 ici et l\u00e0. Rue des Carm\u00e9lites, une casquette jaune viss\u00e9e sur la t\u00eate, l\u2019un est enfonc\u00e9 dans un fauteuil pourpre moelleux comme ceux que peut vendre le magasin d\u2019antiquit\u00e9s plant\u00e9 \u00e0 cet endroit. \u00c0 l\u2019angle des rues de Verdun et Saint-Pierre, un autre\u00a0coiff\u00e9 de rouge, un bidon de lait \u00e0 la main, tourne la t\u00eate vers les passants.<\/p>\n<p>\u00ab\u00a0Il y a toujours un sens\u00a0\u00bb<\/p>\n<p>\t<img decoding=\"async\" src=\"https:\/\/www.europesays.com\/fr\/wp-content\/uploads\/2025\/11\/P35592141D7072747G_px_640_.jpg\" alt=\"photo \u00ab\u00a0le laitier\u00a0\u00bb, sign\u00e9 tehow, est visible \u00e0 l\u2019angle de la rue de verdun et de la rue saint-pierre, dans le centre-ville de nantes (loire-atlantique).  \u00a9  ouest-france\" width=\"640\" title=\" \u00ab\u00a0Le laitier\u00a0\u00bb, sign\u00e9 Tehow, est visible \u00e0 l\u2019angle de la rue de Verdun et de la rue Saint-Pierre, dans le centre-ville de Nantes (Loire-Atlantique).   Ouest-France \"\/><\/p>\n<p class=\"elmt-legende\"> \u00ab\u00a0Le laitier\u00a0\u00bb, sign\u00e9 Tehow, est visible \u00e0 l\u2019angle de la rue de Verdun et de la rue Saint-Pierre, dans le centre-ville de Nantes (Loire-Atlantique).   Ouest-France <\/p>\n<p>Teo Gueguin-Caillaud, alias Tehow, signe ces <a href=\"https:\/\/rennes.maville.com\/actu\/actudet_-les-hauts-lieux-du-street-art-dans-le-grand-ouest-_54135-7005281_actu.Htm\" target=\"_self\" rel=\"nofollow noopener\">cr\u00e9ations picturales urbaines, \u00e9ph\u00e9m\u00e8res par nature.<\/a> <strong>\u00ab\u00a0Il y a toujours un sens. La contemplation, l\u2019anonymat, l\u2019alt\u00e9ration de notre identit\u00e9\u2026\u00a0\u00bb <\/strong>\u00c2g\u00e9 de 27\u00a0ans, ce Nantais (depuis sept ans) est un autodidacte.<strong> \u00ab\u00a0Je fais beaucoup de tableaux, je cherche des choses, j\u2019apprends.\u00a0\u00bb<\/strong> Il colle, <strong>\u00ab\u00a0dans des endroits esth\u00e9tiquement int\u00e9ressants\u00a0\u00bb, <\/strong>ses silhouettes n\u00e9es chez lui. <strong>\u00ab\u00a0Un peu \u00e0 la Ernest Pignon-Ernest <\/strong>[l\u2019un des pr\u00e9curseurs de l\u2019art urbain en France]\u00a0<strong>\u00bb.<\/strong> Soit il a pr\u00e9alablement rep\u00e9r\u00e9 ses spots, soit il tombe dessus, en marchant, ses \u0153uvres roul\u00e9es sous le bras.<\/p>\n<p>Ces prochains jours, vont appara\u00eetre de nouveaux inconnus aux tons satur\u00e9s faisant partie d\u2019une s\u00e9rie de vingt-cinq, pr\u00eats \u00e0 attiser la curiosit\u00e9. Histoire de <strong>\u00ab\u00a0questionner notre rapport au num\u00e9rique, ce que celui-ci engendre\u00a0\u00bb. <\/strong>De l\u2019art bien vivant, entre esth\u00e9tisme et po\u00e9sie\u00a0!<\/p>\n<p>\u00a0<\/p>\n","protected":false},"excerpt":{"rendered":"On ne distingue pas leurs yeux, mais ils nous regardent, droit dans les pupilles. La peau teint\u00e9e de&hellip;\n","protected":false},"author":2,"featured_media":547328,"comment_status":"","ping_status":"","sticky":false,"template":"","format":"standard","meta":{"footnotes":""},"categories":[2818],"tags":[1111,11,18493,66517,1777,674,1011,27,18257,18201,766,12,2636,10043,25,6689,16915,11479,9693],"class_list":{"0":"post-547450","1":"post","2":"type-post","3":"status-publish","4":"format-standard","5":"has-post-thumbnail","7":"category-nantes","8":"tag-actu","9":"tag-actualites","10":"tag-couleurs","11":"tag-egayant","12":"tag-eu","13":"tag-europe","14":"tag-fr","15":"tag-france","16":"tag-murs","17":"tag-mysterieux","18":"tag-nantes","19":"tag-news","20":"tag-pays-de-la-loire","21":"tag-personnages","22":"tag-republique-francaise","23":"tag-roche","24":"tag-rues","25":"tag-vives","26":"tag-yon"},"share_on_mastodon":{"url":"https:\/\/pubeurope.com\/@fr\/115583571498780812","error":""},"_links":{"self":[{"href":"https:\/\/www.europesays.com\/fr\/wp-json\/wp\/v2\/posts\/547450","targetHints":{"allow":["GET"]}}],"collection":[{"href":"https:\/\/www.europesays.com\/fr\/wp-json\/wp\/v2\/posts"}],"about":[{"href":"https:\/\/www.europesays.com\/fr\/wp-json\/wp\/v2\/types\/post"}],"author":[{"embeddable":true,"href":"https:\/\/www.europesays.com\/fr\/wp-json\/wp\/v2\/users\/2"}],"replies":[{"embeddable":true,"href":"https:\/\/www.europesays.com\/fr\/wp-json\/wp\/v2\/comments?post=547450"}],"version-history":[{"count":0,"href":"https:\/\/www.europesays.com\/fr\/wp-json\/wp\/v2\/posts\/547450\/revisions"}],"wp:featuredmedia":[{"embeddable":true,"href":"https:\/\/www.europesays.com\/fr\/wp-json\/wp\/v2\/media\/547328"}],"wp:attachment":[{"href":"https:\/\/www.europesays.com\/fr\/wp-json\/wp\/v2\/media?parent=547450"}],"wp:term":[{"taxonomy":"category","embeddable":true,"href":"https:\/\/www.europesays.com\/fr\/wp-json\/wp\/v2\/categories?post=547450"},{"taxonomy":"post_tag","embeddable":true,"href":"https:\/\/www.europesays.com\/fr\/wp-json\/wp\/v2\/tags?post=547450"}],"curies":[{"name":"wp","href":"https:\/\/api.w.org\/{rel}","templated":true}]}}