{"id":547451,"date":"2025-11-20T19:02:37","date_gmt":"2025-11-20T19:02:37","guid":{"rendered":"https:\/\/www.europesays.com\/fr\/547451\/"},"modified":"2025-11-20T19:02:37","modified_gmt":"2025-11-20T19:02:37","slug":"un-nouveau-marche-de-noel-sinstalle-dans-ce-quartier-historique","status":"publish","type":"post","link":"https:\/\/www.europesays.com\/fr\/547451\/","title":{"rendered":"un nouveau march\u00e9 de No\u00ebl s\u2019installe dans ce quartier historique"},"content":{"rendered":"<p>                    Par<br \/>\n        <strong><br \/>\n            <a href=\"https:\/\/actu.fr\/auteur\/thomas-bernard\" title=\"Consulter tous les articles de Thomas Bernard\" rel=\"nofollow noopener\" target=\"_blank\">Thomas Bernard<\/a><br \/>\n                    <\/strong><\/p>\n<p>        Publi\u00e9 le<\/p>\n<p>            20 nov. 2025 \u00e0 17h43        <\/p>\n<p>Il va y avoir du nouveau le long du Quai de la Fosse. L\u2019association de commer\u00e7ants,<a href=\"https:\/\/www.instagram.com\/lenouveauquai\/\" rel=\"nofollow noopener\" target=\"_blank\"> le Nouveau Quai<\/a> propose une journ\u00e9e festive avant <a href=\"https:\/\/actu.fr\/tag\/noel\" rel=\"nofollow noopener\" target=\"_blank\">No\u00ebl<\/a> avec l\u2019organisation de la premi\u00e8re \u00e9dition du march\u00e9 de No\u00ebl. Plusieurs animations sont pr\u00e9vues<b> le dimanche 14\u00a0d\u00e9cembre 2025<\/b>, place du Commandant Jean L\u2019Herminier.<\/p>\n<p class=\" wall-content\"><a href=\"https:\/\/www.instagram.com\/p\/DQmbOZUjUM2\/embed\" title=\"Ouvrir le lien sur Instagram\" rel=\"nofollow noopener\" target=\"_blank\">Visualiser le contenu sur Instagram<\/a><\/p>\n<p>Artisans, producteurs et cr\u00e9ateurs locaux<\/p>\n<p class=\" wall-content\">Artisans, producteurs et cr\u00e9ateurs locaux seront pr\u00e9sents le 14\u00a0d\u00e9cembre,<b> de 10\u2009h \u00e0 18\u2009h<\/b>. Le tirage au sort de <a href=\"https:\/\/www.facebook.com\/photo?fbid=824906237052585&amp;set=a.519131487630063\" rel=\"nofollow noopener\" target=\"_blank\">la tombola de No\u00ebl<\/a> se d\u00e9roulera \u00e0 14\u2009h.<\/p>\n<p class=\" wall-content\">Les Nantais pourront se d\u00e9salt\u00e9rer \u00e0 la buvette tandis que les plus gourmands pourront manger au stand de restauration et cr\u00eapes. Un Jazz-Band animera \u00e9galement les festivit\u00e9s.<\/p>\n<p class=\" wall-content\">Personnalisez votre actualit\u00e9 en ajoutant vos villes et m\u00e9dias en favori avec <a href=\"https:\/\/moncompte.actu.fr\" title=\"D\u00e9couvez Mon Actu\" rel=\"nofollow noopener\" data-trk=\"{&quot;cta&quot;:{&quot;action&quot;:&quot;https:\\\/\\\/moncompte.actu.fr&quot;,&quot;category&quot;:&quot;mon compte&quot;,&quot;from&quot;:&quot;article footer&quot;,&quot;name&quot;:&quot;Mon actu&quot;,&quot;type&quot;:&quot;cta&quot;}}\" target=\"_blank\">Mon Actu<\/a>.<\/p>\n<p>                    <script async src=\"\/\/www.instagram.com\/embed.js\"><\/script><\/p>\n","protected":false},"excerpt":{"rendered":"Par Thomas Bernard Publi\u00e9 le 20 nov. 2025 \u00e0 17h43 Il va y avoir du nouveau le long&hellip;\n","protected":false},"author":2,"featured_media":547452,"comment_status":"","ping_status":"","sticky":false,"template":"","format":"standard","meta":{"footnotes":""},"categories":[2818],"tags":[1111,11,215,1777,674,1011,27,1652,766,12,15830,2636,25],"class_list":{"0":"post-547451","1":"post","2":"type-post","3":"status-publish","4":"format-standard","5":"has-post-thumbnail","7":"category-nantes","8":"tag-actu","9":"tag-actualites","10":"tag-commerce","11":"tag-eu","12":"tag-europe","13":"tag-fr","14":"tag-france","15":"tag-loisirs-culture","16":"tag-nantes","17":"tag-news","18":"tag-noel","19":"tag-pays-de-la-loire","20":"tag-republique-francaise"},"share_on_mastodon":{"url":"https:\/\/pubeurope.com\/@fr\/115583578578828079","error":""},"_links":{"self":[{"href":"https:\/\/www.europesays.com\/fr\/wp-json\/wp\/v2\/posts\/547451","targetHints":{"allow":["GET"]}}],"collection":[{"href":"https:\/\/www.europesays.com\/fr\/wp-json\/wp\/v2\/posts"}],"about":[{"href":"https:\/\/www.europesays.com\/fr\/wp-json\/wp\/v2\/types\/post"}],"author":[{"embeddable":true,"href":"https:\/\/www.europesays.com\/fr\/wp-json\/wp\/v2\/users\/2"}],"replies":[{"embeddable":true,"href":"https:\/\/www.europesays.com\/fr\/wp-json\/wp\/v2\/comments?post=547451"}],"version-history":[{"count":0,"href":"https:\/\/www.europesays.com\/fr\/wp-json\/wp\/v2\/posts\/547451\/revisions"}],"wp:featuredmedia":[{"embeddable":true,"href":"https:\/\/www.europesays.com\/fr\/wp-json\/wp\/v2\/media\/547452"}],"wp:attachment":[{"href":"https:\/\/www.europesays.com\/fr\/wp-json\/wp\/v2\/media?parent=547451"}],"wp:term":[{"taxonomy":"category","embeddable":true,"href":"https:\/\/www.europesays.com\/fr\/wp-json\/wp\/v2\/categories?post=547451"},{"taxonomy":"post_tag","embeddable":true,"href":"https:\/\/www.europesays.com\/fr\/wp-json\/wp\/v2\/tags?post=547451"}],"curies":[{"name":"wp","href":"https:\/\/api.w.org\/{rel}","templated":true}]}}