{"id":547455,"date":"2025-11-20T19:04:14","date_gmt":"2025-11-20T19:04:14","guid":{"rendered":"https:\/\/www.europesays.com\/fr\/547455\/"},"modified":"2025-11-20T19:04:14","modified_gmt":"2025-11-20T19:04:14","slug":"bordeaux-nest-pas-lanti-davos-cest-deja-lapres-davos-liberation","status":"publish","type":"post","link":"https:\/\/www.europesays.com\/fr\/547455\/","title":{"rendered":"\u00abBordeaux n\u2019est pas l\u2019anti-Davos, c\u2019est d\u00e9j\u00e0 l\u2019apr\u00e8s Davos\u00bb \u2013 Lib\u00e9ration"},"content":{"rendered":"<p class=\"sc-cPiKLX AiZTS text-element\">Cinq continents, 10 800 participants, 907 villes, 109 pays : du 29 au 31 octobre, Bordeaux s\u2019est mu\u00e9e en capitale mondiale de l\u2019Economie sociale et solidaire (ESS). \u00abUne fr\u00e9quentation extraordinaire qui a d\u00e9pass\u00e9, de loin, les pr\u00e9c\u00e9dentes \u00e9ditions. Le signe que l\u2019int\u00e9r\u00eat pour cette \u00e9conomie innovante est de plus en plus marqu\u00e9\u00bb, se r\u00e9jouit Pierre Hurmic, le maire de Bordeaux, ville h\u00f4te de l\u2019\u00e9v\u00e9nement. \u00abNous sommes \u00e0 un moment critique. Il faut nous unir pour soutenir l\u2019\u00e9mergence d\u2019une \u00e9conomie r\u00e9siliente et juste pour le plus grand nombre. Ces forums mondiaux en sont une occasion unique par leur envergure internationale\u00bb, a comment\u00e9 Aude Saldana, secr\u00e9taire g\u00e9n\u00e9rale du Global Social Economy Forum (GSEF). L\u2019\u00e9v\u00e9nement a pourtant failli basculer dans l\u2019incident diplomatique quelques jours avant son ouverture : des dizaines de visas ont \u00e9t\u00e9 refus\u00e9es \u00e0 des d\u00e9l\u00e9gations africaines, obligeant Beno\u00eet Hamon, pr\u00e9sident d\u2019ESS France, \u00e0 s\u2019excuser \u00abau nom de la France\u00bb. La quasi-absence de membres du gouvernement et la diffusion d\u2019un discours enregistr\u00e9 d\u2019Emmanuel Macron, hu\u00e9 par le public, ont elles aussi \u00e9t\u00e9 tr\u00e8s comment\u00e9es. \u00abQuand on compare avec l\u2019\u00e9conomie de la tech, qui repr\u00e9sente moins de 3 % de l\u2019emploi priv\u00e9, vous avez 15 ministres qui se bousculent au moindre salon\u00bb, a ironis\u00e9 Beno\u00eet Hamon lors d\u2019une pl\u00e9ni\u00e8re.<\/p>\n<p class=\"sc-cPiKLX AiZTS text-element\">Ces deux ombres au tableau n\u2019ont pas emp\u00each\u00e9 les couloirs, rebaptis\u00e9s pour l\u2019occasion du nom de figures inspirantes \u2013 Rosa Parks, Flora Tristan, Abdou Salam Fall, George Sand \u2013, de bruisser d\u2019id\u00e9es et de projets autour de \u00abl\u2019\u00e9conomie de demain\u00bb. Pendant soixante-douze heures, des milliers de participants ont martel\u00e9 leur sentiment de vivre en pleine dystopie. \u00abSept des neuf limites plan\u00e9taires sont d\u00e9pass\u00e9es, les in\u00e9galit\u00e9s \u00e0 l\u2019int\u00e9rieur de chaque pays s\u2019accroissent, jamais le monde n\u2019a connu autant de conflits depuis 1946 et les d\u00e9mocraties sont en recul\u00bb, ont retrac\u00e9, lors de la cl\u00f4ture, les signataires d\u2019une feuille de route politique qui conduira au prochain forum \u00e0 Marica au Br\u00e9sil, en 2027. Ils en sont convaincus : \u00abIl appartient aujourd\u2019hui \u00e0 l\u2019ESS de raviver la flamme des id\u00e9aux de la D\u00e9claration de Philadelphie de 1944 pour rappeler qu\u2019une paix durable n\u2019est possible que si elle est assise sur la justice sociale.\u00bb<\/p>\n<p class=\"sc-cPiKLX AiZTS text-element\">Longtemps per\u00e7ue comme une niche, l\u2019ESS s\u2019impose aujourd\u2019hui comme un pilier essentiel de l\u2019\u00e9conomie. Associations, coop\u00e9ratives, mutuelles ou fondations : ces structures partagent une m\u00eame boussole, l\u2019utilit\u00e9 sociale au-del\u00e0 du profit. De la gouvernance d\u00e9mocratique en passant par la lucrativit\u00e9 limit\u00e9e et le r\u00e9investissement des exc\u00e9dents, la performance se mesure par rapport aux effets soci\u00e9taux des entreprises. <a href=\"https:\/\/www.liberation.fr\/forums\/leconomie-sociale-et-solidaire-prend-de-la-valeur-20251106_PN7X7BZHLBEVLHMHQRA2LYRMOQ\/\" target=\"_blank\" rel=\"noopener\" title=\"https:\/\/www.liberation.fr\/forums\/leconomie-sociale-et-solidaire-prend-de-la-valeur-20251106_PN7X7BZHLBEVLHMHQRA2LYRMOQ\/\">Malgr\u00e9 sa discr\u00e9tion et sa relative confidentialit\u00e9, l\u2019ESS p\u00e8se lourd en France<\/a> : pas moins de 10 % du PIB, environ 14 % des emplois priv\u00e9s, et quelque 200 000 structures qui irriguent le territoire. Les secteurs les plus concern\u00e9s sont l\u2019action sociale, la culture, le sport ou le d\u00e9veloppement local. A l\u2019\u00e9chelle mondiale, les contours de l\u2019ESS varient selon les pays, mais la dynamique est claire. Elle repr\u00e9senterait environ 7 % du PIB mondial et mobiliserait des millions d\u2019initiatives locales. Le mouvement global, encore h\u00e9t\u00e9rog\u00e8ne, red\u00e9finit progressivement notre mani\u00e8re de produire de la valeur, en misant sur la solidarit\u00e9, l\u2019impact et la r\u00e9silience. \u00abL\u2019ESS est reconnue comme un levier cl\u00e9 permettant l\u2019atteinte des 17 objectifs de d\u00e9veloppement durable de l\u2019agenda 2030 des Nations unies\u00bb, rappelle Aude Saldana.<\/p>\n<p class=\"sc-cPiKLX AiZTS text-element\">Pendant trois jours, le sommet international de l\u2019ESS a compt\u00e9 pas moins de 169 tables rondes sur une grande diversit\u00e9 de th\u00e8mes. Parmi les parcours de r\u00e9flexions propos\u00e9s, la transition vers l\u2019ESS a largement \u00e9t\u00e9 abord\u00e9e, tout comme l\u2019action en faveur de la transition \u00e9cologique, l\u2019emploi d\u00e9cent, le soin\u2026 Treize s\u00e9ances pl\u00e9ni\u00e8res ont \u00e9galement ponctu\u00e9 le rendez-vous \u00e9conomique, faisant intervenir des acteurs de l\u2019ESS venus du monde entier sur des sujets allant du financement \u00e0 la coordination internationale en passant par les territoires et l\u2019innovation.<\/p>\n<p class=\"sc-cPiKLX AiZTS text-element\">Au Hangar 14, grand lieu de l\u2019\u00e9v\u00e9nementiel bordelais, \u00e9tait organis\u00e9e une place de march\u00e9 engag\u00e9e permettant de \u00abconsommer ESS \u00e0 100 %\u00bb, des ateliers, des spectacles ainsi qu\u2019un espace bodega. Enfin, \u00e0 la Cit\u00e9 bleue se trouvait le QG de la jeunesse pour mettre en lumi\u00e8re les initiatives incluant les nouvelles g\u00e9n\u00e9rations et les possibilit\u00e9s li\u00e9es \u00e0 l\u2019ESS qui se pr\u00e9sentent \u00e0 elles. Parmi les s\u00e9ances pl\u00e9ni\u00e8res qui ont marqu\u00e9 l\u2019\u00e9v\u00e9nement, le th\u00e8me \u00abLe travail d\u00e9cent, une n\u00e9cessit\u00e9 pour l\u2019\u00e9mancipation\u00bb s\u2019est impos\u00e9 le vendredi 31 octobre, exemples concrets \u00e0 l\u2019appui. Livreur Uber Eats \u00e0 Bordeaux, Youssouf Kamara a fait un discours qui a tenu en haleine la salle, \u00e9voquant les difficult\u00e9s li\u00e9es \u00e0 son m\u00e9tier aussi pr\u00e9caire que dangereux. Ce militant pour le travail d\u00e9cent a insist\u00e9 sur le fait que le labeur doit int\u00e9grer la notion de dignit\u00e9 et l\u2019importance de se sentir utile pour la soci\u00e9t\u00e9. Pourtant, les livreurs peinent \u00e0 faire valoir ces besoins\u2026<\/p>\n<p class=\"sc-cPiKLX AiZTS text-element\">Youssouf Kamara a fond\u00e9 l\u2019Association de mobilisation et d\u2019accompagnement des livreurs, l\u2019Amal. En son sein, les livreurs de l\u2019agglom\u00e9ration trouvent un soutien moral mais \u00e9galement mat\u00e9riel. L\u2019association accueille des avocats et des juristes pour assister les livreurs dans leurs nombreuses \u00e9preuves. Youssouf Kamara a d\u2019ailleurs rappel\u00e9 les accidents de la route qui ont ponctu\u00e9 sa carri\u00e8re, et qui sont l\u00e9gion dans ce m\u00e9tier. Le public, tr\u00e8s r\u00e9ceptif \u00e0 sa prise de parole, l\u2019a applaudi \u00e0 de nombreuses reprises, notamment lors d\u2019une coupure de courant inopin\u00e9e. \u00abC\u2019est Uber qui a coup\u00e9 l\u2019\u00e9lectricit\u00e9 !\u00bb, s\u2019est exclam\u00e9 en riant un homme dans la salle.<\/p>\n<p class=\"sc-cPiKLX AiZTS text-element\">La pr\u00e9sidente de l\u2019unit\u00e9 Coop\u00e9ratives, \u00e9conomie sociale et solidaire de l\u2019Organisation internationale du travail (OIT) et du groupe de travail interagences des Nations unies sur l\u2019ESS, Simel Esim, a \u00e9galement donn\u00e9 un discours solennel au lancement du sommet. Elle a rappel\u00e9 l\u2019importance de l\u2019\u00e9volution du monde du travail dans l\u2019environnement actuel : \u00abLes situations de crise, le changement d\u00e9mographique, la digitalisation, la financiarisation, la d\u00e9gradation environnementale et le changement climatique red\u00e9finissent les limites du travail et de l\u2019\u00e9conomie.\u00bb<\/p>\n<p class=\"sc-cPiKLX AiZTS text-element\">Au cours de ces trois journ\u00e9es, une s\u00e9ance pl\u00e9ni\u00e8re a particuli\u00e8rement saisi l\u2019auditoire. Intitul\u00e9e \u00abQuand une dystopie devient r\u00e9alit\u00e9, comment se situe l\u2019ESS ?\u00bb, elle a pos\u00e9 des questions qui r\u00e9sonnent fortement avec l\u2019actualit\u00e9 g\u00e9opolitique : que peut encore l\u2019\u00e9conomie sociale et solidaire face \u00e0 la mont\u00e9e des r\u00e9gimes autoritaires, au recul des d\u00e9mocraties, au retour de l\u2019obscurantisme et \u00e0 l\u2019emprise croissante des r\u00e9ponses technicistes ? Dans un monde que l\u2019on croyait r\u00e9serv\u00e9 aux fictions d\u2019anticipation, saura-t-elle r\u00e9sister ou figurera-t-elle parmi les premi\u00e8res victimes de ces d\u00e9rives ?<\/p>\n<p class=\"sc-cPiKLX AiZTS text-element\">Sur sc\u00e8ne, dans un \u00e9change rare, le maire de Ramallah, Issa Kassis, a rappel\u00e9 que \u00abla r\u00e9silience est une forme de r\u00e9sistance pour les populations palestiniennes qui appliquent l\u2019ESS au quotidien. Quand on \u00e9voque la paix et la justice dans une soci\u00e9t\u00e9, la solidarit\u00e9 est n\u00e9cessaire. En tant que Palestiniens qui vivent sous occupation, elle fait partie de notre ADN\u00bb. Face \u00e0 lui, Beno\u00eet Hamon a r\u00e9affirm\u00e9 la port\u00e9e d\u00e9mocratique de ce mod\u00e8le : \u00abL\u2019ESS, c\u2019est l\u2019un des ingr\u00e9dients par lesquels on \u00e9tend le champ de la d\u00e9mocratie. C\u2019est un antidote \u00e0 la d\u00e9shumanisation de la soci\u00e9t\u00e9 [\u2026], c\u2019est l\u2019un des mod\u00e8les les plus inspirants pour les si\u00e8cles qui viennent.\u00bb<\/p>\n<p class=\"sc-cPiKLX AiZTS text-element\">La jeunesse a elle aussi occup\u00e9 une place forte tout au long du forum. Tr\u00e8s mobilis\u00e9s, de nombreux jeunes ont partag\u00e9 leur exp\u00e9rience avec le public et racont\u00e9 la mani\u00e8re dont l\u2019ESS a profond\u00e9ment marqu\u00e9 leurs trajectoires. C\u2019est le cas de Victoria, 30 ans, dix ans d\u2019engagement au compteur. La jeune femme a retrac\u00e9 ses d\u00e9buts en maraude, \u00abface \u00e0 un public perdu dans une jungle d\u2019aides sociales et de services qui changent tout le temps\u00bb. Etudiante en \u00e9cole d\u2019ing\u00e9nieurs, elle s\u2019est retrouv\u00e9e \u00e0 l\u2019\u00e9poque dans l\u2019incapacit\u00e9 d\u2019orienter correctement les personnes en situation de pr\u00e9carit\u00e9. Son exp\u00e9rience du terrain a abouti \u00e0 la cr\u00e9ation de <a href=\"https:\/\/soliguide.fr\/fr\" target=\"_blank\" rel=\"noopener\" title=\"https:\/\/soliguide.fr\/fr\">Soliguide<\/a>, un outil qui cartographie douches, \u00e9piceries solidaires, cours de fran\u00e7ais, ressources juridiques\u2026 D\u00e9sormais, sa structure couvre 40 d\u00e9partements en France et s\u2019est m\u00eame export\u00e9e en Espagne. La jeune entrepreneure en a profit\u00e9 pour balayer un pr\u00e9jug\u00e9 qui a la vie dure : \u00abL\u2019enjeu, c\u2019est de montrer qu\u2019on peut bosser dans l\u2019\u00e9conomie sociale et en vivre. L\u2019ESS, ce n\u2019est pas que du b\u00e9n\u00e9volat.\u00bb<\/p>\n<p class=\"sc-cPiKLX AiZTS text-element\">Derri\u00e8re l\u2019effervescence du forum, une inqui\u00e9tude reste tenace : comment l\u2019ESS tiendra-t-elle demain, alors que ses financements vacillent ? Fin octobre, l\u2019Union des employeurs de l\u2019\u00e9conomie sociale et solidaire (Udes) alertait : l\u2019avenir de l\u2019ESS s\u2019assombrit nettement avec le projet de loi de finances 2026. Les coupes budg\u00e9taires touchent tous les secteurs, de l\u2019insertion \u00e0 la jeunesse en passant par la culture. Pris en \u00e9tau entre contraction des soutiens publics et hausse des co\u00fbts salariaux, les acteurs de l\u2019ESS alertent sur un \u00abeffet ciseaux\u00bb qui menace des milliers de structures et l\u2019ensemble du mod\u00e8le de coh\u00e9sion sociale. L\u2019Udes appelle \u00e0 un r\u00e9\u00e9quilibrage urgent pour \u00e9viter que cette rigueur comptable ne compromette durablement la capacit\u00e9 de l\u2019ESS \u00e0 jouer son r\u00f4le de pilier social, territorial et \u00e9conomique.<\/p>\n<p class=\"sc-cPiKLX AiZTS text-element\">En d\u00e9pit des inqui\u00e9tudes, le Bordeaux Gsef 2025 s\u2019est achev\u00e9 sur une note d\u2019\u00e9lan collectif, avec la pr\u00e9sentation de trois d\u00e9clarations internationales : la d\u00e9claration de Bordeaux, la d\u00e9claration pour une paix durable et la d\u00e9claration internationale de la jeunesse pour l\u2019ESS. Le premier document s\u2019adresse directement \u00e0 l\u2019ONU, \u00e0 l\u2019Union europ\u00e9enne, aux Etats et aux gouvernements locaux et se d\u00e9cline en une vingtaine d\u2019appels concrets \u00e0 soutenir l\u2019ESS, politiquement, financi\u00e8rement et l\u00e9galement. \u00abBordeaux n\u2019est pas l\u2019anti-Davos. C\u2019est d\u00e9j\u00e0 l\u2019apr\u00e8s Davos\u00bb, a conclu le maire de Bordeaux, en r\u00e9f\u00e9rence au forum \u00e9conomique mondial qui se tient chaque ann\u00e9e dans les Alpes suisses.<\/p>\n","protected":false},"excerpt":{"rendered":"Cinq continents, 10 800 participants, 907 villes, 109 pays : du 29 au 31 octobre, Bordeaux s\u2019est mu\u00e9e&hellip;\n","protected":false},"author":2,"featured_media":547456,"comment_status":"","ping_status":"","sticky":false,"template":"","format":"standard","meta":{"footnotes":""},"categories":[2817],"tags":[1111,11,1997,1777,674,66521,1011,27,12,2219,25],"class_list":{"0":"post-547455","1":"post","2":"type-post","3":"status-publish","4":"format-standard","5":"has-post-thumbnail","7":"category-bordeaux","8":"tag-actu","9":"tag-actualites","10":"tag-bordeaux","11":"tag-eu","12":"tag-europe","13":"tag-forum-solutions-solidaires","14":"tag-fr","15":"tag-france","16":"tag-news","17":"tag-nouvelle-aquitaine","18":"tag-republique-francaise"},"share_on_mastodon":{"url":"https:\/\/pubeurope.com\/@fr\/115583586551588419","error":""},"_links":{"self":[{"href":"https:\/\/www.europesays.com\/fr\/wp-json\/wp\/v2\/posts\/547455","targetHints":{"allow":["GET"]}}],"collection":[{"href":"https:\/\/www.europesays.com\/fr\/wp-json\/wp\/v2\/posts"}],"about":[{"href":"https:\/\/www.europesays.com\/fr\/wp-json\/wp\/v2\/types\/post"}],"author":[{"embeddable":true,"href":"https:\/\/www.europesays.com\/fr\/wp-json\/wp\/v2\/users\/2"}],"replies":[{"embeddable":true,"href":"https:\/\/www.europesays.com\/fr\/wp-json\/wp\/v2\/comments?post=547455"}],"version-history":[{"count":0,"href":"https:\/\/www.europesays.com\/fr\/wp-json\/wp\/v2\/posts\/547455\/revisions"}],"wp:featuredmedia":[{"embeddable":true,"href":"https:\/\/www.europesays.com\/fr\/wp-json\/wp\/v2\/media\/547456"}],"wp:attachment":[{"href":"https:\/\/www.europesays.com\/fr\/wp-json\/wp\/v2\/media?parent=547455"}],"wp:term":[{"taxonomy":"category","embeddable":true,"href":"https:\/\/www.europesays.com\/fr\/wp-json\/wp\/v2\/categories?post=547455"},{"taxonomy":"post_tag","embeddable":true,"href":"https:\/\/www.europesays.com\/fr\/wp-json\/wp\/v2\/tags?post=547455"}],"curies":[{"name":"wp","href":"https:\/\/api.w.org\/{rel}","templated":true}]}}