{"id":547457,"date":"2025-11-20T19:05:24","date_gmt":"2025-11-20T19:05:24","guid":{"rendered":"https:\/\/www.europesays.com\/fr\/547457\/"},"modified":"2025-11-20T19:05:24","modified_gmt":"2025-11-20T19:05:24","slug":"que-va-devenir-le-cynodrome-de-toulouse","status":"publish","type":"post","link":"https:\/\/www.europesays.com\/fr\/547457\/","title":{"rendered":"que va devenir le cynodrome de Toulouse\u00a0?"},"content":{"rendered":"<p>                    Par<br \/>\n        <strong><br \/>\n            <a href=\"https:\/\/actu.fr\/auteur\/marie-lamarque\" title=\"Consulter tous les articles de Marie Lamarque\" target=\"_blank\" rel=\"noopener\">Marie Lamarque<\/a><br \/>\n                    <\/strong><\/p>\n<p>        Publi\u00e9 le<\/p>\n<p>            20 nov. 2025 \u00e0 19h16<br \/>\n        ; mis \u00e0 jour le 20 nov. 2025 \u00e0 19h17    <\/p>\n<p>Un \u00e9quipement \u00ab\u00a0d\u00e9vast\u00e9\u00a0\u00bb, \u00ab\u00a0d\u00e9moli\u00a0\u00bb, \u00ab\u00a0d\u00e9truit\u00a0\u00bb, \u00ab\u00a0saccag\u00e9\u00a0\u00bb. Les adjectifs ne manquaient pas pour d\u00e9finir les importants d\u00e9g\u00e2ts caus\u00e9s au cynodrome de <a href=\"https:\/\/actu.fr\/toulouse\/\" target=\"_blank\" rel=\"noopener\">Toulouse<\/a>. Durant l\u2019\u00e9t\u00e9 2024, le site, qui abrite<strong> une piste d\u00e9di\u00e9e aux courses de l\u00e9vriers<\/strong> dans le quartier de Sesqui\u00e8res, a \u00e9t\u00e9 <strong>occup\u00e9 durant presque deux mois par des gens du voyage<\/strong>. Apr\u00e8s leur d\u00e9part, le Club Toulousain du L\u00e9vrier de Course ne pouvait que <a href=\"https:\/\/actu.fr\/occitanie\/toulouse_31555\/toulouse-occupes-tout-l-ete-par-les-gens-du-voyage-les-locaux-de-ce-club-devastes-et-pilles_61590984.html\" target=\"_blank\" rel=\"noopener\">constater les dommages<\/a>. <strong>Le montant du pr\u00e9judice avait \u00e9t\u00e9 estim\u00e9 \u00e0 450 000 euros<\/strong>. Plus d\u2019un an apr\u00e8s,<strong> Jean-Luc Moudenc<\/strong>, maire de Toulouse, \u00e9tait en visite sur place. Les caravanes ne sont plus l\u00e0, <strong>mais les courses et les entra\u00eenements n\u2019ont jamais repris<\/strong>. Quel avenir s\u2019offre \u00e0 ce site qui c\u00f4toie \u00e0 la fois la base de loisirs de Sesqui\u00e8res et les d\u00e9charges \u00e0 ciel ouvert ?<\/p>\n<p>Comme si le temps s\u2019\u00e9tait arr\u00eat\u00e9\u2026<\/p>\n<p class=\" wall-content\">Depuis le chemin de Fenouillet, ils sont toujours visibles. Les barri\u00e8res et blocs de b\u00e9ton entrepos\u00e9s \u00e0 l\u2019entr\u00e9e pour \u00e9viter une nouvelle intrusion.<\/p>\n<p>    <img   decoding=\"async\" loading=\"lazy\" src=\"https:\/\/www.europesays.com\/fr\/wp-content\/uploads\/2025\/11\/cynodrome-toulouse-chantier-courses-960x640.jpg\" alt=\"\u00c0 l'entr\u00e9e du cynodrome, les blocs de b\u00e9ton font toujours barrage.\" width=\"960\" height=\"640\"\/><br \/>\n    \u00c0 l\u2019entr\u00e9e du cynodrome, les blocs de b\u00e9ton font toujours barrage. (\u00a9Marie Lamarque \/ Actu Toulouse)<\/p>\n<p class=\" wall-content\">La piste de course, quant \u00e0 elle, s\u2019effacerait presque. Les gradins sont d\u00e9pourvus de spectateurs. Le temps semble pratiquement arr\u00eat\u00e9 au cynodrome de Toulouse.\u00a0<\/p>\n<p>    <img   decoding=\"async\" loading=\"lazy\" src=\"https:\/\/www.europesays.com\/fr\/wp-content\/uploads\/2025\/11\/cynodrome-toulouse-travaux-gradins-960x640.jpg\" alt=\"Comme si le temps s'\u00e9tait arr\u00eat\u00e9.\" width=\"960\" height=\"640\"\/><br \/>\n    Comme si le temps s\u2019\u00e9tait arr\u00eat\u00e9. (\u00a9Marie Lamarque \/ Actu Toulouse)<\/p>\n<p class=\" wall-content\"><strong>1,2 million d\u2019euros<\/strong> ont \u00e9t\u00e9 investis par la Ville pour remettre en \u00e9tat le terrain qui s\u2019\u00e9tend sur 36 000 m\u00b2 au total. D\u00e8s juillet, un terrassement a \u00e9t\u00e9 r\u00e9alis\u00e9 sur 22 000 m\u00b2, les r\u00e9seaux, notamment \u00e9lectriques, ont \u00e9t\u00e9 rallong\u00e9s pour desservir la centaine d\u2019emplacements qui ont \u00e9t\u00e9 cr\u00e9\u00e9s.<\/p>\n<p>    <img   decoding=\"async\" loading=\"lazy\" src=\"https:\/\/www.europesays.com\/fr\/wp-content\/uploads\/2025\/11\/cynodrome-toulouse-travaux-terrassement-960x640.jpg\" alt=\"Des travaux de terrassement ont \u00e9t\u00e9 r\u00e9alis\u00e9s.\" width=\"960\" height=\"640\"\/><br \/>\n    Des travaux de terrassement ont \u00e9t\u00e9 r\u00e9alis\u00e9s sur cette zone qui \u00e9tait auparavant enherb\u00e9e. (\u00a9Marie Lamarque \/ Actu Toulouse)<\/p>\n<p class=\" wall-content\">Les premiers \u00e0 en avoir profit\u00e9, ce sont <strong>les forains de la f\u00eate Saint-Michel<\/strong> qui y ont organis\u00e9 leur base de vie en septembre et octobre derniers. Reste encore des op\u00e9rations de nettoyage \u00e0 r\u00e9aliser, particuli\u00e8rement dans le b\u00e2timent qui avait \u00e9t\u00e9 d\u00e9vast\u00e9. Le cynodrome abrite encore des tas de d\u00e9chets.<\/p>\n<p>Votre r\u00e9gion, votre actu !<\/p>\n<p>Recevez chaque jour les infos qui comptent pour vous.<\/p>\n<p>\t<a href=\"https:\/\/actu.fr\/newsletter\" class=\"ac-btn ac-btn--corner ac-btn--medium ac-btn--blue800\" target=\"_blank\" rel=\"noopener\">S&rsquo;incrire<\/a><\/p>\n<p>    <img   decoding=\"async\" loading=\"lazy\" src=\"https:\/\/www.europesays.com\/fr\/wp-content\/uploads\/2025\/11\/dechets-toulouse-cynodrome-nettoyage-960x640.jpg\" alt=\"Sur place restent encore les stigmates de l'occupation ill\u00e9gale par les gens du voyage il y a plus d'un an.\" width=\"960\" height=\"640\"\/><br \/>\n    Sur place restent encore les stigmates de l\u2019occupation ill\u00e9gale par les gens du voyage il y a plus d\u2019un an. (\u00a9Marie Lamarque \/ Actu Toulouse)<img decoding=\"async\" src=\"https:\/\/www.europesays.com\/fr\/wp-content\/uploads\/2025\/11\/degats-cynodrome-toulouse-640x427.png\" alt=\"\" width=\"640\" height=\"427\" loading=\"lazy\"\/>Jean-Luc Moudenc demande une \u00e9volution du cadre l\u00e9gal<\/p>\n<p>\u00c0 la suite des d\u00e9gradations par les gens du voyage, une enqu\u00eate avait \u00e9t\u00e9 ouverte. Mais cette derni\u00e8re n&rsquo;a pas permis d&rsquo;engager une action en justice, ce que d\u00e9plore Jean-Luc Moudenc, ce mercredi. \u00ab\u00a0Quand il y a une occupation illicite, le seul but est l&rsquo;\u00e9vacuation, pas les poursuites. C&rsquo;est l&rsquo;impunit\u00e9 assur\u00e9e. Et la loi oblige \u00e0 prouver la responsabilit\u00e9 individuelle sur chaque d\u00e9gradation. C&rsquo;est impossible \u00e0 faire\u00a0\u00bb, explique-t-il. <br \/>Il y a un an, le maire de la Ville rose avait demand\u00e9 une \u00e9volution du cadre l\u00e9gal \u00ab\u00a0pour que l\u2019impuissance recule et qu\u2019on puisse agir\u00a0\u00bb. Avec plusieurs propositions, comme le raccourcissement des d\u00e9lais des mises \u00e0 ex\u00e9cution des d\u00e9cisions des juges quand ils prononcent une expulsion d\u2019un terrain, la\u00a0cr\u00e9ation d\u2019une circonstance aggravante au d\u00e9lit d\u2019installation illicite\u00a0lorsque des d\u00e9gradations sont commises, l\u2019instauration d\u2019un nouveau\u00a0trouble \u00e0 l\u2019ordre public pour pr\u00e9judice \u00e9cologique\u00a0ou encore le renfort des moyens policiers.<\/p>\n<p>Le cynodrome est vou\u00e9 \u00e0 dispara\u00eetre<\/p>\n<p class=\" wall-content\">Quel avenir imagin\u00e9 pour ce site ? Les \u00e9lus ont fait ce constat ce mercredi 19 novembre 2025 : <strong>le cynodrome de Toulouse, cr\u00e9\u00e9 en 2005, est vou\u00e9 \u00e0 dispara\u00eetre<\/strong>. Le club qui en profitait jadis a d\u00e9m\u00e9nag\u00e9 son activit\u00e9 \u00ab\u00a0\u00e0 Montauban\u00a0\u00bb, pr\u00e9cise<strong> Christian Bourgeois<\/strong>, en charge de la coordination des bases de loisirs m\u00e9tropolitaines. Et d\u2019ajouter qu\u2019il n\u2019a pas souhait\u00e9 revenir \u00e0 Toulouse apr\u00e8s les \u00e9v\u00e8nements de l\u2019\u00e9t\u00e9 2024.<\/p>\n<p class=\" wall-content\">\u00ab\u00a0C\u2019est un terrain qui peut avoir une autre vocation qu\u2019un cynodrome\u00a0\u00bb, observe Jean-Luc Moudenc. Pourquoi pas pour de l\u2019\u00e9v\u00e9nementiel, \u00ab\u00a0des concerts, des rassemblements\u00a0\u00bb, propose <strong>Olivier Arsac<\/strong>, maire de quartier. Et pourquoi pas un nouveau lieu pour \u00ab\u00a0de l\u2019open air\u00a0\u00bb, se questionne le locataire du Capitole qui remarque qu\u2019il y a peu de riverains \u00e0 proximit\u00e9. La r\u00e9flexion est lanc\u00e9e.<\/p>\n<p>    <img   decoding=\"async\" loading=\"lazy\" src=\"https:\/\/www.europesays.com\/fr\/wp-content\/uploads\/2025\/11\/moudenc-bourgeois-toulouse-cynodrome-960x640.png\" alt=\"Jean-Luc Moudenc, pr\u00e9sident de Toulouse M\u00e9tropole, et Christian Bourgeois, en charge de la coordination des bases de loisirs m\u00e9tropolitaines.\" width=\"960\" height=\"640\"\/><br \/>\n    Jean-Luc Moudenc, maire de Toulouse, et Christian Bourgeois, en charge de la coordination des bases de loisirs m\u00e9tropolitaines. (\u00a9Marie Lamarque \/ Actu Toulouse)<\/p>\n<p class=\" wall-content\">D\u2019autant que le site, \u00e0 quelques m\u00e8tres de la Garonne, pourrait encore \u00eatre agrandi. Et il est bord\u00e9 par<strong> un nouveau r\u00e9seau cyclable<\/strong>, <a href=\"https:\/\/actu.fr\/occitanie\/toulouse_31555\/toulouse-metropole-va-creer-une-voie-verte-le-long-de-cet-axe-tres-emprunte-et-mettre-fin-a-une-aberration_62412624.html\" target=\"_blank\" rel=\"noopener\">une voie verte<\/a> qui relie la rue Jean-Gibert \u00e0 Toulouse et la commune de Fenouillet, pour laquelle un budget de \u00ab\u00a0trois millions d\u2019euros\u00a0\u00bb a \u00e9t\u00e9 investi, souligne Olivier Arsac.<\/p>\n<p>    <img   decoding=\"async\" loading=\"lazy\" src=\"https:\/\/www.europesays.com\/fr\/wp-content\/uploads\/2025\/11\/piste-cyclable-toulouse-voie-verte-960x640.jpg\" alt=\"Une nouvelle voie verte a \u00e9t\u00e9 am\u00e9nag\u00e9e aux abords du site.\" width=\"960\" height=\"640\"\/><br \/>\n    Une nouvelle voie verte a \u00e9t\u00e9 am\u00e9nag\u00e9e aux abords du site. (\u00a9Marie Lamarque \/ Actu Toulouse)<br \/>\n    <a href=\"https:\/\/www.google.com\/maps\/embed?pb=!1m18!1m12!1m3!1d2886.8309508120906!2d1.4099692750574409!3d43.65168537110218!2m3!1f0!2f0!3f0!3m2!1i1024!2i768!4f13.1!3m3!1m2!1s0x12aea4e66851ff79%3A0x8a086dff1b72bfab!2s127%20Chem.%20de%20Fenouillet%2C%2031200%20Toulouse!5e0!3m2!1sfr!2sfr!4v1763640386286!5m2!1sfr!2sfr\" title=\"Ouvrie le lien\" target=\"_blank\" rel=\"noopener\">Cliquez ici pour visualiser le contenu<\/a><\/p>\n<p class=\" wall-content\">Personnalisez votre actualit\u00e9 en ajoutant vos villes et m\u00e9dias en favori avec <a href=\"https:\/\/moncompte.actu.fr\" title=\"D\u00e9couvez Mon Actu\" rel=\"nofollow noopener\" data-trk=\"{&quot;cta&quot;:{&quot;action&quot;:&quot;https:\\\/\\\/moncompte.actu.fr&quot;,&quot;category&quot;:&quot;mon compte&quot;,&quot;from&quot;:&quot;article footer&quot;,&quot;name&quot;:&quot;Mon actu&quot;,&quot;type&quot;:&quot;cta&quot;}}\" target=\"_blank\">Mon Actu<\/a>.<\/p>\n","protected":false},"excerpt":{"rendered":"Par Marie Lamarque Publi\u00e9 le 20 nov. 2025 \u00e0 19h16 ; mis \u00e0 jour le 20 nov. 2025&hellip;\n","protected":false},"author":2,"featured_media":547458,"comment_status":"","ping_status":"","sticky":false,"template":"","format":"standard","meta":{"footnotes":""},"categories":[2816],"tags":[1111,11,1777,674,1011,27,12,2680,25,104,2312,2086],"class_list":{"0":"post-547457","1":"post","2":"type-post","3":"status-publish","4":"format-standard","5":"has-post-thumbnail","7":"category-toulouse","8":"tag-actu","9":"tag-actualites","10":"tag-eu","11":"tag-europe","12":"tag-fr","13":"tag-france","14":"tag-news","15":"tag-occitanie","16":"tag-republique-francaise","17":"tag-societe","18":"tag-toulouse","19":"tag-travaux"},"share_on_mastodon":{"url":"https:\/\/pubeurope.com\/@fr\/115583591388379063","error":""},"_links":{"self":[{"href":"https:\/\/www.europesays.com\/fr\/wp-json\/wp\/v2\/posts\/547457","targetHints":{"allow":["GET"]}}],"collection":[{"href":"https:\/\/www.europesays.com\/fr\/wp-json\/wp\/v2\/posts"}],"about":[{"href":"https:\/\/www.europesays.com\/fr\/wp-json\/wp\/v2\/types\/post"}],"author":[{"embeddable":true,"href":"https:\/\/www.europesays.com\/fr\/wp-json\/wp\/v2\/users\/2"}],"replies":[{"embeddable":true,"href":"https:\/\/www.europesays.com\/fr\/wp-json\/wp\/v2\/comments?post=547457"}],"version-history":[{"count":0,"href":"https:\/\/www.europesays.com\/fr\/wp-json\/wp\/v2\/posts\/547457\/revisions"}],"wp:featuredmedia":[{"embeddable":true,"href":"https:\/\/www.europesays.com\/fr\/wp-json\/wp\/v2\/media\/547458"}],"wp:attachment":[{"href":"https:\/\/www.europesays.com\/fr\/wp-json\/wp\/v2\/media?parent=547457"}],"wp:term":[{"taxonomy":"category","embeddable":true,"href":"https:\/\/www.europesays.com\/fr\/wp-json\/wp\/v2\/categories?post=547457"},{"taxonomy":"post_tag","embeddable":true,"href":"https:\/\/www.europesays.com\/fr\/wp-json\/wp\/v2\/tags?post=547457"}],"curies":[{"name":"wp","href":"https:\/\/api.w.org\/{rel}","templated":true}]}}