{"id":547459,"date":"2025-11-20T19:06:21","date_gmt":"2025-11-20T19:06:21","guid":{"rendered":"https:\/\/www.europesays.com\/fr\/547459\/"},"modified":"2025-11-20T19:06:21","modified_gmt":"2025-11-20T19:06:21","slug":"voici-le-nouveau-visage-du-chateau-deau","status":"publish","type":"post","link":"https:\/\/www.europesays.com\/fr\/547459\/","title":{"rendered":"voici le nouveau visage du Ch\u00e2teau d&rsquo;Eau"},"content":{"rendered":"<p>                    Par<br \/>\n        <strong><br \/>\n            <a href=\"https:\/\/actu.fr\/auteur\/gabriel-kenedi\" title=\"Consulter tous les articles de Gabriel Kenedi\" rel=\"nofollow noopener\" target=\"_blank\">Gabriel Kenedi<\/a><br \/>\n                    <\/strong><\/p>\n<p>        Publi\u00e9 le<\/p>\n<p>            20 nov. 2025 \u00e0 20h02        <\/p>\n<p>Haut lieu de la <strong>photographie<\/strong> et v\u00e9ritable <strong>joyau du patrimoine<\/strong> <a href=\"https:\/\/actu.fr\/toulouse\/\" rel=\"nofollow noopener\" target=\"_blank\">\u00e0 Toulouse<\/a>, le <strong>Ch\u00e2teau d\u2019Eau<\/strong> rouvre ses portes au public le samedi 22 novembre 2025, apr\u00e8s avoir b\u00e9n\u00e9fici\u00e9 d\u2019importants travaux de r\u00e9novation (moyennant une enveloppe de 4,2 millions d\u2019euros). Ferm\u00e9 au public depuis plus d\u2019un an, \u00e0 quoi ressemble ce b\u00e2timent embl\u00e9matique de la Ville rose ? On vous le fait visiter en avant-premi\u00e8re.\u00a0<\/p>\n<p>Un lieu longtemps d\u00e9saffect\u00e9\u00a0<\/p>\n<p class=\" wall-content\">\u00c0 partir du samedi 22 novembre 2025, les Toulousains vont pouvoir d\u00e9couvrir le nouvel \u00e9crin de ce <strong>b\u00e2timent charg\u00e9 d\u2019histoire<\/strong>, \u00e9difi\u00e9 en 1823 apr\u00e8s un don du Capitoul Charles Laganne (qui avait l\u00e9gu\u00e9 en 1789 quelque 50 000 pi\u00e8ces d\u2019or \u00e0 la Ville afin d\u2019am\u00e9liorer l\u2019acc\u00e8s \u00e0 l\u2019eau potable).\u00a0<\/p>\n<p class=\" wall-content\">L\u2019eau puis\u00e9e sous l\u2019actuel pont Saint-Michel, d\u00e9barrass\u00e9e de ses boues dans la pairie des Filtres, puis stock\u00e9e dans le ch\u00e2teau d\u2019eau, alimentait alors les <strong>90 fontaines publiques<\/strong> de la Ville rose. Mais 30 ans plus tard, l\u2019eau courante arrivait directement au domicile des Toulousains\u2026 et <strong>le Ch\u00e2teau d\u2019Eau \u00e9tait d\u00e9saffect\u00e9<\/strong>, cinquante ans \u00e0 peine apr\u00e8s sa construction.<\/p>\n<p>La patte de Jean Dieuzaide\u00a0<br \/>\n    <img   decoding=\"async\" loading=\"lazy\" src=\"https:\/\/www.europesays.com\/fr\/wp-content\/uploads\/2025\/11\/chateau-eau-toulouse-credit-gk3-960x640.jpeg\" alt=\"Le magnifique escalier, inacessible au public, est le symbole d'un lieu atypique au niveau architectural. \" width=\"960\" height=\"640\"\/><br \/>\n    Le magnifique escalier, inaccessible au public, est le symbole d\u2019un lieu atypique au niveau architectural. (\u00a9Gabriel Kenedi \/ Actu Toulouse)<\/p>\n<p class=\" wall-content\">Il aura donc fallu attendre un si\u00e8cle pour que<strong> Jean Dieuzaide<\/strong> donne une seconde vie \u00e0 ce Ch\u00e2teau d\u2019Eau reconnaissable gr\u00e2ce \u00e0 sa tour de 30 m\u00e8tres de haut. Le c\u00e9l\u00e8bre photographe toulousain eut l\u2019audace de cr\u00e9er la premi\u00e8re galerie publique de France exclusivement consacr\u00e9e au 8e art. L\u2019inauguration, qui se d\u00e9roule en 1974, est marqu\u00e9e par une exposition consacr\u00e9e \u00e0 Robert Doisneau, qui remporte alors un franc succ\u00e8s. Depuis, quelque <strong>600 expositions<\/strong> ont \u00e9t\u00e9 pr\u00e9sent\u00e9es dans <strong>ce lieu d\u2019expo atypique aux contours cylindriques<\/strong>.\u00a0<\/p>\n<p class=\" wall-content\">Mais ce lieu \u2014 class\u00e9 aux Monuments historiques depuis 1987 \u2014 et qui concentre des contraintes architecturales fortes, n\u2019avait pas connu de travaux d\u2019ampleur depuis les ann\u00e9es 80. Pendant plus d\u2019un an, <strong>d\u2019importants travaux de r\u00e9novation<\/strong> ont donc \u00e9t\u00e9 men\u00e9s afin de remettre le Ch\u00e2teau d\u2019Eau au go\u00fbt du jour.\u00a0<\/p>\n<p>Votre r\u00e9gion, votre actu !<\/p>\n<p>Recevez chaque jour les infos qui comptent pour vous.<\/p>\n<p>\t<a href=\"https:\/\/actu.fr\/newsletter\" class=\"ac-btn ac-btn--corner ac-btn--medium ac-btn--blue800\" rel=\"nofollow noopener\" target=\"_blank\">S&rsquo;incrire<\/a><br \/>\nDes travaux spectaculaires<br \/>\n    <img   decoding=\"async\" loading=\"lazy\" src=\"https:\/\/www.europesays.com\/fr\/wp-content\/uploads\/2025\/11\/chateau-eau-toulouse-credit-gk7-960x640.jpeg\" alt=\"Le Ch\u00e2teau d'eau b\u00e9n\u00e9ficie de nouveaux am\u00e9nagements. \" width=\"960\" height=\"640\"\/><br \/>\n    Le Ch\u00e2teau d\u2019Eau b\u00e9n\u00e9ficie de nouveaux am\u00e9nagements. (\u00a9Gabriel Kenedi \/ Actu Toulouse)<\/p>\n<p class=\" wall-content\">Et les travaux ont \u00e9t\u00e9 parfois spectaculaires ! \u00ab\u00a0Sous le pont neuf, nous avons d\u00e9bouch\u00e9 une arche, ce qui nous a permis <strong>d\u2019augmenter la surface d\u2019exposition de 30<\/strong>%\u00a0\u00bb, indique <strong>Pierre Esplugas-Labatut<\/strong>, adjoint au maire en charge des mus\u00e9es.\u00a0<\/p>\n<p class=\" wall-content\">Les changements sont plut\u00f4t nombreux : les visiteurs passeront d\u00e9sormais par une nouvelle entr\u00e9e, <strong>le pavillon du jardin<\/strong> (qui sert d\u00e9sormais de lieu d\u2019accueil, de billetterie et de boutique), tandis que les diff\u00e9rents espaces ont \u00e9t\u00e9 harmonis\u00e9s, afin de rendre plus lisible le parcours de la visite.\u00a0<\/p>\n<p>\u00ab\u00a0Un lieu plus adapt\u00e9 \u00e0 la cr\u00e9ation photographique actuelle\u00a0\u00bb<br \/>\n    <img   decoding=\"async\" loading=\"lazy\" src=\"https:\/\/www.europesays.com\/fr\/wp-content\/uploads\/2025\/11\/chateau-eau-toulouse-credit-gk-960x640.jpeg\" alt=\"Ce n'est plus \" width=\"960\" height=\"640\"\/><br \/>\n    Ce n\u2019est plus par cette entr\u00e9e que l\u2019on rentre ! (\u00a9Gabriel Kenedi \/ Actu Toulouse)<\/p>\n<p class=\" wall-content\">Car le Ch\u00e2teau d\u2019Eau est un petit labyrinthe\u2026 et <strong>il a fallu jouer \u00e0 Tetris<\/strong> ! Mais \u00e0 l\u2019issue du chantier, le b\u00e2timent principal \u2014 caract\u00e9ris\u00e9 par sa tour de 30 m\u00e8tres de haut \u2014 et la deuxi\u00e8me galerie sont \u00e0 pr\u00e9sent enti\u00e8rement d\u00e9di\u00e9s \u00e0 la visite, tandis que le parc qui entoure l\u2019\u00e9difice a \u00e9galement \u00e9t\u00e9 am\u00e9nag\u00e9. L\u2019espace biblioth\u00e8que et documentation a, lui aussi, \u00e9t\u00e9 a\u00e9r\u00e9 et agrandi. Enfin, et c\u2019est \u00e0 souligner, le lieu est dor\u00e9navant aux normes, niveau accessibilit\u00e9. \u00ab\u00a0Pour la premi\u00e8re fois, le Ch\u00e2teau d\u2019Eau est accessible partout, y compris au sous-sol\u00a0\u00bb, se r\u00e9jouit <strong>Magali Bl\u00e9net<\/strong>, la directrice du Ch\u00e2teau d\u2019Eau.\u00a0<\/p>\n<p class=\" wall-content\">\u00ab\u00a0D\u00e9sormais, le parcours est plus fluide, plus clair et plus adapt\u00e9 \u00e0 la cr\u00e9ation photographique d\u2019aujourd\u2019hui. Jusqu\u2019\u00e0 pr\u00e9sent, on n\u2019avait pas forc\u00e9ment la capacit\u00e9 de pr\u00e9senter de nouvelles formes d\u2019installations ou <strong>des cr\u00e9ations vid\u00e9o<\/strong>. Il fallait donc s\u2019adapter \u00e0 ses nouvelles formes de monstration, et c\u2019est chose faite\u00a0\u00bb, ajoute-t-elle.\u00a0<\/p>\n<p>Une expo inaugurale consacr\u00e9e \u00e0 Sophie Z\u00e9non\u00a0<\/p>\n<p class=\" wall-content\">L\u2019exposition inaugurale, consacr\u00e9e \u00e0 l\u2019\u0153uvre de <strong>Sophie Z\u00e9non<\/strong> et baptis\u00e9e \u00ab\u00a0L\u2019humus du monde\u00a0\u00bb, occupe ainsi <strong>les trois espaces du Ch\u00e2teau d\u2019Eau<\/strong> : les deux \u00e9tages de la tour, et la deuxi\u00e8me galerie.\u00a0<\/p>\n<p class=\" wall-content\">L\u2019artiste y propose <strong>une lecture de son \u0153uvre<\/strong> en s\u2019inspirant de l\u2019architecture si atypique du Ch\u00e2teau d\u2019Eau. \u00ab\u00a0Imaginez, vous \u00eates en for\u00eat un jour d\u2019\u00e9t\u00e9, il fait super chaud et il y a un \u00e9norme orage. Vous marchez, les odeurs montent, les feuilles, la terre, les champignons\u2026 Tout cet humus qui remonte du sol. Pour moi, l\u2019humus, c\u2019est \u00e0 la fois l\u2019accumulation de toutes ces strates de feuilles et d\u2019histoire, cette odeur de d\u00e9composition et le ferment vital qui va donner la source de vie\u2026 Tout mon travail repose sur cette id\u00e9e de passage du temps, de cycle de vie et de mort, de renaissance, de la place laiss\u00e9e \u00e0 la m\u00e9moire, \u00e0 la perte, \u00e0 l\u2019absence, mais aussi \u00e0 l\u2019exil et \u00e0 l\u2019immigration\u00a0\u00bb, explique Sophie Z\u00e9non.<\/p>\n<p class=\" wall-content\">Qui ajoute : \u00ab\u00a0Le lieu a une physionomie tout \u00e0 fait particuli\u00e8re, mais pour moi, le cercle est une m\u00e9taphore fantastique du cycle de la vie et de la mort\u00a0\u00bb.\u00a0<\/p>\n<p class=\" wall-content\">L\u2019exposition se tiendra <strong>du 22 novembre au 8 mars 2025<\/strong>. Suivront dans les prochains mois, des expositions consacr\u00e9es \u00e0 Anne Delplantez, Pierre-Elie de Pibrac ou encore \u00e0 Chema Madoz.\u00a0<\/p>\n<p>Plus d\u2019infos <a href=\"https:\/\/chateaudeau.toulouse.fr\/\" rel=\"nofollow noopener\" target=\"_blank\">sur le site du Ch\u00e2teau d\u2019Eau<\/a>.\u00a0<\/p>\n<p class=\" wall-content\"><strong>Les images du Ch\u00e2teau d\u2019Eau :\u00a0<\/strong><\/p>\n<p class=\" wall-content\">\n    <img   decoding=\"async\" loading=\"lazy\" src=\"https:\/\/www.europesays.com\/fr\/wp-content\/uploads\/2025\/11\/chateau-eau-toulouse-credit-gk4-960x640.jpeg\" alt=\"Dans la tour, l'espace de visite a \u00e9t\u00e9 l\u00e9g\u00e8rement aggrandi. \" width=\"960\" height=\"640\"\/><br \/>\n    Dans la tour, l\u2019espace de visite a \u00e9t\u00e9 l\u00e9g\u00e8rement agrandi. (\u00a9Gabriel Kenedi \/ Actu Toulouse)<br \/>\n    <img   decoding=\"async\" loading=\"lazy\" src=\"https:\/\/www.europesays.com\/fr\/wp-content\/uploads\/2025\/11\/whatsapp-image-2025-11-20-at-174241-960x640.jpeg\" alt=\"La deuxi\u00e8me galerie s'offre un nouveau visage. \" width=\"960\" height=\"640\"\/><br \/>\n    La deuxi\u00e8me galerie s\u2019offre un nouveau visage. (\u00a9Gabriel Kenedi \/ Actu Toulouse)<br \/>\n    <img   decoding=\"async\" loading=\"lazy\" src=\"https:\/\/www.europesays.com\/fr\/wp-content\/uploads\/2025\/11\/whatsapp-image-2025-11-20-at-174331-960x640.jpeg\" alt=\"La deuxi\u00e8me galerie s'offre un nouveau visage. \" width=\"960\" height=\"640\"\/><br \/>\n    La deuxi\u00e8me galerie s\u2019offre un nouveau visage. (\u00a9Gabriel Kenedi \/ Actu Toulouse)<br \/>\n    <img   decoding=\"async\" loading=\"lazy\" src=\"https:\/\/www.europesays.com\/fr\/wp-content\/uploads\/2025\/11\/whatsapp-image-2025-11-20-at-174342-960x640.jpeg\" alt=\"L'espace biblioth\u00e8que a \u00e9t\u00e9 d\u00e9plac\u00e9 et agrandi. \" width=\"960\" height=\"640\"\/><br \/>\n    L\u2019espace biblioth\u00e8que a \u00e9t\u00e9 d\u00e9plac\u00e9 et agrandi. (\u00a9Gabriel Kenedi \/ Actu Toulouse)<\/p>\n<p class=\" wall-content\">Personnalisez votre actualit\u00e9 en ajoutant vos villes et m\u00e9dias en favori avec <a href=\"https:\/\/moncompte.actu.fr\" title=\"D\u00e9couvez Mon Actu\" rel=\"nofollow noopener\" data-trk=\"{&quot;cta&quot;:{&quot;action&quot;:&quot;https:\\\/\\\/moncompte.actu.fr&quot;,&quot;category&quot;:&quot;mon compte&quot;,&quot;from&quot;:&quot;article footer&quot;,&quot;name&quot;:&quot;Mon actu&quot;,&quot;type&quot;:&quot;cta&quot;}}\" target=\"_blank\">Mon Actu<\/a>.<\/p>\n","protected":false},"excerpt":{"rendered":"Par Gabriel Kenedi Publi\u00e9 le 20 nov. 2025 \u00e0 20h02 Haut lieu de la photographie et v\u00e9ritable joyau&hellip;\n","protected":false},"author":2,"featured_media":547460,"comment_status":"","ping_status":"","sticky":false,"template":"","format":"standard","meta":{"footnotes":""},"categories":[2816],"tags":[1111,11,1777,674,1011,27,1652,12,2680,25,1341,2312],"class_list":{"0":"post-547459","1":"post","2":"type-post","3":"status-publish","4":"format-standard","5":"has-post-thumbnail","7":"category-toulouse","8":"tag-actu","9":"tag-actualites","10":"tag-eu","11":"tag-europe","12":"tag-fr","13":"tag-france","14":"tag-loisirs-culture","15":"tag-news","16":"tag-occitanie","17":"tag-republique-francaise","18":"tag-sortir-a-toulouse","19":"tag-toulouse"},"share_on_mastodon":{"url":"https:\/\/pubeurope.com\/@fr\/115583594977169100","error":""},"_links":{"self":[{"href":"https:\/\/www.europesays.com\/fr\/wp-json\/wp\/v2\/posts\/547459","targetHints":{"allow":["GET"]}}],"collection":[{"href":"https:\/\/www.europesays.com\/fr\/wp-json\/wp\/v2\/posts"}],"about":[{"href":"https:\/\/www.europesays.com\/fr\/wp-json\/wp\/v2\/types\/post"}],"author":[{"embeddable":true,"href":"https:\/\/www.europesays.com\/fr\/wp-json\/wp\/v2\/users\/2"}],"replies":[{"embeddable":true,"href":"https:\/\/www.europesays.com\/fr\/wp-json\/wp\/v2\/comments?post=547459"}],"version-history":[{"count":0,"href":"https:\/\/www.europesays.com\/fr\/wp-json\/wp\/v2\/posts\/547459\/revisions"}],"wp:featuredmedia":[{"embeddable":true,"href":"https:\/\/www.europesays.com\/fr\/wp-json\/wp\/v2\/media\/547460"}],"wp:attachment":[{"href":"https:\/\/www.europesays.com\/fr\/wp-json\/wp\/v2\/media?parent=547459"}],"wp:term":[{"taxonomy":"category","embeddable":true,"href":"https:\/\/www.europesays.com\/fr\/wp-json\/wp\/v2\/categories?post=547459"},{"taxonomy":"post_tag","embeddable":true,"href":"https:\/\/www.europesays.com\/fr\/wp-json\/wp\/v2\/tags?post=547459"}],"curies":[{"name":"wp","href":"https:\/\/api.w.org\/{rel}","templated":true}]}}