{"id":547465,"date":"2025-11-20T19:09:11","date_gmt":"2025-11-20T19:09:11","guid":{"rendered":"https:\/\/www.europesays.com\/fr\/547465\/"},"modified":"2025-11-20T19:09:11","modified_gmt":"2025-11-20T19:09:11","slug":"un-dernier-tour-de-piste-avant-lannee-prochaine","status":"publish","type":"post","link":"https:\/\/www.europesays.com\/fr\/547465\/","title":{"rendered":"un dernier tour de piste avant l&rsquo;ann\u00e9e prochaine"},"content":{"rendered":"<p>\u00ab\u00a0\u00c7a fait du bien au corps et au moral\u00a0!\u00a0\u00bb<\/p>\n<p>Pr\u00e8s de la cabine photo install\u00e9e au c\u0153ur de l\u2019espace Bargemon, Odile tient \u00e0 immortaliser le moment avant de se lancer dans un Madison endiabl\u00e9. \u00ab\u00a0Depuis que \u00e7a existe, on y vient\u00a0: on est de vraies habitu\u00e9es et on attend ce rendez-vous chaque mois. \u00c7a nous permet de voir des personnes qu\u2019on n\u2019a pas l\u2019occasion de voir sinon\u00a0\u00bb, se r\u00e9jouit la retrait\u00e9e. \u00c0 ses c\u00f4t\u00e9s, Cl\u00e9mence, 76 ans, patiente, enjou\u00e9e : \u00ab\u00a0On ne s\u2019en lasse pas. \u00c7a fait du bien de s\u2019habiller et de danser. Du bien au corps et au moral\u00a0!\u00a0\u00bb<\/p>\n<p>Derri\u00e8re elle, plusieurs groupes de copines ou de voisines attendent aussi leur tour pour un portrait. \u00ab\u00a0On n\u2019en rate pas un seul et \u00e0 chaque fois, on prend une photo. J\u2019ai m\u00eame des albums sp\u00e9cialement d\u00e9di\u00e9s au bal des seniors\u00a0\u00bb, poursuit Cl\u00e9mence. Pour d\u2019autres, c\u2019est parfois une premi\u00e8re. \u00c0 86\u00a0ans, Jaques est encore h\u00e9sitant. \u00ab\u00a0C\u2019est mon premier bal ici mais certainement pas le dernier. Le sol est id\u00e9al, \u00e7a glisse comme il faut\u00a0\u00bb, assure-t-il. Certains encha\u00eenent les chor\u00e9graphies tandis que d\u2019autres, plus timides, pr\u00e9f\u00e8rent observer depuis l\u2019\u00e9tage. Petite nouveaut\u00e9 de cette derni\u00e8re \u00e9dition de l\u2019ann\u00e9e : une exposition de peintures r\u00e9alis\u00e9es par les clubs seniors. En haut des marches, Edgar et Lucile contemplent les toiles avec attention. \u00ab\u00a0C\u2019est la premi\u00e8re fois que j\u2019expose, j\u2019en suis fier\u00a0\u00bb, commente l\u2019octog\u00e9naire. Pas de slows pr\u00e9vus au programme de ces deux amis, \u00ab\u00a0mais on reviendra l\u2019ann\u00e9e prochaine, c\u2019est s\u00fbr car l\u2019ambiance est au rendez-vous\u00a0\u00bb.<\/p>\n","protected":false},"excerpt":{"rendered":"\u00ab\u00a0\u00c7a fait du bien au corps et au moral\u00a0!\u00a0\u00bb Pr\u00e8s de la cabine photo install\u00e9e au c\u0153ur de&hellip;\n","protected":false},"author":2,"featured_media":547466,"comment_status":"","ping_status":"","sticky":false,"template":"","format":"standard","meta":{"footnotes":""},"categories":[2814],"tags":[17,1111,11,14064,4431,154,1777,674,1011,27,884,12,8061,882,16,25,3552,3584],"class_list":{"0":"post-547465","1":"post","2":"type-post","3":"status-publish","4":"format-standard","5":"has-post-thumbnail","7":"category-marseille","8":"tag-17","9":"tag-actu","10":"tag-actualites","11":"tag-bal","12":"tag-dernier","13":"tag-des","14":"tag-eu","15":"tag-europe","16":"tag-fr","17":"tag-france","18":"tag-marseille","19":"tag-news","20":"tag-piste","21":"tag-provence-alpes-cote-dazur","22":"tag-region","23":"tag-republique-francaise","24":"tag-seniors","25":"tag-tour"},"share_on_mastodon":{"url":"https:\/\/pubeurope.com\/@fr\/115583606075588695","error":""},"_links":{"self":[{"href":"https:\/\/www.europesays.com\/fr\/wp-json\/wp\/v2\/posts\/547465","targetHints":{"allow":["GET"]}}],"collection":[{"href":"https:\/\/www.europesays.com\/fr\/wp-json\/wp\/v2\/posts"}],"about":[{"href":"https:\/\/www.europesays.com\/fr\/wp-json\/wp\/v2\/types\/post"}],"author":[{"embeddable":true,"href":"https:\/\/www.europesays.com\/fr\/wp-json\/wp\/v2\/users\/2"}],"replies":[{"embeddable":true,"href":"https:\/\/www.europesays.com\/fr\/wp-json\/wp\/v2\/comments?post=547465"}],"version-history":[{"count":0,"href":"https:\/\/www.europesays.com\/fr\/wp-json\/wp\/v2\/posts\/547465\/revisions"}],"wp:featuredmedia":[{"embeddable":true,"href":"https:\/\/www.europesays.com\/fr\/wp-json\/wp\/v2\/media\/547466"}],"wp:attachment":[{"href":"https:\/\/www.europesays.com\/fr\/wp-json\/wp\/v2\/media?parent=547465"}],"wp:term":[{"taxonomy":"category","embeddable":true,"href":"https:\/\/www.europesays.com\/fr\/wp-json\/wp\/v2\/categories?post=547465"},{"taxonomy":"post_tag","embeddable":true,"href":"https:\/\/www.europesays.com\/fr\/wp-json\/wp\/v2\/tags?post=547465"}],"curies":[{"name":"wp","href":"https:\/\/api.w.org\/{rel}","templated":true}]}}