{"id":547471,"date":"2025-11-20T19:13:32","date_gmt":"2025-11-20T19:13:32","guid":{"rendered":"https:\/\/www.europesays.com\/fr\/547471\/"},"modified":"2025-11-20T19:13:32","modified_gmt":"2025-11-20T19:13:32","slug":"meteo-le-rhone-et-la-metropole-de-lyon-places-en-vigilance-neige","status":"publish","type":"post","link":"https:\/\/www.europesays.com\/fr\/547471\/","title":{"rendered":"M\u00e9t\u00e9o. Le Rh\u00f4ne et la M\u00e9tropole de Lyon plac\u00e9s en vigilance neige"},"content":{"rendered":"<p>En fin d\u2019apr\u00e8s-midi jeudi 20\u00a0novembre, M\u00e9t\u00e9o-France a plac\u00e9 le d\u00e9partement du Rh\u00f4ne et la m\u00e9tropole de Lyon en vigilance neige et verglas \u00e0 compter de minuit.<\/p>\n<p>Sur X, la pr\u00e9fecture du Rh\u00f4ne annonce que des \u00ab\u00a0chutes de neige sont possibles entre 0 et 3\u00a0cm sur les points les plus hauts du d\u00e9partement\u00a0\u00bb. Elle appelle \u00e0 la prudence et conseille aux automobilistes d\u2019anticiper leurs d\u00e9placements.<\/p>\n<p>Ce contenu est bloqu\u00e9 car vous n&rsquo;avez pas accept\u00e9 les cookies et autres traceurs.<\/p>\n<p>En cliquant sur \u00ab J\u2019accepte \u00bb, les cookies et autres traceurs seront d\u00e9pos\u00e9s et vous pourrez visualiser les contenus  (<a href=\"\" class=\"consentModule_policy\" target=\"_blank\" title=\"Consulter la politique de protection des donn\u00e9es du fournisseur\">plus d&rsquo;informations<\/a>).<\/p>\n<p>En cliquant sur \u00ab J\u2019accepte tous les cookies \u00bb, vous autorisez des d\u00e9p\u00f4ts de cookies et autres traceurs pour le stockage de vos donn\u00e9es sur nos sites et applications \u00e0 des fins de personnalisation et de ciblage publicitaire.<\/p>\n<p class=\"consentModule_secondaryText\">Vous gardez la possibilit\u00e9 de retirer votre consentement \u00e0 tout moment en consultant notre <a href=\"https:\/\/www.leprogres.fr\/protection-des-donnees\" target=\"_blank\" title=\"Consulter notre politique de protection des donn\u00e9es\" rel=\"noopener\">politique de protection des donn\u00e9es<\/a>. <br \/>&#13;<br \/>\n            <a href=\"https:\/\/www.leprogres.fr\/environnement\/2025\/11\/20\/javascript:Didomi.notice.show()\" class=\"consentModule_cmp\" target=\"_blank\" rel=\"noopener\">G\u00e9rer mes choix<\/a>&#13;\n        <\/p>\n<p>&#13;<br \/>\n                        J&rsquo;accepte&#13;<br \/>\n            J&rsquo;accepte tous les cookies&#13;\n        <\/p>\n<p>  Des flocons aper\u00e7us \u00e0 la Croix-Rousse<\/p>\n<p>Plus t\u00f4t ce jeudi, des \u00e9pisodes neigeux ont d\u00e9j\u00e0 fait parler d\u2019eux. De nombreux Rhodaniens ont pu \u00eatre t\u00e9moins de chutes de neige \u00e0 Tarare, mais \u00e9galement dans les monts du Lyonnais et dans le Beaujolais. Des flocons ont \u00e9galement \u00e9t\u00e9 aper\u00e7us \u00e0 la Croix-Rousse sans que le manteau neigeux ne persiste au sol.<\/p>\n<p>Dans la nuit de jeudi \u00e0 vendredi, le Rh\u00f4ne rejoint la Loire et le Jura, d\u00e9partements d\u00e9j\u00e0 plac\u00e9s en vigilance par M\u00e9t\u00e9o-France.<\/p>\n<p>  Les TCL activent leur plan neige<\/p>\n<p>Dans un communiqu\u00e9, les Transports en commun lyonnais annoncent simultan\u00e9ment l\u2019activation de leur \u00ab\u00a0plan hivernal de pr\u00e9vention\u00a0\u00bb.<\/p>\n<p>En concertation avec la M\u00e9t\u00e9o-France, la M\u00e9tropole de Lyon et la pr\u00e9fecture, ils d\u00e9clarent que leurs \u00e9quipes \u00ab\u00a0suivent en temps r\u00e9el l\u2019\u00e9volution de la situation\u00a0\u00bb afin de mettre en place des actions pr\u00e9ventives telles que des arr\u00eats ponctuellement non desservis en cas d\u2019impraticabilit\u00e9, d\u00e9viations, mise en place de terminus provisoires,\u00a0etc&#8230;<\/p>\n<p>Les TCL s\u2019engagent \u00e9galement \u00e0 la r\u00e9alisation de \u00ab\u00a0reconnaissances pr\u00e9coces\u00a0\u00bb sur les secteurs sensibles afin de permettre le salage et le d\u00e9neigement.<\/p>\n","protected":false},"excerpt":{"rendered":"En fin d\u2019apr\u00e8s-midi jeudi 20\u00a0novembre, M\u00e9t\u00e9o-France a plac\u00e9 le d\u00e9partement du Rh\u00f4ne et la m\u00e9tropole de Lyon en&hellip;\n","protected":false},"author":2,"featured_media":547472,"comment_status":"","ping_status":"","sticky":false,"template":"","format":"standard","meta":{"footnotes":""},"categories":[1889],"tags":[1111,11,2430,3152,2757,3153,3154,3155,3156,436,1777,674,107,1011,27,2428,8423,12,25,2429],"class_list":{"0":"post-547471","1":"post","2":"type-post","3":"status-publish","4":"format-standard","5":"has-post-thumbnail","7":"category-lyon","8":"tag-actu","9":"tag-actualites","10":"tag-auvergne-rhone-alpes","11":"tag-edition-est-lyonnais","12":"tag-edition-lyon-villeurbanne","13":"tag-edition-ouest-lyonnais","14":"tag-edition-sud-lyonnais","15":"tag-edition-tarare","16":"tag-edition-villefranche","17":"tag-environnement","18":"tag-eu","19":"tag-europe","20":"tag-fil-info","21":"tag-fr","22":"tag-france","23":"tag-lyon","24":"tag-meteorologie-climat","25":"tag-news","26":"tag-republique-francaise","27":"tag-rhone"},"share_on_mastodon":{"url":"https:\/\/pubeurope.com\/@fr\/115583621723647863","error":""},"_links":{"self":[{"href":"https:\/\/www.europesays.com\/fr\/wp-json\/wp\/v2\/posts\/547471","targetHints":{"allow":["GET"]}}],"collection":[{"href":"https:\/\/www.europesays.com\/fr\/wp-json\/wp\/v2\/posts"}],"about":[{"href":"https:\/\/www.europesays.com\/fr\/wp-json\/wp\/v2\/types\/post"}],"author":[{"embeddable":true,"href":"https:\/\/www.europesays.com\/fr\/wp-json\/wp\/v2\/users\/2"}],"replies":[{"embeddable":true,"href":"https:\/\/www.europesays.com\/fr\/wp-json\/wp\/v2\/comments?post=547471"}],"version-history":[{"count":0,"href":"https:\/\/www.europesays.com\/fr\/wp-json\/wp\/v2\/posts\/547471\/revisions"}],"wp:featuredmedia":[{"embeddable":true,"href":"https:\/\/www.europesays.com\/fr\/wp-json\/wp\/v2\/media\/547472"}],"wp:attachment":[{"href":"https:\/\/www.europesays.com\/fr\/wp-json\/wp\/v2\/media?parent=547471"}],"wp:term":[{"taxonomy":"category","embeddable":true,"href":"https:\/\/www.europesays.com\/fr\/wp-json\/wp\/v2\/categories?post=547471"},{"taxonomy":"post_tag","embeddable":true,"href":"https:\/\/www.europesays.com\/fr\/wp-json\/wp\/v2\/tags?post=547471"}],"curies":[{"name":"wp","href":"https:\/\/api.w.org\/{rel}","templated":true}]}}