{"id":547475,"date":"2025-11-20T19:16:14","date_gmt":"2025-11-20T19:16:14","guid":{"rendered":"https:\/\/www.europesays.com\/fr\/547475\/"},"modified":"2025-11-20T19:16:14","modified_gmt":"2025-11-20T19:16:14","slug":"comment-cette-ecole-de-commerce-a-dupe-des-dizaines-detudiants-de-luniversite-de-creteil","status":"publish","type":"post","link":"https:\/\/www.europesays.com\/fr\/547475\/","title":{"rendered":"Comment cette \u00e9cole de commerce a dup\u00e9 des dizaines d&rsquo;\u00e9tudiants de l&rsquo;universit\u00e9 de Cr\u00e9teil"},"content":{"rendered":"<p>                    Par<br \/>\n        <strong><br \/>\n            <a href=\"https:\/\/actu.fr\/auteur\/antoine-grotteria02\" title=\"Consulter tous les articles de Antoine Grotteria\" target=\"_blank\" rel=\"noopener\">Antoine Grotteria<\/a><br \/>\n                    <\/strong><\/p>\n<p>        Publi\u00e9 le<\/p>\n<p>            20 nov. 2025 \u00e0 19h56        <\/p>\n<p>L\u2019\u00e9difice chancelant de <strong>l\u2019enseignement sup\u00e9rieur public<\/strong> ouvre la br\u00e8che \u00e0 des personnes pas toujours par\u00e9es de vertus. Des jeunes de <a href=\"https:\/\/actu.fr\/ile-de-france\/creteil_94028\/on-leve-des-tabous-a-creteil-cette-appli-originale-aide-les-femmes-en-matiere-de-sante-gynecologique_63329009.html\" target=\"_blank\" rel=\"noopener\">l\u2019universit\u00e9 Paris-Est Cr\u00e9teil<\/a> (<a href=\"https:\/\/actu.fr\/ile-de-france\/val-de-marne_94\" target=\"_blank\" rel=\"noopener\">Val-de-Marne<\/a>) en ont fait l\u2019am\u00e8re l\u2019exp\u00e9rience en avril 2025, au terme de leur cursus. Selon une <a href=\"https:\/\/drive.google.com\/file\/d\/1H4cuxiUk0vggryenHpBOydX8YKooZlWr\/view\" target=\"_blank\" rel=\"noopener\">enqu\u00eate<\/a> publi\u00e9e ce mardi 18 novembre 2025 par la <strong>F\u00e9d\u00e9ration nationale des associations repr\u00e9sentatives des \u00e9tudiants en sciences sociales<\/strong> (Ares), <strong>69 \u00e9tudiants<\/strong> ont \u00e9t\u00e9 inscrits dans une \u00e9cole priv\u00e9e sans consentement. Le statut de l\u2019\u00e9tablissement ne repr\u00e9sente pas a priori un motif de contestation. En revanche, <strong>l\u2019absence de dipl\u00f4me<\/strong> d\u00e9livr\u00e9 par le minist\u00e8re de l\u2019Enseignement sup\u00e9rieur en est l\u00e9gitimement un.\u00a0<\/p>\n<p>Un \u00e9trange recrutement<\/p>\n<p class=\" wall-content\">Ainsi donc ces \u00e9tudiants, qui pensaient rejoindre le master Innovation et Cr\u00e9ation d\u2019entreprise (ICE) de l\u2019Institut d\u2019administration des entreprises (IAE), ont \u00e9t\u00e9 aiguill\u00e9s vers une formation baptis\u00e9e \u00ab\u00a0Business Developpement et Entrepreneuriat\u00a0\u00bb, <strong>faute de place<\/strong> dans le master de l\u2019UPEC. Selon la F\u00e9d\u00e9ration Ares, cette formation pr\u00e9sent\u00e9e comme faisant partie de l\u2019IAE maquillait en r\u00e9alit\u00e9 une <strong>formation priv\u00e9e \u00e0 but lucratif<\/strong> chapeaut\u00e9e par <strong>Makers Factory<\/strong>.\u00a0<\/p>\n<p class=\" wall-content\">Dans l\u2019univers de l\u2019enseignement priv\u00e9, cette marque est bien connue. Elle appartient au <strong>Centre de formation d\u2019apprentis<\/strong> (CFA), mais avec un statut d\u2019association loi 1901. La pratique se r\u00e9v\u00e8le assez monnaie courante. Pourtant, l\u2019Ares met en lumi\u00e8re des modalit\u00e9s de recrutement plus baroques, voire ill\u00e9gales.\u00a0<\/p>\n<p class=\" wall-content\">Car le responsable de l\u2019\u00e9cole n\u2019est autre qu\u2019un intervenant en Master 2 de l\u2019IAE. Pour attirer les \u00e9tudiants vers sa formation, il a donc utilis\u00e9 les ressources de l\u2019universit\u00e9 publique. Une entreprise d\u00e9nonc\u00e9e par l\u2019Ares, qui fustige \u00ab\u00a0<strong>une utilisation de donn\u00e9es personnelles<\/strong> de centaines d\u2019\u00e9tudiants au sein d\u2019une plateforme publique, \u00e0 des fins priv\u00e9es\u00a0\u00bb.\u00a0<\/p>\n<p class=\" wall-content\">En toile de fond de cette affaire, la relation entre l\u2019Upec et Makers Factory. L\u2019Ares assure que l\u2019universit\u00e9 a bien reconnu un projet de partenariat entre les deux parties, sans que ce dernier ait <strong>abouti<\/strong>. \u00ab\u00a0Certains \u00e9l\u00e9ments laissent entendre qu\u2019un projet de partenariat aurait \u00e9t\u00e9 \u00e9voqu\u00e9 sans avoir \u00e9t\u00e9 valid\u00e9 par l\u2019\u00e9tablissement\u00a0\u00bb, indique l\u2019universit\u00e9 dans un communiqu\u00e9. Elle pr\u00e9cise qu\u2019une enqu\u00eate administrative est actuellement en cours avant de rappeler \u00ab\u00a0que ses dipl\u00f4mes nationaux sont d\u00e9livr\u00e9s par ses composantes, selon des r\u00e8gles d\u2019accr\u00e9ditation strictes et ne font l\u2019objet d\u2019aucune sous-traitance ou d\u00e9l\u00e9gation \u00e0 des op\u00e9rateurs priv\u00e9s\u00a0\u00bb.\u00a0De son c\u00f4t\u00e9, le responsable de Makers Factory se d\u00e9fend aupr\u00e8s du Parisien en affirmant avoir \u00ab\u00a0eu l\u2019autorisation \u00e9crite de recruter (des) \u00e9tudiants\u00a0\u00bb.\u00a0<\/p>\n<p>Une explosion de l\u2019enseignement priv\u00e9 et des d\u00e9rives<\/p>\n<p class=\" wall-content\">L\u2019intervenant \u00e0 l\u2019Upec se cache \u00e9galement derri\u00e8re le changement de gouvernance de l\u2019universit\u00e9. Ainsi, la pr\u00e9sidente <a href=\"https:\/\/actu.fr\/ile-de-france\/creteil_94028\/une-de-mes-priorites-est-la-justice-sociale-la-nouvelle-presidente-de-l-universite-de-creteil-fixe-son-cap_63266081.html\" target=\"_blank\" rel=\"noopener\">Karine Verg\u00e8s<\/a> n\u2019aurait pas \u00e9t\u00e9 inform\u00e9e de cette collaboration. L\u2019Ares et l\u2019universit\u00e9 ont saisi le procureur de la R\u00e9publique de Cr\u00e9teil. Le parquet n\u2019a pas pu donner suite \u00e0 nos demandes relatives \u00e0 l\u2019ouverture d\u2019une enqu\u00eate.\u00a0<\/p>\n<p class=\" wall-content\">Ce type de pratiques s\u2019inscrit dans un contexte de croissance importante des \u00e9tablissements de formations priv\u00e9e dans l\u2019enseignement sup\u00e9rieur. En 2023, <a href=\"https:\/\/www.lemonde.fr\/societe\/article\/2023\/07\/13\/l-enseignement-superieur-prive-un-marche-devenu-lucratif-et-illisible_6181815_3224.html\" target=\"_blank\" rel=\"noopener\">Le Monde <\/a>notait que ce bond prenait racine dans <strong>l\u2019abondance des contrats d\u2019apprentissage<\/strong> permis par les pouvoirs publics. Une mani\u00e8re de toucher des milliers d\u2019euros d\u2019argent public gr\u00e2ce au recrutement d\u2019un \u00e9tudiant.<\/p>\n<p>Votre r\u00e9gion, votre actu !<\/p>\n<p>Recevez chaque jour les infos qui comptent pour vous.<\/p>\n<p>\t<a href=\"https:\/\/actu.fr\/newsletter\" class=\"ac-btn ac-btn--corner ac-btn--medium ac-btn--blue800\" target=\"_blank\" rel=\"noopener\">S&rsquo;incrire<\/a><\/p>\n<p class=\" wall-content\">Mais tout sauf l\u2019assurance de recevoir une formation qualitative, comme le rapportait <a href=\"https:\/\/www.letudiant.fr\/etudes\/parcoursup\/on-nous-a-menti-alors-quon-ny-connaissait-rien-des-etudiants-bernes-par-certaines-ecoles-privees-lucratives.html\" target=\"_blank\" rel=\"noopener\">L\u2019Internaute <\/a>en juillet dernier. Face aux d\u00e9rives signal\u00e9es, l\u2019\u00c9tat a cr\u00e9\u00e9 un label d\u2019agr\u00e9gation pour les \u00e9tablissements priv\u00e9s et publics afin de garantir un enseignement de qualit\u00e9. En outre, le <a href=\"https:\/\/www.vie-publique.fr\/loi\/299713-reguler-lenseignement-superieur-prive-derives-projet-de-loi-baptiste\" target=\"_blank\" rel=\"noopener\">projet de loi <\/a>sur <strong>la r\u00e9gulation de l\u2019enseignement sup\u00e9rieur priv\u00e9<\/strong> devait \u00eatre examin\u00e9 \u00e0 l\u2019automne.\u00a0<\/p>\n<p class=\" wall-content\">Personnalisez votre actualit\u00e9 en ajoutant vos villes et m\u00e9dias en favori avec <a href=\"https:\/\/moncompte.actu.fr\" title=\"D\u00e9couvez Mon Actu\" rel=\"nofollow noopener\" data-trk=\"{&quot;cta&quot;:{&quot;action&quot;:&quot;https:\\\/\\\/moncompte.actu.fr&quot;,&quot;category&quot;:&quot;mon compte&quot;,&quot;from&quot;:&quot;article footer&quot;,&quot;name&quot;:&quot;Mon actu&quot;,&quot;type&quot;:&quot;cta&quot;}}\" target=\"_blank\">Mon Actu<\/a>.<\/p>\n","protected":false},"excerpt":{"rendered":"Par Antoine Grotteria Publi\u00e9 le 20 nov. 2025 \u00e0 19h56 L\u2019\u00e9difice chancelant de l\u2019enseignement sup\u00e9rieur public ouvre la&hellip;\n","protected":false},"author":2,"featured_media":547476,"comment_status":"","ping_status":"","sticky":false,"template":"","format":"standard","meta":{"footnotes":""},"categories":[1888],"tags":[1111,1928,11,1927,1057,3513,1064,1777,674,1011,27,12,1926,626,1925,25,104],"class_list":{"0":"post-547475","1":"post","2":"type-post","3":"status-publish","4":"format-standard","5":"has-post-thumbnail","7":"category-paris","8":"tag-actu","9":"tag-actu-paris","10":"tag-actualites","11":"tag-actualites-paris","12":"tag-education","13":"tag-escroquerie","14":"tag-etudiantses","15":"tag-eu","16":"tag-europe","17":"tag-fr","18":"tag-france","19":"tag-news","20":"tag-news-paris","21":"tag-paris","22":"tag-paris-news","23":"tag-republique-francaise","24":"tag-societe"},"share_on_mastodon":{"url":"https:\/\/pubeurope.com\/@fr\/115583633640643129","error":""},"_links":{"self":[{"href":"https:\/\/www.europesays.com\/fr\/wp-json\/wp\/v2\/posts\/547475","targetHints":{"allow":["GET"]}}],"collection":[{"href":"https:\/\/www.europesays.com\/fr\/wp-json\/wp\/v2\/posts"}],"about":[{"href":"https:\/\/www.europesays.com\/fr\/wp-json\/wp\/v2\/types\/post"}],"author":[{"embeddable":true,"href":"https:\/\/www.europesays.com\/fr\/wp-json\/wp\/v2\/users\/2"}],"replies":[{"embeddable":true,"href":"https:\/\/www.europesays.com\/fr\/wp-json\/wp\/v2\/comments?post=547475"}],"version-history":[{"count":0,"href":"https:\/\/www.europesays.com\/fr\/wp-json\/wp\/v2\/posts\/547475\/revisions"}],"wp:featuredmedia":[{"embeddable":true,"href":"https:\/\/www.europesays.com\/fr\/wp-json\/wp\/v2\/media\/547476"}],"wp:attachment":[{"href":"https:\/\/www.europesays.com\/fr\/wp-json\/wp\/v2\/media?parent=547475"}],"wp:term":[{"taxonomy":"category","embeddable":true,"href":"https:\/\/www.europesays.com\/fr\/wp-json\/wp\/v2\/categories?post=547475"},{"taxonomy":"post_tag","embeddable":true,"href":"https:\/\/www.europesays.com\/fr\/wp-json\/wp\/v2\/tags?post=547475"}],"curies":[{"name":"wp","href":"https:\/\/api.w.org\/{rel}","templated":true}]}}