{"id":547478,"date":"2025-11-20T19:18:12","date_gmt":"2025-11-20T19:18:12","guid":{"rendered":"https:\/\/www.europesays.com\/fr\/547478\/"},"modified":"2025-11-20T19:18:12","modified_gmt":"2025-11-20T19:18:12","slug":"ages-de-17-ans-les-deux-adolescents-geraient-un-juteux-trafic-de-drogue-dans-le-13e-arrondissement","status":"publish","type":"post","link":"https:\/\/www.europesays.com\/fr\/547478\/","title":{"rendered":"\u00e2g\u00e9s de 17 ans, les deux adolescents g\u00e9raient un juteux trafic de drogue dans le 13e arrondissement"},"content":{"rendered":"<p>                    Par<br \/>\n        <strong><br \/>\n            <a href=\"https:\/\/actu.fr\/auteur\/antoine-blanchet\" title=\"Consulter tous les articles de Antoine Blanchet\" target=\"_blank\" rel=\"noopener\">Antoine Blanchet<\/a><br \/>\n                    <\/strong><\/p>\n<p>        Publi\u00e9 le<\/p>\n<p>            20 nov. 2025 \u00e0 19h06        <\/p>\n<p>\u00ab\u00a0T\u2019es la plus grosse des m\u2026\u00a0\u00bb, \u00ab\u00a0Esp\u00e8ce de baltringue\u00a0\u00bb\u2026 Ce jeudi 20 novembre 2025, la pr\u00e9sidente de la 23e chambre du tribunal correctionnel de <a href=\"https:\/\/actu.fr\/paris\/\" target=\"_blank\" rel=\"noopener\">Paris<\/a> lance d\u2019une voix sans \u00e9motion les flots d\u2019insultes couch\u00e9s sur le papier. \u00ab\u00a0C\u2019est pas du Shakespeare\u00a0\u00bb, avait averti la magistrate avant de se lancer dans la lecture de ces \u00e9coutes t\u00e9l\u00e9phoniques. Dans son box, Rayan M. garde une certaine nonchalance face \u00e0 ces propos dont il \u00e9tait pourtant le destinataire.<\/p>\n<p class=\" wall-content\">De l\u2019autre c\u00f4t\u00e9 du combin\u00e9, D, alias \u00ab\u00a0Loubardpassage\u00a0\u00bb. Cet adolescent de 17 ans a lanc\u00e9 avec un copain du m\u00eame \u00e2ge dans un <a href=\"https:\/\/actu.fr\/tag\/drogue\" target=\"_blank\" rel=\"noopener\">trafic de drogues<\/a> <strong>dont le centre n\u00e9vralgique \u00e9tait le 13\u1d49 arrondissement.<\/strong> Si les deux dealers en culottes courtes ont d\u00e9j\u00e0 \u00e9t\u00e9 condamn\u00e9s, c\u2019est au tour de Rayan M., l\u2019un de leurs livreurs, de passer \u00e0 la caisse judiciaire.\u00a0<\/p>\n<p>Un trafic \u00e0 deux pas des Olympiades<\/p>\n<p class=\" wall-content\">Dans cette importante affaire o\u00f9 s\u2019entassent poudre blanche, pilules roses et billets verts, tout commence par des rugissements sur l\u2019asphalte. En d\u00e9cembre 2024, un adolescent en v\u00e9hicule <a href=\"https:\/\/actu.fr\/tag\/refus-d-obtemperer\" target=\"_blank\" rel=\"noopener\">refuse d\u2019obtemp\u00e9rer<\/a> aux injonctions de la police. Vite rattrap\u00e9, son t\u00e9l\u00e9phone va servir de tremplin pour un dossier bien plus volumineux. Des jeunes de 17 ans auraient lanc\u00e9 un narcobusiness dans le sud de Paris.\u00a0<\/p>\n<p class=\" wall-content\">Les policiers du 13e se lancent alors dans leurs investigations. Les indices les dirigent vers <strong>la rue Jean-Colly<\/strong>, une petite art\u00e8re \u00e0 quelques encablures des <a href=\"https:\/\/actu.fr\/ile-de-france\/paris_75056\/paris-le-nom-de-ce-quartier-est-un-hommage-aux-jo-ce-qui-n-a-pas-toujours-ete-du-gout-du-comite-olympique_61464705.html\" target=\"_blank\" rel=\"noopener\">Olympiades<\/a>. Des riverains signalent des allers-retours incessants dans un immeuble, qui servirait de lieu de stockage. La surveillance permet d\u2019identifier le bin\u00f4me de lyc\u00e9ens entrepreneurs. L\u2019un des deux est par ailleurs interpell\u00e9 en possession de bonbonnes de <a href=\"https:\/\/actu.fr\/centre-val-de-loire\/orleans_45234\/gaz-hilarant-orleans-interdit-sa-vente-pour-usage-detourne-et-s-attaque-au-probleme-qui-prend-de-l-ampleur_63457475.html\" target=\"_blank\" rel=\"noopener\">gaz hilarant<\/a>.\u00a0<\/p>\n<p>Insultes et micromanagement\u00a0<\/p>\n<p class=\" wall-content\">Les t\u00e9l\u00e9phones du duo sont mis sur \u00e9coute par les agents. Ils r\u00e9v\u00e8lent <strong>un trafic bas\u00e9 sur la livraison \u00e0 domicile<\/strong>. On y fournit de la <a href=\"https:\/\/actu.fr\/tag\/cocaine\" target=\"_blank\" rel=\"noopener\">coca\u00efne<\/a>, du <a href=\"https:\/\/actu.fr\/tag\/cannabis\" target=\"_blank\" rel=\"noopener\">cannabis<\/a>, de la 3-MMC et de l\u2019ecstasy. Plusieurs centaines d\u2019euros circulent chaque jour. Les agents d\u00e9couvrent aussi que les petits businessmen de la dope sont aussi des adeptes du micromanagement toxique. Chaque jour, les livreurs rendent compte de leurs activit\u00e9s et sont insult\u00e9s s\u2019ils sont trop explicites sur leurs activit\u00e9s. Parmi les boucs \u00e9missaires, Rayan M., pourtant de trois ans leur a\u00een\u00e9. Ses deux cadets vont jusqu\u2019\u00e0 le surnommer \u00ab\u00a0trou du c..\u00a0\u00bb sur leur boucle Snapchat.\u00a0<\/p>\n<p class=\" wall-content\">L\u2019aventure entrepreneuriale et d\u00e9lictuelle prend fin en septembre. Les deux jeunes sont interpell\u00e9s. En garde \u00e0 vue, les mineurs sont loin d\u2019\u00eatre impressionn\u00e9s par la machine polici\u00e8re. Le premier reconna\u00eet avec d\u00e9sinvolture avoir fait quelques livraisons pour \u00e9ponger une dette. Le second garde le silence, mais ne peut s\u2019emp\u00eacher de s\u2019esclaffer lorsqu\u2019on lui fait \u00e9couter les \u00e9coutes t\u00e9l\u00e9phoniques.<\/p>\n<p class=\" wall-content\">Quant \u00e0 Rayan M., il est aussi pinc\u00e9. On retrouve chez lui des <strong>pochons de coca\u00efne<\/strong> et plusieurs centaines d\u2019euros en talbins. Ses justifications tiennent de la fantaisie. Fumeur de cannabis, un dealer se serait tromp\u00e9 et lui aurait amen\u00e9 de la coca\u00efne. Une erreur \u00e0 plus de 1 000 euros qui laisse les enqu\u00eateurs sceptiques.\u00a0<\/p>\n<p>Votre r\u00e9gion, votre actu !<\/p>\n<p>Recevez chaque jour les infos qui comptent pour vous.<\/p>\n<p>\t<a href=\"https:\/\/actu.fr\/newsletter\" class=\"ac-btn ac-btn--corner ac-btn--medium ac-btn--blue800\" target=\"_blank\" rel=\"noopener\">S&rsquo;incrire<\/a><br \/>\n\u00ab\u00a0Vous acceptez qu\u2019il vous parle comme \u00e7a ?\u00a0\u00bb<\/p>\n<p class=\" wall-content\">Ce jeudi, le jeune homme au collier de barbe fourni se veut plus franc. \u00ab\u00a0Je livrais juste un petit peu. Et c\u2019est tout\u00a0\u00bb, l\u00e2che le pr\u00e9venu d\u2019un ton calme, qui explique se faire de l\u2019argent pour aider sa m\u00e8re gravement malade. L\u2019euph\u00e9misme ne passe pas pour la pr\u00e9sidente : \u00ab\u00a0Il a \u00e9t\u00e9 \u00e9tabli que vous passiez tous les jours dans l\u2019immeuble o\u00f9 la drogue \u00e9tait stock\u00e9e.\u00a0<\/p>\n<p class=\" wall-content\">La magistrate tente alors de secouer les puces du pr\u00e9venu en agitant les tas d\u2019injures qu\u2019il recevait de ses patrons.\u00a0<\/p>\n<p class=\" wall-content\">\u00ab\u00a0Il vous parle comme un chien alors qu\u2019il a trois ans de moins que vous ! Il vous met des pressions ? Qu\u2019est-ce qu\u2019il faut comprendre ?\u201d, lui demande la juge.\u00a0<\/p>\n<p class=\" wall-content\">L\u2019int\u00e9ress\u00e9 esquive.\u00a0<\/p>\n<p class=\" wall-content\">\u00ab\u00a0N.. ta m\u00e8re\u00a0\u00bb, \u00ab\u00a0fils de p..\u00a0\u00bb, \u00ab\u00a0enc..\u00a0\u00bb, cite la juge pour \u00e9tayer son propos.\u00a0<\/p>\n<p class=\" wall-content\">\u00ab\u00a0Madame la pr\u00e9sidente\u2026\u00a0\u00bb, tente de l\u2019interrompre l\u2019avocat de Rayan M..\u00a0<\/p>\n<p class=\" wall-content\">\u00ab\u00a0C\u2019est pour comprendre. Vous acceptez qu\u2019il vous parle comme \u00e7a ?\u00a0\u00bb, s\u2019impatiente la magistrate.\u00a0<\/p>\n<p class=\" wall-content\">\u00ab\u00a0J\u2019accepte rien du tout. Moi aussi je l\u2019insulte\u00a0\u00bb, l\u00e2che pour toute r\u00e9ponse le pr\u00e9venu, qui a toutefois perdu de sa nonchalance, peut \u00eatre \u00e0 cause des quelques ricanements qui fusent dans la salle.\u00a0<\/p>\n<p>\u00ab\u00a0Vous ne nous aidez pas\u00a0\u00bb<\/p>\n<p class=\" wall-content\">C\u00f4t\u00e9 casier, le livreur ubershit n\u2019en est pas \u00e0 sa premi\u00e8re condamnation. D\u00e9j\u00e0 cinq au compteur. Pour du stup. Une peine de prison avec sursis est d\u2019ailleurs au-dessus de sa t\u00eate. Pour ce qui est des garanties de r\u00e9insertion, elles sont faibles. Rayan M. \u00e9voque de mani\u00e8re sibylline une offre d\u2019emploi dans le b\u00e2timent. Sa m\u00e8re, chez qui il vit, n\u2019est pas l\u00e0. \u00ab\u00a0\u201cC\u2019est malheureux d\u2019envoyer un gamin de 19 ans en d\u00e9tention, mais vous ne nous aidez pas\u201d, se d\u00e9sole la pr\u00e9sidente.\u00a0<\/p>\n<p class=\" wall-content\">Pour le procureur, si le pr\u00e9venu est imperm\u00e9able \u00e0 la sanction, il faut frapper plus fort. Il demande<strong> un an de prison avec maintien en d\u00e9tention<\/strong> et 1500 euros d\u2019amende. Une interdiction d\u2019entrer en contact avec ses deux anciens managers et de para\u00eetre dans le 13e est aussi requise. La derni\u00e8re mesure fait briller une lueur d\u2019inqui\u00e9tude dans le regard de l\u2019int\u00e9ress\u00e9, car cela l\u2019\u00e9loignerait de sa m\u00e8re dont il doit s\u2019occuper.\u00a0<\/p>\n<p>Dix mois ferme\u00a0<\/p>\n<p class=\" wall-content\">\u00ab\u00a0Celui que nous avons dans le box est un livreur. Une petite main. Moi \u00e7a me d\u00e9range de lui faire porter une plus grande responsabilit\u00e9 que les autres\u00a0\u00bb, d\u00e9nonce l\u2019avocat de la d\u00e9fense. Jug\u00e9s quelques semaines auparavant par le<strong> tribunal pour enfants<\/strong>, les deux mineurs ont \u00e9t\u00e9 condamn\u00e9s \u00e0 quatre et six mois de prison. Mettant en avant la d\u00e9tresse de son client, le p\u00e9naliste demande une peine plus cl\u00e9mente.\u00a0<\/p>\n<p class=\" wall-content\">Finalement, le tribunal condamne Rayan M. \u00e0 <strong>dix mois de prison avec maintien en d\u00e9tention<\/strong>, ainsi qu\u2019\u00e0 1 000 euros d\u2019amende. Il ne pourra plus entrer en contact avec ses comparses, mais pourra revenir chez sa m\u00e8re. \u00ab\u00a0Nous avons pris en compte votre jeunesse, mais \u00e7a ne peut pas durer \u00e9ternellement\u00a0\u00bb, ironise la pr\u00e9sidente dans son d\u00e9lib\u00e9r\u00e9.\u00a0<\/p>\n<p class=\" wall-content\">Personnalisez votre actualit\u00e9 en ajoutant vos villes et m\u00e9dias en favori avec <a href=\"https:\/\/moncompte.actu.fr\" title=\"D\u00e9couvez Mon Actu\" rel=\"nofollow noopener\" data-trk=\"{&quot;cta&quot;:{&quot;action&quot;:&quot;https:\\\/\\\/moncompte.actu.fr&quot;,&quot;category&quot;:&quot;mon compte&quot;,&quot;from&quot;:&quot;article footer&quot;,&quot;name&quot;:&quot;Mon actu&quot;,&quot;type&quot;:&quot;cta&quot;}}\" target=\"_blank\">Mon Actu<\/a>.<\/p>\n","protected":false},"excerpt":{"rendered":"Par Antoine Blanchet Publi\u00e9 le 20 nov. 2025 \u00e0 19h06 \u00ab\u00a0T\u2019es la plus grosse des m\u2026\u00a0\u00bb, \u00ab\u00a0Esp\u00e8ce de&hellip;\n","protected":false},"author":2,"featured_media":547479,"comment_status":"","ping_status":"","sticky":false,"template":"","format":"standard","meta":{"footnotes":""},"categories":[1888],"tags":[11,3993,1052,1777,674,118,1011,27,303,12,626,25],"class_list":{"0":"post-547478","1":"post","2":"type-post","3":"status-publish","4":"format-standard","5":"has-post-thumbnail","7":"category-paris","8":"tag-actualites","9":"tag-cocaine","10":"tag-drogue","11":"tag-eu","12":"tag-europe","13":"tag-faits-divers","14":"tag-fr","15":"tag-france","16":"tag-justice","17":"tag-news","18":"tag-paris","19":"tag-republique-francaise"},"share_on_mastodon":{"url":"https:\/\/pubeurope.com\/@fr\/115583641507794308","error":""},"_links":{"self":[{"href":"https:\/\/www.europesays.com\/fr\/wp-json\/wp\/v2\/posts\/547478","targetHints":{"allow":["GET"]}}],"collection":[{"href":"https:\/\/www.europesays.com\/fr\/wp-json\/wp\/v2\/posts"}],"about":[{"href":"https:\/\/www.europesays.com\/fr\/wp-json\/wp\/v2\/types\/post"}],"author":[{"embeddable":true,"href":"https:\/\/www.europesays.com\/fr\/wp-json\/wp\/v2\/users\/2"}],"replies":[{"embeddable":true,"href":"https:\/\/www.europesays.com\/fr\/wp-json\/wp\/v2\/comments?post=547478"}],"version-history":[{"count":0,"href":"https:\/\/www.europesays.com\/fr\/wp-json\/wp\/v2\/posts\/547478\/revisions"}],"wp:featuredmedia":[{"embeddable":true,"href":"https:\/\/www.europesays.com\/fr\/wp-json\/wp\/v2\/media\/547479"}],"wp:attachment":[{"href":"https:\/\/www.europesays.com\/fr\/wp-json\/wp\/v2\/media?parent=547478"}],"wp:term":[{"taxonomy":"category","embeddable":true,"href":"https:\/\/www.europesays.com\/fr\/wp-json\/wp\/v2\/categories?post=547478"},{"taxonomy":"post_tag","embeddable":true,"href":"https:\/\/www.europesays.com\/fr\/wp-json\/wp\/v2\/tags?post=547478"}],"curies":[{"name":"wp","href":"https:\/\/api.w.org\/{rel}","templated":true}]}}