{"id":547492,"date":"2025-11-20T19:25:30","date_gmt":"2025-11-20T19:25:30","guid":{"rendered":"https:\/\/www.europesays.com\/fr\/547492\/"},"modified":"2025-11-20T19:25:30","modified_gmt":"2025-11-20T19:25:30","slug":"les-europeens-et-kyiv-pris-de-court-par-le-nouveau-plan-americano-russe-liberation","status":"publish","type":"post","link":"https:\/\/www.europesays.com\/fr\/547492\/","title":{"rendered":"les Europ\u00e9ens et Kyiv pris de court par le nouveau plan am\u00e9ricano-russe \u2013 Lib\u00e9ration"},"content":{"rendered":"<p class=\"sc-cPiKLX AiZTS text-element\">Pour les Europ\u00e9ens, c\u2019est une nouvelle douche froide dans le ballet diplomatique chaotique que Donald Trump orchestre autour de la guerre en Ukraine. Ces derni\u00e8res semaines, ils croyaient \u2013 sans doute na\u00efvement \u2013 que le pr\u00e9sident am\u00e9ricain commen\u00e7ait enfin \u00e0 prendre la mesure de la duplicit\u00e9 de Vladimir Poutine dans la qu\u00eate d\u2019un accord de paix. Les sanctions <a href=\"https:\/\/www.liberation.fr\/international\/amerique\/nos-conversations-ne-menent-nulle-part-donald-trump-hausse-le-ton-face-a-poutine-de-nouvelles-sanctions-contre-moscou-20251023_YLJOHYFMLFEFVNVGSVHBIBBQKA\/\" target=\"_blank\" rel=\"nofollow noopener\" title=\"https:\/\/www.liberation.fr\/international\/amerique\/nos-conversations-ne-menent-nulle-part-donald-trump-hausse-le-ton-face-a-poutine-de-nouvelles-sanctions-contre-moscou-20251023_YLJOHYFMLFEFVNVGSVHBIBBQKA\/\">impos\u00e9es en octobre<\/a> par Washington contre les g\u00e9ants p\u00e9troliers russes Rosneft et Lukoil avaient donn\u00e9 l\u2019impression d\u2019un durcissement salvateur. <a href=\"https:\/\/www.liberation.fr\/international\/europe\/rencontre-trump-poutine-a-budapest-reportee-une-baffe-pour-viktor-orban-20251022_DY33ZO325BBLVCEBBH64THXHZ4\/\" target=\"_blank\" rel=\"nofollow noopener\" title=\"https:\/\/www.liberation.fr\/international\/europe\/rencontre-trump-poutine-a-budapest-reportee-une-baffe-pour-viktor-orban-20251022_DY33ZO325BBLVCEBBH64THXHZ4\/\">L\u2019annulation du sommet de Budapest<\/a> entre Trump et Poutine, cens\u00e9 prolonger <a href=\"https:\/\/www.liberation.fr\/international\/europe\/sommet-en-alaska-zelensky-parle-de-signaux-positifs&lt;\/p&gt;&lt;\/div&gt;&lt;\/article&gt;&lt;\/div&gt;&lt;div data-fusion-lazy-id=\" f0f8vgvlad832fw=\"\" rel=\"nofollow noopener\" target=\"_blank\"><\/p>\n","protected":false},"excerpt":{"rendered":"Pour les Europ\u00e9ens, c\u2019est une nouvelle douche froide dans le ballet diplomatique chaotique que Donald Trump orchestre autour&hellip;\n","protected":false},"author":2,"featured_media":547493,"comment_status":"","ping_status":"","sticky":false,"template":"","format":"standard","meta":{"footnotes":""},"categories":[1586],"tags":[11,75,73,1777,674,1011,27,5229,12,25,297,364,135],"class_list":{"0":"post-547492","1":"post","2":"type-post","3":"status-publish","4":"format-standard","5":"has-post-thumbnail","7":"category-europe","8":"tag-actualites","9":"tag-donald-trump","10":"tag-etats-unis","11":"tag-eu","12":"tag-europe","13":"tag-fr","14":"tag-france","15":"tag-kaja-kallas","16":"tag-news","17":"tag-republique-francaise","18":"tag-ukraine-la-crise","19":"tag-union-europeenne","20":"tag-vladimir-poutine"},"share_on_mastodon":{"url":"https:\/\/pubeurope.com\/@fr\/115583669031331193","error":""},"_links":{"self":[{"href":"https:\/\/www.europesays.com\/fr\/wp-json\/wp\/v2\/posts\/547492","targetHints":{"allow":["GET"]}}],"collection":[{"href":"https:\/\/www.europesays.com\/fr\/wp-json\/wp\/v2\/posts"}],"about":[{"href":"https:\/\/www.europesays.com\/fr\/wp-json\/wp\/v2\/types\/post"}],"author":[{"embeddable":true,"href":"https:\/\/www.europesays.com\/fr\/wp-json\/wp\/v2\/users\/2"}],"replies":[{"embeddable":true,"href":"https:\/\/www.europesays.com\/fr\/wp-json\/wp\/v2\/comments?post=547492"}],"version-history":[{"count":0,"href":"https:\/\/www.europesays.com\/fr\/wp-json\/wp\/v2\/posts\/547492\/revisions"}],"wp:featuredmedia":[{"embeddable":true,"href":"https:\/\/www.europesays.com\/fr\/wp-json\/wp\/v2\/media\/547493"}],"wp:attachment":[{"href":"https:\/\/www.europesays.com\/fr\/wp-json\/wp\/v2\/media?parent=547492"}],"wp:term":[{"taxonomy":"category","embeddable":true,"href":"https:\/\/www.europesays.com\/fr\/wp-json\/wp\/v2\/categories?post=547492"},{"taxonomy":"post_tag","embeddable":true,"href":"https:\/\/www.europesays.com\/fr\/wp-json\/wp\/v2\/tags?post=547492"}],"curies":[{"name":"wp","href":"https:\/\/api.w.org\/{rel}","templated":true}]}}