{"id":547494,"date":"2025-11-20T19:26:16","date_gmt":"2025-11-20T19:26:16","guid":{"rendered":"https:\/\/www.europesays.com\/fr\/547494\/"},"modified":"2025-11-20T19:26:16","modified_gmt":"2025-11-20T19:26:16","slug":"ninja-na-pas-eu-son-mot-a-dire-le-air-fryer-se-prend-40-dans-la-figure-sur-amazon","status":"publish","type":"post","link":"https:\/\/www.europesays.com\/fr\/547494\/","title":{"rendered":"Ninja n&rsquo;a pas eu son mot \u00e0 dire, le Air Fryer se prend -40% dans la figure sur Amazon"},"content":{"rendered":"<p>Amazon a enfin lanc\u00e9 ses offres du Black Friday. Du 20 novembre au 1er d\u00e9cembre, le site marchand vous propose de faire de nombreuses bonnes affaires. C\u2019est donc le moment ou jamais de faire vos emplettes si vous souhaitez acheter vos cadeaux de No\u00ebl \u00e0 prix malin. L\u2019un des meilleurs deals de l\u2019op\u00e9ration concerne le air fryer Ninja Foodi FlexDrawer, <a href=\"https:\/\/shop.journaldugeek.com\/go\/28325\/\" rel=\"nofollow noopener\" target=\"_blank\">qui passe \u00e0 174 euros au lieu de 279 euros, soit une remise de quasiment -40%<\/a>.<\/p>\n<p class=\"text-center not-prose\"><a class=\"comp-button\" href=\"https:\/\/shop.journaldugeek.com\/go\/28325\/\" target=\"_self\" rel=\"sponsored nofollow noopener\">Je profite de l\u2019offre sur Amazon<\/a><\/p>\n<p>Comme il s\u2019agit de l\u2019op\u00e9ration la plus importante de l\u2019ann\u00e9e sur Amazon, vous trouverez par la m\u00eame occasion les meilleurs prix. Par cons\u00e9quent, les consommateurs se ruent sur les bonnes affaires, qui disparaissent tr\u00e8s rapidement. Le principe du \u201cpremier arriv\u00e9, premier servi\u201d s\u2019applique donc ici. Il est inutile et contre-productif d\u2019attendre le jour du Black Friday (28 novembre), car l\u2019enseigne ne proposera pas de meilleur prix.<\/p>\n<p>Amazon vous fait b\u00e9n\u00e9ficier d\u2019une livraison gratuite et rapide sur cet Air Fryer. De plus, ce mod\u00e8le peut \u00eatre pay\u00e9 en 4 fois sans frais. Ce qui est avantageux si vous souhaitez garder un peu de c\u00f4t\u00e9 pour acheter d\u2019autres choses. La garantie constructeur est aussi bien \u00e9videmment incluse. Enfin, Amazon prolonge son d\u00e9lai de retour jusqu\u2019au 31 janvier 2026, afin de vous permettre de passer tranquillement les f\u00eates sans vous presser. Le retour est gratuit et donne droit \u00e0 un remboursement complet.<\/p>\n<p>Un Air Fryer id\u00e9al pour les familles nombreuses<\/p>\n<p>Le Ninja Foodi FlexDrawer dispose de 7 modes de cuisson (Air Fry, Max Crisp, R\u00f4tir, Cuire au four, R\u00e9chauffer, Faire lever et D\u00e9shydrater. Autant vous dire que cet Air Fryer ne se contente pas uniquement de faire cuire vos frites \u00e0 la perfection.<\/p>\n<p>Ce four \u00e0 air chaud puls\u00e9 vous permet de cuisiner des plats plus sains, mais tout aussi savoureux, avec 75% d\u2019huile en moins. Ce mod\u00e8le dispose d\u2019un grand bac de cuisson d\u2019une capacit\u00e9 totale de 10,4 L.<\/p>\n<p>Vous pouvez \u00e9galement s\u00e9parer cette grande zone en deux, afin d\u2019en obtenir deux distinctes de 5,2 L si vous souhaitez cuire plusieurs aliments en m\u00eame temps en utilisant des programmes diff\u00e9rents.\u00a0Si vous utilisez toute la capacit\u00e9 du tiroir de cuisson, vous pouvez pr\u00e9parer deux poulets entiers de 2 kg chacun ou 3 kg de frites. De quoi nourrir jusqu\u2019\u00e0 8 personnes.<\/p>\n<p>L\u2019autre atout de cet AirFryer, c\u2019est sa vitesse de cuisson, puisqu\u2019il cuit en moyenne 65% plus rapidement qu\u2019un four traditionnel. De quoi vous permettre de r\u00e9aliser \u00e9galement de belles \u00e9conomies d\u2019\u00e9nergie, avec jusqu\u2019\u00e0 45% de consommation \u00e9lectrique en moins.<\/p>\n<p>Tous les accessoires, y compris le bac, du Ninja Foodi FlexDrawer passent au lave-vaisselle. Autre point important \u00e0 noter, du fait de ses dimensions imposantes (32,7 x 31,6 x 49,6 cm), il ne sera pas forc\u00e9ment adapt\u00e9 pour toutes les cuisines.<\/p>\n<p>En bref, ce mod\u00e8le conviendra parfaitement aux familles nombreuses qui souhaitent gagner du temps en cuisine et manger plus sainement. Si vous attendiez la bonne occasion pour vous \u00e9quiper d\u2019un Air Fryer, cette offre du Black Friday tombe \u00e0 pic.<\/p>\n<p>D\u00e9couvrez sans plus attendre cette belle offre du Black Friday, juste ici\u00a0:<\/p>\n<p class=\"text-center not-prose\"><a class=\"comp-button\" href=\"https:\/\/shop.journaldugeek.com\/go\/28325\/\" target=\"_self\" rel=\"sponsored nofollow noopener\">Je profite de l\u2019offre sur Amazon<\/a><\/p>\n<blockquote>\n<p class=\"text-base text-neutral-700 dark:text-neutral-300\">\ud83d\udfe3 Pour ne manquer aucune news sur le Journal du Geek, abonnez-vous sur <a href=\"https:\/\/news.google.com\/publications\/CAAqBwgKMNr_hAswwYyCAw?hl=fr&amp;gl=FR&amp;ceid=FR%3Afr\" target=\"_blank\" rel=\"nofollow noopener\">Google Actualit\u00e9s<\/a> et sur <a href=\"https:\/\/whatsapp.com\/channel\/0029VaClM5y4tRry12tb7D2h\" target=\"_blank\" rel=\"nofollow noopener\">notre WhatsApp<\/a>. Et si vous nous adorez, on a <a href=\"https:\/\/www.journaldugeek.com\/newsletter\/\" target=\"_blank\" rel=\"nofollow noopener\">une newsletter tous les matins<\/a>.<\/p>\n<\/blockquote>\n<p>        Ce qu&rsquo;il faut savoir sur nos bons plans<\/p>\n<p>Ce contenu vous est propos\u00e9 par les experts bons plans de JDG.<br \/>&#13;<br \/>\nLa r\u00e9daction n&rsquo;a pas particip\u00e9 \u00e0 sa r\u00e9alisation. Il est possible que cette publication contienne un lien d&rsquo;affiliation\u00a0: l&rsquo;e-commer\u00e7ant pourra alors nous reverser une commission (pour vous, rien ne change). Les prix mentionn\u00e9s dans cet article sont susceptibles d&rsquo;\u00e9voluer et les offres d&rsquo;expirer. Merci de bien regarder la date de publication.<\/p>\n","protected":false},"excerpt":{"rendered":"Amazon a enfin lanc\u00e9 ses offres du Black Friday. Du 20 novembre au 1er d\u00e9cembre, le site marchand&hellip;\n","protected":false},"author":2,"featured_media":547495,"comment_status":"","ping_status":"","sticky":false,"template":"","format":"standard","meta":{"footnotes":""},"categories":[1586],"tags":[11,1777,674,1779,1011,27,12,25,1778,364],"class_list":{"0":"post-547494","1":"post","2":"type-post","3":"status-publish","4":"format-standard","5":"has-post-thumbnail","7":"category-europe","8":"tag-actualites","9":"tag-eu","10":"tag-europe","11":"tag-european-union","12":"tag-fr","13":"tag-france","14":"tag-news","15":"tag-republique-francaise","16":"tag-ue","17":"tag-union-europeenne"},"share_on_mastodon":{"url":"https:\/\/pubeurope.com\/@fr\/115583672917900103","error":""},"_links":{"self":[{"href":"https:\/\/www.europesays.com\/fr\/wp-json\/wp\/v2\/posts\/547494","targetHints":{"allow":["GET"]}}],"collection":[{"href":"https:\/\/www.europesays.com\/fr\/wp-json\/wp\/v2\/posts"}],"about":[{"href":"https:\/\/www.europesays.com\/fr\/wp-json\/wp\/v2\/types\/post"}],"author":[{"embeddable":true,"href":"https:\/\/www.europesays.com\/fr\/wp-json\/wp\/v2\/users\/2"}],"replies":[{"embeddable":true,"href":"https:\/\/www.europesays.com\/fr\/wp-json\/wp\/v2\/comments?post=547494"}],"version-history":[{"count":0,"href":"https:\/\/www.europesays.com\/fr\/wp-json\/wp\/v2\/posts\/547494\/revisions"}],"wp:featuredmedia":[{"embeddable":true,"href":"https:\/\/www.europesays.com\/fr\/wp-json\/wp\/v2\/media\/547495"}],"wp:attachment":[{"href":"https:\/\/www.europesays.com\/fr\/wp-json\/wp\/v2\/media?parent=547494"}],"wp:term":[{"taxonomy":"category","embeddable":true,"href":"https:\/\/www.europesays.com\/fr\/wp-json\/wp\/v2\/categories?post=547494"},{"taxonomy":"post_tag","embeddable":true,"href":"https:\/\/www.europesays.com\/fr\/wp-json\/wp\/v2\/tags?post=547494"}],"curies":[{"name":"wp","href":"https:\/\/api.w.org\/{rel}","templated":true}]}}