{"id":547500,"date":"2025-11-20T19:29:30","date_gmt":"2025-11-20T19:29:30","guid":{"rendered":"https:\/\/www.europesays.com\/fr\/547500\/"},"modified":"2025-11-20T19:29:30","modified_gmt":"2025-11-20T19:29:30","slug":"accepter-de-perdre-ses-enfants-le-monde-se-rearme-la-france-regarde-ailleurs-liberation","status":"publish","type":"post","link":"https:\/\/www.europesays.com\/fr\/547500\/","title":{"rendered":"\u00abAccepter de perdre ses enfants\u00bb\u00a0?\u00a0Le monde se r\u00e9arme, la France regarde ailleurs\u00a0 \u2013 Lib\u00e9ration"},"content":{"rendered":"<p class=\"sc-cPiKLX AiZTS text-element\">La France n\u2019est pas pr\u00eate \u00e0 la guerre. Alors qu\u2019un conflit se d\u00e9roule aux portes de l\u2019Union depuis 2022, qu\u2019une confrontation avec la Russie est jug\u00e9e probable par l\u2019Otan et les services de renseignements europ\u00e9ens d\u2019ici trois \u00e0 quatre ans, que les Etats-Unis ont retir\u00e9 leur garantie de s\u00e9curit\u00e9 \u00e0 l\u2019Europe, l\u2019Hexagone semble vivre dans un r\u00eave de paix \u00e9ternelle. Un r\u00eave o\u00f9 le d\u00e9bat politique ne bruisse que de l\u2019\u00e2ge de la retraite ou de la recherche du magot mythique qui permettra de continuer \u00e0 d\u00e9penser sans compter. Avec son <a href=\"https:\/\/www.liberation.fr\/politique\/accepter-de-perdre-nos-enfants-les-propos-du-chef-des-armees-font-bondir-au-sein-de-la-classe-politique-20251120_XU37DA34K5CUFDDLUKOC27VWNY\/\" target=\"_blank\" rel=\"noreferrer nofollow noopener\" title=\"https:\/\/www.liberation.fr\/politique\/accepter-de-perdre-nos-enfants-les-propos-du-chef-des-armees-font-bondir-au-sein-de-la-classe-politique-20251120_XU37DA34K5CUFDDLUKOC27VWNY\/\">discours choc devant les maires, le g\u00e9n\u00e9ral Fabien Mandon,<\/a> chef d\u2019\u00e9tat-major des arm\u00e9es, \u00e9videmment sur instruction du chef de l\u2019Etat, chef des arm\u00e9es, n\u2019a fait que souligner ce d\u00e9calage entre l\u2019urgence vitale dans laquelle le monde nous a plong\u00e9s et un pays refusant obstin\u00e9ment de se confronter au r\u00e9el et se croyant \u00e0 l\u2019abri de la nouvelle ligne Maginot qu\u2019est la force nucl\u00e9aire.<\/p>\n<p class=\"sc-cPiKLX AiZTS text-element\">Dans l\u2019Etrange d\u00e9faite, l\u2019historien Marc Bloch pointait, parmi les causes de l\u2019effondrement de l\u2019arm\u00e9e fran\u00e7aise en juin 1940, pourtant consid\u00e9r\u00e9e comme la premi\u00e8re arm<\/p>\n","protected":false},"excerpt":{"rendered":"La France n\u2019est pas pr\u00eate \u00e0 la guerre. Alors qu\u2019un conflit se d\u00e9roule aux portes de l\u2019Union depuis&hellip;\n","protected":false},"author":2,"featured_media":547501,"comment_status":"","ping_status":"","sticky":false,"template":"","format":"standard","meta":{"footnotes":""},"categories":[4],"tags":[11,1011,27,12,25,297,364],"class_list":{"0":"post-547500","1":"post","2":"type-post","3":"status-publish","4":"format-standard","5":"has-post-thumbnail","7":"category-france","8":"tag-actualites","9":"tag-fr","10":"tag-france","11":"tag-news","12":"tag-republique-francaise","13":"tag-ukraine-la-crise","14":"tag-union-europeenne"},"share_on_mastodon":{"url":"https:\/\/pubeurope.com\/@fr\/115583684713275383","error":""},"_links":{"self":[{"href":"https:\/\/www.europesays.com\/fr\/wp-json\/wp\/v2\/posts\/547500","targetHints":{"allow":["GET"]}}],"collection":[{"href":"https:\/\/www.europesays.com\/fr\/wp-json\/wp\/v2\/posts"}],"about":[{"href":"https:\/\/www.europesays.com\/fr\/wp-json\/wp\/v2\/types\/post"}],"author":[{"embeddable":true,"href":"https:\/\/www.europesays.com\/fr\/wp-json\/wp\/v2\/users\/2"}],"replies":[{"embeddable":true,"href":"https:\/\/www.europesays.com\/fr\/wp-json\/wp\/v2\/comments?post=547500"}],"version-history":[{"count":0,"href":"https:\/\/www.europesays.com\/fr\/wp-json\/wp\/v2\/posts\/547500\/revisions"}],"wp:featuredmedia":[{"embeddable":true,"href":"https:\/\/www.europesays.com\/fr\/wp-json\/wp\/v2\/media\/547501"}],"wp:attachment":[{"href":"https:\/\/www.europesays.com\/fr\/wp-json\/wp\/v2\/media?parent=547500"}],"wp:term":[{"taxonomy":"category","embeddable":true,"href":"https:\/\/www.europesays.com\/fr\/wp-json\/wp\/v2\/categories?post=547500"},{"taxonomy":"post_tag","embeddable":true,"href":"https:\/\/www.europesays.com\/fr\/wp-json\/wp\/v2\/tags?post=547500"}],"curies":[{"name":"wp","href":"https:\/\/api.w.org\/{rel}","templated":true}]}}