{"id":547507,"date":"2025-11-20T19:37:11","date_gmt":"2025-11-20T19:37:11","guid":{"rendered":"https:\/\/www.europesays.com\/fr\/547507\/"},"modified":"2025-11-20T19:37:11","modified_gmt":"2025-11-20T19:37:11","slug":"une-nouvelle-recrue-a-luvca-troyes-actualite","status":"publish","type":"post","link":"https:\/\/www.europesays.com\/fr\/547507\/","title":{"rendered":"Une nouvelle recrue \u00e0 l&rsquo;UVCA Troyes &#8211; Actualit\u00e9"},"content":{"rendered":"<p style=\"text-align: justify;\">L&rsquo;UVCA Troyes a d\u00e9voil\u00e9 un nouveau nom de son effectif 2026. Il s&rsquo;agit de Marianne Buchert, qui arrive du Team Ardennes Cyclisme.<\/p>\n<p><strong><a href=\"https:\/\/www.directvelo.com\/coureur\/57639\/marianne-buchert\" target=\"_blank\" rel=\"noopener\">Marianne Buchert<\/a><\/strong>, 18 ans et Junior 2 cette saison, s&rsquo;est distingu\u00e9e sur les Championnats de France cette saison. Elle a d\u00e9croch\u00e9 la m\u00e9daille de bronze du relais mixte avec le comit\u00e9 du Grand Est, la 4e place de la course en ligne et la 10e du contre-la-montre.<\/p>\n<p>Elle a \u00e9galement termin\u00e9 9e du Championnat interr\u00e9gional Bourgogne-Franche-Comt\u00e9 et Grand Est, 19e du Grand Prix d&rsquo;Aix-en-Othe et 23e du Tour de l&rsquo;Orne. Ses r\u00e9sultats lui ont valu la 14e place du Challenge DirectVelo des Juniors. L&rsquo;an dernier, elle avait pris la 15e place du Chrono des Nations.<\/p>\n<p>Retrouvez toutes les mutations du peloton f\u00e9minin <strong><a href=\"https:\/\/www.directvelo.com\/mutations\/2026#teams-women\" target=\"_blank\" rel=\"noopener\">en cliquant ici<\/a><\/strong>.<\/p>\n","protected":false},"excerpt":{"rendered":"L&rsquo;UVCA Troyes a d\u00e9voil\u00e9 un nouveau nom de son effectif 2026. Il s&rsquo;agit de Marianne Buchert, qui arrive&hellip;\n","protected":false},"author":2,"featured_media":547508,"comment_status":"","ping_status":"","sticky":false,"template":"","format":"standard","meta":{"footnotes":""},"categories":[1411],"tags":[834,828,836,829,837,827,83,826,824,823,1154,207,814,817,815,816,822,821,832,211,839,1011,27,820,818,819,835,831,830,833,838,60,212,208,825],"class_list":{"0":"post-547507","1":"post","2":"type-post","3":"status-publish","4":"format-standard","5":"has-post-thumbnail","7":"category-cyclisme","8":"tag-attaque","9":"tag-belgique","10":"tag-braquet","11":"tag-bretagne","12":"tag-chute","13":"tag-competition","14":"tag-coupe-de-france","15":"tag-coureur","16":"tag-course-cyclisme","17":"tag-course-cycliste","18":"tag-cycling","19":"tag-cyclisme","20":"tag-direct","21":"tag-direct-velo","22":"tag-directvelo","23":"tag-directvelo-com","24":"tag-epreuve","25":"tag-epreuve-cycliste","26":"tag-federation-francaise-de-cyclisme","27":"tag-ffc","28":"tag-flandres","29":"tag-fr","30":"tag-france","31":"tag-live","32":"tag-live-course","33":"tag-live-epreuve","34":"tag-peloton","35":"tag-radio-peloton","36":"tag-radio-tour","37":"tag-ravitaillement","38":"tag-relance","39":"tag-sports","40":"tag-uci","41":"tag-velo","42":"tag-velos"},"share_on_mastodon":{"url":"https:\/\/pubeurope.com\/@fr\/115583716205711478","error":""},"_links":{"self":[{"href":"https:\/\/www.europesays.com\/fr\/wp-json\/wp\/v2\/posts\/547507","targetHints":{"allow":["GET"]}}],"collection":[{"href":"https:\/\/www.europesays.com\/fr\/wp-json\/wp\/v2\/posts"}],"about":[{"href":"https:\/\/www.europesays.com\/fr\/wp-json\/wp\/v2\/types\/post"}],"author":[{"embeddable":true,"href":"https:\/\/www.europesays.com\/fr\/wp-json\/wp\/v2\/users\/2"}],"replies":[{"embeddable":true,"href":"https:\/\/www.europesays.com\/fr\/wp-json\/wp\/v2\/comments?post=547507"}],"version-history":[{"count":0,"href":"https:\/\/www.europesays.com\/fr\/wp-json\/wp\/v2\/posts\/547507\/revisions"}],"wp:featuredmedia":[{"embeddable":true,"href":"https:\/\/www.europesays.com\/fr\/wp-json\/wp\/v2\/media\/547508"}],"wp:attachment":[{"href":"https:\/\/www.europesays.com\/fr\/wp-json\/wp\/v2\/media?parent=547507"}],"wp:term":[{"taxonomy":"category","embeddable":true,"href":"https:\/\/www.europesays.com\/fr\/wp-json\/wp\/v2\/categories?post=547507"},{"taxonomy":"post_tag","embeddable":true,"href":"https:\/\/www.europesays.com\/fr\/wp-json\/wp\/v2\/tags?post=547507"}],"curies":[{"name":"wp","href":"https:\/\/api.w.org\/{rel}","templated":true}]}}