{"id":547519,"date":"2025-11-20T19:44:20","date_gmt":"2025-11-20T19:44:20","guid":{"rendered":"https:\/\/www.europesays.com\/fr\/547519\/"},"modified":"2025-11-20T19:44:20","modified_gmt":"2025-11-20T19:44:20","slug":"qui-remplacera-daniel-craig-pour-incarner-james-bond-les-journalistes-de-paris-match-ont-tranche","status":"publish","type":"post","link":"https:\/\/www.europesays.com\/fr\/547519\/","title":{"rendered":"Qui remplacera Daniel Craig pour incarner James Bond ? Les journalistes de Paris Match ont tranch\u00e9"},"content":{"rendered":"<p>C&rsquo;est la question \u00e0 deux millions de livres sterling : quel acteur pour incarner James Bond et succ\u00e9der \u00e0 Daniel Craig ? La r\u00e9daction de Paris Match a \u00e9tabli son podium.<\/p>\n<p>Ce n\u2019est plus qu\u2019une question de semaines (ou de mois&#8230;) avant que l\u2019acteur choisi pour incarner James Bond ne soit r\u00e9v\u00e9l\u00e9 officiellement. En attendant cette grande annonce, les m\u00e9dias du monde entier n\u2019ont eu de cesse de sp\u00e9culer sur la question. Qui est le mieux plac\u00e9 <a href=\"https:\/\/www.parismatch.com\/Culture\/Cinema\/Daniel-Craig-comme-Bond-lui-semble-1761317\" rel=\"nofollow noopener\" target=\"_blank\">pour succ\u00e9der \u00e0 Daniel Craig<\/a>\u00a0? Ce dernier interpr\u00e8te l\u2019agent 007 depuis l\u2019excellent \u00ab\u00a0Casino Royal\u00a0\u00bb en 2006. Vingt ans plus tard, le com\u00e9dien de 57\u00a0ans remise au vestiaire Walther PP et costume trois-pi\u00e8ces, laissant la place \u00e0 un nouveau visage, le huiti\u00e8me depuis la cr\u00e9ation de la saga. En attendant la divulgation, la r\u00e9daction de Paris Match a dress\u00e9 son podium\u00a0:<\/p>\n<ul>\n<li><strong>Idris Elba\u00a0: le vainqueur (haut la main)<\/strong><\/li>\n<\/ul>\n<p>Connu pour son r\u00f4le de d\u00e9tective impulsif dans la s\u00e9rie \u00ab\u00a0Luther\u00a0\u00bb, Idris Elba a longtemps \u00e9t\u00e9 per\u00e7u comme la rel\u00e8ve parfaite de <a href=\"https:\/\/www.parismatch.com\/bio\/daniel-craig\" rel=\"nofollow noopener\" target=\"_blank\">Daniel Craig<\/a>. En 2023, il avait d\u2019ailleurs d\u00e9clar\u00e9 \u00eatre charm\u00e9 par l\u2019id\u00e9e\u00a0: \u00ab\u00a0J\u2019ai \u00e9t\u00e9 super flatt\u00e9 pendant longtemps \u00e0 ce sujet. Je me disais\u00a0:\u00a0\u00ab\u00a0C\u2019est fou\u00a0! James Bond\u2026\u00a0\u00bb\u00a0Nous sommes tous des acteurs et nous comprenons ce r\u00f4le. C\u2019est l\u2019un des plus convoit\u00e9s. Lorsqu\u2019on te demande d\u2019\u00eatre James Bond c\u2019est que tu as en quelque sorte atteint le sommet.\u00a0\u00bb<\/p>\n<p>    La suite apr\u00e8s cette publicit\u00e9<\/p>\n<p>Sa potentielle pr\u00e9sence au casting n\u2019a pas ravi la totalit\u00e9 des fans de l\u2019agent 007.\u00a0Ce qui a pos\u00e9 probl\u00e8me, sans surprise, c\u2019est sa couleur de peau. Bien que l\u2019acteur de 53\u00a0ans soit n\u00e9 \u00e0 Hackney, dans le borough de Londres, ce d\u00e9tail a suscit\u00e9 de scandaleux d\u00e9bats. De quoi le refroidir\u00a0: \u00ab\u00a0Ceux qui n\u2019\u00e9taient pas contents de l\u2019id\u00e9e ont rendu le tout d\u00e9go\u00fbtant et rebutant, car il s\u2019agissait de race. C\u2019est devenu un non-sens et j\u2019en ai fait les frais.\u00a0\u00bb<\/p>\n<p>    La suite apr\u00e8s cette publicit\u00e9<\/p>\n<p>      Idris Elba assiste \u00e0 la premi\u00e8re nord-am\u00e9ricaine du film \u00ab\u00a0A House of Dynamite\u00a0\u00bb lors du 63e Festival du film de New York. L\u2019\u00e9v\u00e9nement s\u2019est tenu \u00e0 l\u2019Alice Tully Hall du Lincoln Center \u00e0 New York.<\/p>\n<p>  \u00a9<br \/>\n      Stephen Lovekin\/Shutterstock\/SIPA<\/p>\n<p>  \/<br \/>\n      Stephen Lovekin\/\/SIPA<\/p>\n<ul>\n<li>Cillian Murphy\u00a0: le deuxi\u00e8me ex \u00e6quo<\/li>\n<\/ul>\n<p>Le nom du charismatique et myst\u00e9rieux <a href=\"https:\/\/www.parismatch.com\/bio\/cillian-murphy\" rel=\"nofollow noopener\" target=\"_blank\">Cillian Murphy<\/a> s\u2019est ajout\u00e9 \u00e0 la liste des potentiels James Bond depuis que le cr\u00e9ateur de la s\u00e9rie culte \u00ab\u00a0Peaky Blinders\u00a0\u00bb est <a href=\"https:\/\/www.parismatch.com\/culture\/cinema\/james-bond-aura-t-il-le-look-dun-peaky-blinders-cillian-murphy-sera-t-il-le-nouveau-007-255053\" rel=\"nofollow noopener\" target=\"_blank\">devenu sc\u00e9nariste du prochain opus<\/a>. Il se chuchote m\u00eame que Barbara Broccoli (la coproductrice des derniers films James Bond) aurait manifest\u00e9 son envie de voir l\u2019acteur de 49\u00a0ans int\u00e9grer le casting. \u00c0 ce sujet, Cillian Murphy n\u2019a rien r\u00e9pondu, laissant le myst\u00e8re entier.<\/p>\n<p>      Cillian Murphy assiste \u00e0 l&rsquo;avant-premi\u00e8re britannique de \u00ab\u00a0Steve\u00a0\u00bb au cin\u00e9ma Curzon Mayfair, en Angleterre. Royaume-Uni. Mardi 16 septembre 2025.<\/p>\n<p>  \u00a9<br \/>\n      Lounis Tiar \/ SOPA\/SIPA<\/p>\n<p>  \/<br \/>\n      Lounis Tiar \/ SOPA\/SIPA<\/p>\n<ul>\n<li>Reg\u00e9-Jean Page\u00a0: le deuxi\u00e8me ex \u00e6quo<\/li>\n<\/ul>\n<p>Moins connu que les autres acteurs de ce podium, <a href=\"https:\/\/www.parismatch.com\/Vivre\/Montres\/Rege-Jean-Page-incarne-l-elegance-selon-Longines-1767712\" rel=\"nofollow noopener\" target=\"_blank\">Reg\u00e9-Jean Page<\/a> doit sa notori\u00e9t\u00e9 au r\u00f4le de Simon Basset <a href=\"https:\/\/www.parismatch.com\/Culture\/Medias\/La-Chronique-des-Bridgerton-Depart-d-un-acteur-phare-de-la-serie-1732068\" rel=\"nofollow noopener\" target=\"_blank\">dans la s\u00e9rie \u00ab\u00a0La Chronique des Bridgerton\u00a0\u00bb<\/a>. Depuis, il a figur\u00e9 au casting du film \u00ab\u00a0The Insider\u00a0\u00bb sorti en mars dernier, donnant la r\u00e9plique \u00e0 Cate Blanchett et Pierce Brosnan. Sa pr\u00e9sence sur le plateau de tournage du prochain James Bond a longtemps fait d\u00e9battre la sph\u00e8re cin\u00e9phile. Une rumeur qu\u2019il n\u2019a pas manqu\u00e9 de remettre en question au micro de \u00ab\u00a0Entertainment Tonight\u00a0\u00bb\u00a0:<\/p>\n<p>    La suite apr\u00e8s cette publicit\u00e9<\/p>\n<p>    La suite apr\u00e8s cette publicit\u00e9<\/p>\n<p>\u00ab\u00a0D\u00e8s que vous \u00eates Britannique et que vous jouez dans une s\u00e9rie ou un film \u00e0 succ\u00e8s, les gens commencent \u00e0 prononcer le nom\u00a0\u00ab\u00a0Bond\u00a0\u00bb. C\u2019est comme une r\u00e9compense que l\u2019on m\u00e9riterait. Je suis heureux d\u2019avoir ces bonnes critiques et d\u2019\u00eatre parmi ces acteurs \u00e0 qui l\u2019on attribue ce m\u00e9rite, mais ce n\u2019est qu\u2019une possibilit\u00e9. C\u2019est tr\u00e8s pragmatique, comme 007, si vous voulez mon avis.\u00a0\u00bb<\/p>\n<p>      Rege-Jean Page assiste \u00e0 l&rsquo;avant-premi\u00e8re britannique de \u00ab\u00a0Black Bag\u00a0\u00bb au cin\u00e9ma Curzon Mayfair \u00e0 Londres, en Angleterre, le mardi 11 mars 2025.<\/p>\n<p>  \u00a9<br \/>\n      David Fisher\/Shutterstock\/SIPA<\/p>\n<p>  \/<br \/>\n      David Fisher\/\/SIPA<\/p>\n<ul>\n<li>Aaron Taylor-Johnson\u00a0: le troisi\u00e8me<\/li>\n<\/ul>\n<p>Bien qu\u2019il soit un James Bond peu convaincant aux yeux des journalistes de Paris Match, il semblerait qu\u2019<a href=\"https:\/\/www.parismatch.com\/bio\/aaron-taylor-johnson\" rel=\"nofollow noopener\" target=\"_blank\">Aaron Taylor-Johnson<\/a> demeure le favori des sondages r\u00e9alis\u00e9s dans le reste du monde. Et pour cause : d\u2019apr\u00e8s \u00ab<a href=\"https:\/\/www.gqmagazine.fr\/pop-culture\/article\/aaron-taylor-johnson-le-prochain-james-bond\" rel=\"nofollow noopener\" target=\"_blank\">\u00a0GQ<\/a>\u00a0\u00bb, il aurait d\u00e9j\u00e0 pass\u00e9 des essais pour le r\u00f4le en 2022, devenant rapidement le petit pr\u00e9f\u00e9r\u00e9 de Barbara Broccoli. Une histoire sans preuve ni confirmation qui n\u2019a fait qu\u2019alimenter les rumeurs.<\/p>\n<p>N\u00e9 en Angleterre et \u00e2g\u00e9 de 35\u00a0ans, il entre, certes, dans les crit\u00e8res du futur James Bond. Devant l\u2019absence de r\u00e9action du principal int\u00e9ress\u00e9, un nouveau on-dit s\u2019est r\u00e9pandu\u00a0: l\u2019\u00e9chec de son dernier film \u00ab\u00a0Kraven the Hunter\u00a0\u00bb pourrait bien avoir refroidi les producteurs de James Bond. Une seconde information \u00e0 prendre avec des pincettes.<\/p>\n<p>      Avant-premi\u00e8re mondiale du film \u00ab Kraven le chasseur \u00bb d&rsquo;Aaron Taylor-Johnson, New York, \u00c9tats-Unis &#8211; 10 d\u00e9cembre 2024.<\/p>\n<p>  \u00a9<br \/>\n      Stephen Lovekin\/Shutterstock\/SIPA<\/p>\n<p>  \/<br \/>\n      Stephen Lovekin\/\/SIPA<\/p>\n<ul>\n<li>Jonathan Bailey\u00a0: l&rsquo;outsider qui pourrait rafler la mise<\/li>\n<\/ul>\n<p>Pour beaucoup, <a href=\"https:\/\/www.parismatch.com\/bio\/jonathan-bailey\" rel=\"nofollow noopener\" target=\"_blank\">Jonathan Bailey<\/a> est le prochain James Bond sans le moindre doute. En ao\u00fbt dernier, nous avions d\u00e9j\u00e0 \u00e9tabli <a href=\"https:\/\/www.parismatch.com\/People\/pourquoi-jonathan-bailey-est-il-pressenti-pour-devenir-le-futur-james-bond-255842\" rel=\"nofollow noopener\" target=\"_blank\">la liste des raisons<\/a> pour lesquelles cet acteur de 37\u00a0ans est parfait pour devenir l\u2019agent 007.\u00a0Tr\u00e8s sportif, aventurier, \u00a0acteur de talent, \u00a0physique impeccable (<a href=\"https:\/\/www.parismatch.com\/People\/a-37-ans-jonathan-bailey-est-elu-homme-le-plus-sexy-au-monde-259612\" rel=\"nofollow noopener\" target=\"_blank\">il a \u00e9t\u00e9 \u00e9lu \u00ab\u00a0Le plus sexy du monde\u00a0\u00bb par \u00ab\u00a0People\u00a0\u00bb cette ann\u00e9e<\/a>), et une c\u00e9l\u00e9brit\u00e9 encore relative permettant \u00e0 la saga James Bond de se cr\u00e9er un personnage \u00ab\u00a0vierge\u00a0\u00bb d\u2019autres productions.<\/p>\n<p>      Jonathan Bailey, laur\u00e9at du TIME100 de 2025, New York, \u00c9tats-Unis &#8211; 30 octobre 2025.<\/p>\n<p>  \u00a9<br \/>\n      Gregory Pace\/Shutterstock\/SIPA<\/p>\n<p>  \/<br \/>\n      Gregory Pace\/\/SIPA<\/p>\n","protected":false},"excerpt":{"rendered":"C&rsquo;est la question \u00e0 deux millions de livres sterling : quel acteur pour incarner James Bond et succ\u00e9der&hellip;\n","protected":false},"author":2,"featured_media":547520,"comment_status":"","ping_status":"","sticky":false,"template":"","format":"standard","meta":{"footnotes":""},"categories":[1354],"tags":[58,59,1346,1011,27,1360],"class_list":{"0":"post-547519","1":"post","2":"type-post","3":"status-publish","4":"format-standard","5":"has-post-thumbnail","7":"category-films","8":"tag-divertissement","9":"tag-entertainment","10":"tag-films","11":"tag-fr","12":"tag-france","13":"tag-movies"},"share_on_mastodon":{"url":"https:\/\/pubeurope.com\/@fr\/115583743635270950","error":""},"_links":{"self":[{"href":"https:\/\/www.europesays.com\/fr\/wp-json\/wp\/v2\/posts\/547519","targetHints":{"allow":["GET"]}}],"collection":[{"href":"https:\/\/www.europesays.com\/fr\/wp-json\/wp\/v2\/posts"}],"about":[{"href":"https:\/\/www.europesays.com\/fr\/wp-json\/wp\/v2\/types\/post"}],"author":[{"embeddable":true,"href":"https:\/\/www.europesays.com\/fr\/wp-json\/wp\/v2\/users\/2"}],"replies":[{"embeddable":true,"href":"https:\/\/www.europesays.com\/fr\/wp-json\/wp\/v2\/comments?post=547519"}],"version-history":[{"count":0,"href":"https:\/\/www.europesays.com\/fr\/wp-json\/wp\/v2\/posts\/547519\/revisions"}],"wp:featuredmedia":[{"embeddable":true,"href":"https:\/\/www.europesays.com\/fr\/wp-json\/wp\/v2\/media\/547520"}],"wp:attachment":[{"href":"https:\/\/www.europesays.com\/fr\/wp-json\/wp\/v2\/media?parent=547519"}],"wp:term":[{"taxonomy":"category","embeddable":true,"href":"https:\/\/www.europesays.com\/fr\/wp-json\/wp\/v2\/categories?post=547519"},{"taxonomy":"post_tag","embeddable":true,"href":"https:\/\/www.europesays.com\/fr\/wp-json\/wp\/v2\/tags?post=547519"}],"curies":[{"name":"wp","href":"https:\/\/api.w.org\/{rel}","templated":true}]}}