{"id":547525,"date":"2025-11-20T19:47:11","date_gmt":"2025-11-20T19:47:11","guid":{"rendered":"https:\/\/www.europesays.com\/fr\/547525\/"},"modified":"2025-11-20T19:47:11","modified_gmt":"2025-11-20T19:47:11","slug":"je-suis-triste-pour-lui-le-coup-bas-des-eleves-de-la-star-academy-a-ladji-doucoure-rend-fou-de-rage-les-internautes","status":"publish","type":"post","link":"https:\/\/www.europesays.com\/fr\/547525\/","title":{"rendered":"\u00ab\u00a0Je suis triste pour lui\u00a0\u00bb : le coup bas des \u00e9l\u00e8ves de la \u00ab\u00a0Star Academy\u00a0\u00bb \u00e0 Ladji Doucour\u00e9 rend fou de rage les internautes"},"content":{"rendered":"<p>Une s\u00e9quence qui a attrist\u00e9 les internautes, et le principal int\u00e9ress\u00e9. Depuis deux ans \u00e0 pr\u00e9sent, <a href=\"https:\/\/vsd.fr\/19645-pour-ladji-doucoure-son-rival-cubain-est-a-sa-portee\/\" target=\"_blank\" rel=\"noopener\">l\u2019ancien champion fran\u00e7ais du 110m haies<\/a>, <a href=\"https:\/\/www.public.fr\/diaporamas\/ladji-doucoure-a-la-star-academy-certains-de-ses-proches-plus-ou-moins-contents\" target=\"_blank\" rel=\"noopener\">Ladji Doucour\u00e9, assure le cours de sport <\/a>de la<strong><a href=\"https:\/\/www.public.fr\/tag\/star-academy\" target=\"_blank\" rel=\"noopener\"> Star Academy<\/a><\/strong> et <strong>donne un cours sp\u00e9cial<\/strong> aux trois nomin\u00e9s au cours de la semaine.<\/p>\n<p>Cette semaine, Th\u00e9o P., L\u00e9ane, ainsi que Victor, se retrouvent en danger et risquent de quitter le ch\u00e2teau de Dammarie-les-Lys d\u00e9finitivement ce vendredi 21 novembre 2025. Mais avant de devoir convaincre le public, ils ont d\u00fb pr\u00e9senter leurs excuses \u00e0 leur professeur de sport.<\/p>\n<p>Dans le live de la Star Academy diffus\u00e9 ce jeudi 20 novembre 2025 sur TF1+, les internautes ont en effet pu d\u00e9couvrir que <strong>Ladji Doucour\u00e9 avait d\u00fb lui-m\u00eame se rendre au ch\u00e2teau pour chercher les \u00e9l\u00e8ves <\/strong>concern\u00e9s et assurer son cours de sport. Les trois, visiblement pas au courant, ont \u00e9t\u00e9 pris de court et ont longuement fait attendre l\u2019ancien athl\u00e8te.\u00a0<\/p>\n<p>Ladji Doucour\u00e9 totalement oubli\u00e9 par les \u00e9l\u00e8ves<\/p>\n<p>Concernant Th\u00e9o P. et L\u00e9ane, ces derniers se trouvaient encore dans leur chambre et dormaient \u00e0 poings ferm\u00e9s. Alors que Victor prenait son petit-d\u00e9jeuner, ignorant totalement que les nomin\u00e9s devaient suivre un cours sp\u00e9cial contrairement aux deux autres, d\u00e9j\u00e0 nomin\u00e9s ces derni\u00e8res semaines et donc au courant du planning.\u00a0<\/p>\n<p>\u00ab\u00a0<strong>C\u2019est \u00e0 vous de vous adapter au planning. Ce n&rsquo;est pas vous qui le s\u00e9lectionnez.\u00a0<\/strong>(&#8230;) Si on a mis le sport au programme, c&rsquo;est parce que c&rsquo;est important pour vous\u00a0\u00bb, a reproch\u00e9 le professeur de sport de la Star Academy avant de pointer du doigt les excuses des \u00e9l\u00e8ves : \u00ab\u00a0<strong>Le\u00a0truc &lsquo;on ne s&rsquo;est pas r\u00e9veill\u00e9&rsquo;, on ne peut pas dire \u00e7a. C&rsquo;est que tu n&rsquo;avais d<\/strong><strong>onc<\/strong> <strong>pas envie de te r\u00e9veiller\u00a0\u00bb.<\/strong><\/p>\n<p><strong>\u00ab\u00a0<\/strong>D\u00e9j\u00e0 hier je n&rsquo;\u00e9tais pas content.\u00a0<strong>Je me l\u00e8ve plus t\u00f4t que vous, je viens de loin pour vous motiver.\u00a0<\/strong>Et je viens, vous balancez la s\u00e9ance comme \u00e7a. Tu vois comment je peux le prendre ?\u00a0\u00bb, a pest\u00e9 une nouvelle fois Ladji Doucour\u00e9. N\u00e9anmoins, il a accept\u00e9 l\u2019erreur de Victor \u00e9tant donn\u00e9 qu\u2019il s\u2019agissait de sa premi\u00e8re nomination. De fait, le principal int\u00e9ress\u00e9 n\u2019avait peut-\u00eatre pas \u00e9t\u00e9 mis au cours de ce cours sp\u00e9cial.<\/p>\n<p>Les internautes fous de rage, ils d\u00e9fendent le professeur de sport de la \u00ab\u00a0Star Academy\u00a0\u00bb<\/p>\n<p>Finalement, Th\u00e9o P et L\u00e9ane ont d\u00e9cid\u00e9 de rapidement se pr\u00e9parer pour suivre le cours en salle de sport. Ces derniers ont indiqu\u00e9 qu\u2019ils n\u2019avaient pas \u00e9t\u00e9 mis au courant que le cours devait se d\u00e9rouler \u00e0 l\u2019heure pr\u00e9vue par Ladji Doucour\u00e9. \u00ab\u00a0<strong>D\u00e9sol\u00e9 je l&rsquo;ai pris pour moi<\/strong>. \u00c7a me fait chier pour vous et pour moi.\u00a0Franchement je l&rsquo;ai mal pris.\u00a0<strong>Je me suis interdit de venir chercher les gens au ch\u00e2teau\u00a0\u00bb,<\/strong> a finalement r\u00e9torqu\u00e9 le professeur de danse de la <strong>Star Academy<\/strong>.<\/p>\n<p>Du c\u00f4t\u00e9 des internautes, nombre d\u2019entre eux ont d\u00e9fendu l\u2019ancien champion du 110m haies, indign\u00e9s par le comportement des \u00e9l\u00e8ves de la <strong>Star Academy<\/strong>. \u00ab\u00a0L\u2019irrespect envers Ladji j\u2019ai pas les mots\u00a0\u00bb, \u00ab\u00a0Ladji Doucour\u00e9 c&rsquo;est pas n&rsquo;importe qui hein il forme les plus grands athl\u00e8tes, des gens payent pour prendre des cours avec lui, il se d\u00e9place chez eux pour leur faire cours gratuitement et eux ne se l\u00e8vent pas ? Non l\u00e0 \u00e7a m\u00e9rite une remontrance de Michael Goldman\u00a0\u00bb, \u00ab\u00a0Je me demande comment un sportif de haut niveau comme Ladji Doucour\u00e9 peut tol\u00e9rer ce genre de choses. Il sait mieux que quiconque que sans discipline, ils n&rsquo;avanceront pas\u00a0\u00bb, ont en effet d\u00e9nonc\u00e9 les fans du programme.\u00a0<\/p>\n<p>\n          Hits &amp; People en continu\n        <\/p>\n<p>\n          Public Radio\n        <\/p>\n<p>      Mentionn\u00e9s dans cet article<\/p>\n<p>      Sur le m\u00eame sujet<\/p>\n","protected":false},"excerpt":{"rendered":"Une s\u00e9quence qui a attrist\u00e9 les internautes, et le principal int\u00e9ress\u00e9. Depuis deux ans \u00e0 pr\u00e9sent, l\u2019ancien champion&hellip;\n","protected":false},"author":2,"featured_media":547526,"comment_status":"","ping_status":"","sticky":false,"template":"","format":"standard","meta":{"footnotes":""},"categories":[8],"tags":[58,59,1011,27,5095,199],"class_list":{"0":"post-547525","1":"post","2":"type-post","3":"status-publish","4":"format-standard","5":"has-post-thumbnail","7":"category-divertissement","8":"tag-divertissement","9":"tag-entertainment","10":"tag-fr","11":"tag-france","12":"tag-star-academy","13":"tag-tf1"},"share_on_mastodon":{"url":"https:\/\/pubeurope.com\/@fr\/115583755484138451","error":""},"_links":{"self":[{"href":"https:\/\/www.europesays.com\/fr\/wp-json\/wp\/v2\/posts\/547525","targetHints":{"allow":["GET"]}}],"collection":[{"href":"https:\/\/www.europesays.com\/fr\/wp-json\/wp\/v2\/posts"}],"about":[{"href":"https:\/\/www.europesays.com\/fr\/wp-json\/wp\/v2\/types\/post"}],"author":[{"embeddable":true,"href":"https:\/\/www.europesays.com\/fr\/wp-json\/wp\/v2\/users\/2"}],"replies":[{"embeddable":true,"href":"https:\/\/www.europesays.com\/fr\/wp-json\/wp\/v2\/comments?post=547525"}],"version-history":[{"count":0,"href":"https:\/\/www.europesays.com\/fr\/wp-json\/wp\/v2\/posts\/547525\/revisions"}],"wp:featuredmedia":[{"embeddable":true,"href":"https:\/\/www.europesays.com\/fr\/wp-json\/wp\/v2\/media\/547526"}],"wp:attachment":[{"href":"https:\/\/www.europesays.com\/fr\/wp-json\/wp\/v2\/media?parent=547525"}],"wp:term":[{"taxonomy":"category","embeddable":true,"href":"https:\/\/www.europesays.com\/fr\/wp-json\/wp\/v2\/categories?post=547525"},{"taxonomy":"post_tag","embeddable":true,"href":"https:\/\/www.europesays.com\/fr\/wp-json\/wp\/v2\/tags?post=547525"}],"curies":[{"name":"wp","href":"https:\/\/api.w.org\/{rel}","templated":true}]}}