{"id":547527,"date":"2025-11-20T19:48:16","date_gmt":"2025-11-20T19:48:16","guid":{"rendered":"https:\/\/www.europesays.com\/fr\/547527\/"},"modified":"2025-11-20T19:48:16","modified_gmt":"2025-11-20T19:48:16","slug":"les-enfants-difficiles-ont-ils-besoin-de-complements-alimentaires-un-expert-repond","status":"publish","type":"post","link":"https:\/\/www.europesays.com\/fr\/547527\/","title":{"rendered":"Les enfants difficiles ont-ils besoin de compl\u00e9ments alimentaires ? Un expert r\u00e9pond"},"content":{"rendered":"<p data-start=\"464\" data-end=\"988\"><strong data-start=\"464\" data-end=\"986\">Les rayons sant\u00e9 des supermarch\u00e9s d\u00e9bordent de bouteilles color\u00e9es et de bonbons vitamin\u00e9s destin\u00e9s aux <a href=\"https:\/\/sciencepost.fr\/en-france-une-allergie-peu-connue-progresse-chez-les-enfants-voici-le-symptome-a-ne-pas-ignorer\/\" target=\"_blank\" rel=\"noopener\">enfants<\/a>. Ces produits promettent une meilleure immunit\u00e9, une croissance harmonieuse ou encore un d\u00e9veloppement c\u00e9r\u00e9bral optimal. Mais ces suppl\u00e9ments sont-ils r\u00e9ellement n\u00e9cessaires, surtout chez les enfants consid\u00e9r\u00e9s comme \u201cdifficiles \u00e0 nourrir\u201d ? Selon le chercheur australien Nick Fuller, sp\u00e9cialiste de la nutrition p\u00e9diatrique \u00e0 l\u2019universit\u00e9 de Sydney, la r\u00e9ponse est loin d\u2019\u00eatre aussi simple qu\u2019on le pense.<\/strong><\/p>\n<p>La tentation du comprim\u00e9 miracle<\/p>\n<p data-start=\"1035\" data-end=\"1426\">Pour de nombreux parents, faire manger des l\u00e9gumes \u00e0 un enfant capricieux rel\u00e8ve de l\u2019exploit. Alors, face \u00e0 la promesse rassurante des vitamines en flacon, beaucoup c\u00e8dent : un comprim\u00e9 semble plus simple qu\u2019un brocoli. \u00ab C\u2019est compr\u00e9hensible \u00bb, reconna\u00eet Nick Fuller. \u00ab Mais dans la majorit\u00e9 des cas, ces produits n\u2019apportent rien qu\u2019une alimentation \u00e9quilibr\u00e9e ne puisse d\u00e9j\u00e0 fournir. \u00bb<\/p>\n<p data-start=\"1428\" data-end=\"1891\">Les enfants ont effectivement besoin d\u2019un large \u00e9ventail de nutriments \u2014 vitamines A, B, C, D, E et K, ainsi que de fer, de zinc, de calcium et d\u2019iode \u2014 pour se d\u00e9velopper correctement. Pourtant, pour la grande majorit\u00e9 d\u2019entre eux, ces besoins sont couverts naturellement par les repas quotidiens. Les aliments de base comme le lait, le pain ou les c\u00e9r\u00e9ales du petit-d\u00e9jeuner sont souvent enrichis, compensant d\u00e9j\u00e0 les \u00e9ventuelles petites lacunes alimentaires.<\/p>\n<p data-start=\"1893\" data-end=\"2130\">Les grandes instances de sant\u00e9 publique, de l\u2019OMS \u00e0 l\u2019Acad\u00e9mie am\u00e9ricaine de p\u00e9diatrie, sont unanimes : <strong data-start=\"1997\" data-end=\"2059\">les enfants en bonne sant\u00e9 n\u2019ont pas besoin de suppl\u00e9ments<\/strong>. Ce message, souvent noy\u00e9 sous la publicit\u00e9, reste pourtant central.<\/p>\n<p>Ce que la science dit vraiment<\/p>\n<p data-start=\"2175\" data-end=\"2638\">Malgr\u00e9 le marketing promettant une \u00ab immunit\u00e9 renforc\u00e9e \u00bb ou une \u00ab croissance optimale \u00bb, les \u00e9tudes scientifiques peinent \u00e0 d\u00e9montrer l\u2019efficacit\u00e9 r\u00e9elle de ces produits. \u00ab Aucune donn\u00e9e solide ne prouve qu\u2019un enfant bien nourri tirera un b\u00e9n\u00e9fice mesurable de compl\u00e9ments vitaminiques \u00bb, <a href=\"https:\/\/theconversation.com\/do-kids-really-need-vitamin-supplements-257624\" target=\"_blank\" rel=\"noopener\">explique<\/a> Fuller. \u00ab Les suppl\u00e9ments ne pr\u00e9viennent pas les maladies et n\u2019am\u00e9liorent pas les performances cognitives ou physiques lorsqu\u2019il n\u2019existe pas de carence av\u00e9r\u00e9e. \u00bb<\/p>\n<p data-start=\"2640\" data-end=\"3097\">\u00c0 l\u2019inverse, une consommation excessive peut devenir probl\u00e9matique. Les vitamines liposolubles \u2014 A, D, E et K \u2014 s\u2019accumulent dans l\u2019organisme et peuvent atteindre des niveaux toxiques. Une hypervitaminose A, par exemple, peut provoquer des douleurs osseuses, des maux de t\u00eate, voire des troubles h\u00e9patiques graves. Les vitamines hydrosolubles, comme la C, sont moins dangereuses mais peuvent entra\u00eener diarrh\u00e9es ou perturbations digestives \u00e0 fortes doses.<\/p>\n<p data-start=\"3099\" data-end=\"3449\">Autre paradoxe : la plupart de ces suppl\u00e9ments pour enfants sont sucr\u00e9s ou aromatis\u00e9s pour \u00eatre \u00ab amusants \u00bb. Une strat\u00e9gie qui, selon Fuller, \u00ab habitue les enfants au go\u00fbt sucr\u00e9 et va \u00e0 l\u2019encontre d\u2019une \u00e9ducation alimentaire saine \u00bb. Un produit cens\u00e9 renforcer la sant\u00e9 peut ainsi contribuer, insidieusement, \u00e0 de mauvaises habitudes alimentaires.<\/p>\n<p><img loading=\"lazy\" data-lazyloaded=\"1\" decoding=\"async\" class=\"size-full wp-image-317343\" src=\"https:\/\/www.europesays.com\/fr\/wp-content\/uploads\/2025\/11\/iStock-1412227165-scaled.jpg\" alt=\"enfants compl\u00e9ments\" width=\"2048\" height=\"1366\"  data-\/>Source: DRCr\u00e9dits : Liudmila Chernetska\/istockUne fausse s\u00e9curit\u00e9 psychologique<\/p>\n<p data-start=\"3497\" data-end=\"3881\">Au-del\u00e0 des risques physiques, la suppl\u00e9mentation syst\u00e9matique soul\u00e8ve une question psychologique. En donnant r\u00e9guli\u00e8rement des comprim\u00e9s, les parents envoient un message implicite : la sant\u00e9 d\u00e9pend d\u2019un produit, pas d\u2019une alimentation vari\u00e9e. \u00ab Ce r\u00e9flexe peut d\u00e9tourner l\u2019attention du vrai enjeu : apprendre \u00e0 l\u2019enfant \u00e0 aimer et accepter les aliments naturels \u00bb, souligne Fuller.<\/p>\n<p data-start=\"3883\" data-end=\"4333\">Cette logique de substitution est d\u2019autant plus trompeuse que la \u00ab s\u00e9lectivit\u00e9 alimentaire \u00bb des jeunes enfants est normale. Pr\u00e8s de la moiti\u00e9 traversent une phase o\u00f9 ils refusent certains aliments. Ce comportement a m\u00eame une base \u00e9volutive : nos anc\u00eatres \u00e9vitaient instinctivement les go\u00fbts amers, souvent associ\u00e9s \u00e0 des toxines. Autrement dit, les caprices alimentaires ne sont pas des signes de carence, mais des vestiges d\u2019un r\u00e9flexe de survie.<\/p>\n<p>Comment favoriser une alimentation \u00e9quilibr\u00e9e sans recourir aux pilules<\/p>\n<p data-start=\"4419\" data-end=\"4920\">Alors, que faire lorsque l\u2019on a un petit mangeur difficile ? \u00ab Le secret, c\u2019est la patience et la vari\u00e9t\u00e9 \u00bb, conseille Fuller. L\u2019id\u00e9e n\u2019est pas de forcer, mais de proposer r\u00e9guli\u00e8rement des aliments nouveaux dans un contexte positif. M\u00e9langer des ingr\u00e9dients sains \u00e0 des plats familiers aide \u00e0 surmonter les r\u00e9ticences : un peu de chou-fleur dans une pur\u00e9e de pommes de terre, des p\u00e2tes compl\u00e8tes m\u00e9lang\u00e9es \u00e0 des p\u00e2tes blanches, ou encore des sauces color\u00e9es pour rendre les l\u00e9gumes plus attrayants.<\/p>\n<p data-start=\"4922\" data-end=\"5258\">Associer nouveaut\u00e9 et plaisir sensoriel favorise l\u2019ouverture. Les enfants finissent par accepter de nouvelles textures et saveurs lorsqu\u2019ils se sentent en confiance. \u00ab L\u2019\u00e9ducation alimentaire est un processus progressif \u00bb, rappelle Fuller. \u00ab Aucun compl\u00e9ment ne remplacera la curiosit\u00e9 gustative qu\u2019on cultive d\u00e8s le plus jeune \u00e2ge. \u00bb<\/p>\n<p data-start=\"5260\" data-end=\"5544\">Bien s\u00fbr, certaines situations exigent une prise en charge sp\u00e9cifique : enfants souffrant de troubles digestifs, suivant des r\u00e9gimes tr\u00e8s restreints, ou pr\u00e9sentant des carences diagnostiqu\u00e9es. Dans ces cas-l\u00e0, la suppl\u00e9mentation peut \u00eatre utile \u2014 mais uniquement sous suivi m\u00e9dical.<\/p>\n<p data-start=\"5551\" data-end=\"5894\">En d\u00e9finitive, les compl\u00e9ments alimentaires ne sont ni des ennemis ni des solutions miracles. Pour la plupart des enfants, ils sont simplement superflus. Le v\u00e9ritable d\u00e9fi n\u2019est pas de trouver la bonne pilule, mais de r\u00e9apprendre \u00e0 faire confiance \u00e0 la nourriture elle-m\u00eame \u2014 dans toute sa diversit\u00e9, sa couleur et sa richesse naturelle.<\/p>\n","protected":false},"excerpt":{"rendered":"Les rayons sant\u00e9 des supermarch\u00e9s d\u00e9bordent de bouteilles color\u00e9es et de bonbons vitamin\u00e9s destin\u00e9s aux enfants. Ces produits&hellip;\n","protected":false},"author":2,"featured_media":547528,"comment_status":"","ping_status":"","sticky":false,"template":"","format":"standard","meta":{"footnotes":""},"categories":[7],"tags":[1011,27,43,40,41,39,42,44],"class_list":{"0":"post-547527","1":"post","2":"type-post","3":"status-publish","4":"format-standard","5":"has-post-thumbnail","7":"category-sciences-et-technologies","8":"tag-fr","9":"tag-france","10":"tag-science","11":"tag-science-and-technology","12":"tag-sciences","13":"tag-sciences-et-technologies","14":"tag-technologies","15":"tag-technology"},"share_on_mastodon":{"url":"https:\/\/pubeurope.com\/@fr\/115583760834088269","error":""},"_links":{"self":[{"href":"https:\/\/www.europesays.com\/fr\/wp-json\/wp\/v2\/posts\/547527","targetHints":{"allow":["GET"]}}],"collection":[{"href":"https:\/\/www.europesays.com\/fr\/wp-json\/wp\/v2\/posts"}],"about":[{"href":"https:\/\/www.europesays.com\/fr\/wp-json\/wp\/v2\/types\/post"}],"author":[{"embeddable":true,"href":"https:\/\/www.europesays.com\/fr\/wp-json\/wp\/v2\/users\/2"}],"replies":[{"embeddable":true,"href":"https:\/\/www.europesays.com\/fr\/wp-json\/wp\/v2\/comments?post=547527"}],"version-history":[{"count":0,"href":"https:\/\/www.europesays.com\/fr\/wp-json\/wp\/v2\/posts\/547527\/revisions"}],"wp:featuredmedia":[{"embeddable":true,"href":"https:\/\/www.europesays.com\/fr\/wp-json\/wp\/v2\/media\/547528"}],"wp:attachment":[{"href":"https:\/\/www.europesays.com\/fr\/wp-json\/wp\/v2\/media?parent=547527"}],"wp:term":[{"taxonomy":"category","embeddable":true,"href":"https:\/\/www.europesays.com\/fr\/wp-json\/wp\/v2\/categories?post=547527"},{"taxonomy":"post_tag","embeddable":true,"href":"https:\/\/www.europesays.com\/fr\/wp-json\/wp\/v2\/tags?post=547527"}],"curies":[{"name":"wp","href":"https:\/\/api.w.org\/{rel}","templated":true}]}}