{"id":547531,"date":"2025-11-20T19:51:15","date_gmt":"2025-11-20T19:51:15","guid":{"rendered":"https:\/\/www.europesays.com\/fr\/547531\/"},"modified":"2025-11-20T19:51:15","modified_gmt":"2025-11-20T19:51:15","slug":"un-elevage-touche-pour-la-premiere-fois-dans-la-loire-13-200-poulets-abattus","status":"publish","type":"post","link":"https:\/\/www.europesays.com\/fr\/547531\/","title":{"rendered":"un \u00e9levage touch\u00e9 pour la premi\u00e8re fois dans la Loire, 13\u00a0200 poulets abattus"},"content":{"rendered":"<p>La grippe aviaire s\u00e9vit d\u00e9sormais dans la Loire. Cette maladie infectieuse qui affecte les oiseaux a touch\u00e9 pour la premi\u00e8re fois un \u00e9levage de poulets de chair \u00e0 Boisset-l\u00e8s-Montrond. Pour \u00e9viter toute propagation de ce virus, les 13\u00a0200 poulets ont \u00e9t\u00e9 abattus.<\/p>\n<p>Jean-Luc Perrin, pr\u00e9sident de la FDSEA, est d\u00e9sesp\u00e9r\u00e9\u00a0: \u00ab\u00a0C\u2019est un nouveau coup de massue que les agriculteurs prennent sur la t\u00eate. On vient juste de sortir de la zone r\u00e9glement\u00e9e de la dermatose nodulaire contagieuse. Cette fois, c\u2019est la fili\u00e8re avicole qui est touch\u00e9e. Il va falloir que l\u2019on regarde les mesures \u00e0 mettre en place avec la DDPP (Direction d\u00e9partementale de protection des populations), le protocole \u00e0 suivre et les accompagnements pour les agriculteurs. On doit prendre en compte l\u2019aspect financier, mais aussi psychologique pour nos agriculteurs. Il faut trouver les bonnes mesures, avec le moins d\u2019impact possible sur les exploitations\u00a0\u00bb.<\/p>\n<p>  Professionnels et particuliers appel\u00e9s \u00e0 la plus grande prudence<\/p>\n<p><a href=\"https:\/\/www.loire.gouv.fr\/Actualites\/Actualites\/Influenza-aviaire-hautement-pathogene\/Influenza-aviaire-Un-premier-foyer-detecte-dans-la-Loire-dans-un-elevage-de-poulets-de-chair\" target=\"_blank\" rel=\"noopener\">Un arr\u00eat\u00e9 pr\u00e9fectoral a \u00e9t\u00e9 \u00e9mis ce jeudi<\/a> pour r\u00e9glementer une zone de protection dans un rayon de 3\u00a0km sur les communes de Boisset-l\u00e8s-Montrond, Chalain-le-Comtal, Gr\u00e9zieux-le-Fromental, L\u2019H\u00f4pital-le-Grand, Marclopt, Montrond-les-Bains et Unias et une zone de surveillance dans un rayon de 10\u00a0km.<\/p>\n<p>\u00a0<\/p>\n<p>\u00ab\u00a0Dans ces p\u00e9rim\u00e8tres, tous les lieux de d\u00e9tention de volailles et d\u2019oiseaux captifs sont soumis \u00e0 des prescriptions sp\u00e9cifiques. En particulier, les mouvements de volailles et autres oiseaux captifs sont interdits, sauf d\u00e9rogations accord\u00e9es par la DDPP\u00a0\u00bb, \u00e9voque cet arr\u00eat\u00e9. Particuliers comme professionnels sont soumis \u00e0 des mesures de bios\u00e9curit\u00e9, notamment la mise \u00e0 l\u2019abri des oiseux dans un b\u00e2timent ferm\u00e9 et la d\u00e9sinfection r\u00e9guli\u00e8re des lieux de vie et des \u00e9quipements en contact avec les volailles.<\/p>\n<p>  \u00ab\u00a0Un cas totalement atypique\u00a0\u00bb<\/p>\n<p><a href=\"https:\/\/www.leprogres.fr\/economie\/2025\/01\/08\/la-confederation-paysanne-prone-une-agriculture-garante-de-la-souverainete-alimentaire\" target=\"_blank\" rel=\"noopener\">Nicolas Clair, porte-parole de la Conf\u00e9d\u00e9ration paysanne<\/a> et \u00e9leveur de poules pondeuses, est \u00e9galement constern\u00e9. \u00ab\u00a0J\u2019ai tout d\u2019abord une pens\u00e9e pour l\u2019agriculteur concern\u00e9. Il subit un stress \u00e9norme, sachant qu\u2019il n\u2019y a pas de faute de l\u2019\u00e9leveur dans cet \u00e9pisode\u00a0\u00bb. Il poursuit\u00a0: \u00ab\u00a0C\u2019est une premi\u00e8re pour notre d\u00e9partement. On a connu des cas sur la faune sauvage, mais jamais dans un \u00e9levage. De plus, ce cas est totalement atypique. D\u2019habitude, ce sont surtout les palmip\u00e8des (canards) qui sont impact\u00e9s, l\u00e0, on est s\u00fbr des poulets de chair. D\u2019habitude, on est s\u00fbr des \u00e9levages industriels. L\u00e0, on est sur un petit \u00e9levage de plein air. Il faut donc se garder de toutes conclusions. Bien \u00e9videmment, l\u2019inqui\u00e9tude va gagner l\u2019ensemble de la profession\u00a0\u00bb.<\/p>\n<p>Mais aussi les chasseurs, en premi\u00e8re ligne <a href=\"https:\/\/www.leprogres.fr\/economie\/2025\/10\/21\/grippe-aviaire-le-risque-releve-de-modere-a-eleve-en-france\" target=\"_blank\" rel=\"noopener\">avec la faune sauvage<\/a>. La F\u00e9d\u00e9ration des chasseurs de la Loire a \u00e9galement pris un arr\u00eat\u00e9 d\u00e8s la suspicion de contamination, annonc\u00e9e le 19\u00a0octobre, dans la zone de surveillance \u00e9mise par la pr\u00e9fecture. Depuis ce mercredi et pour 30 jours au moins, il est interdit de transporter et utiliser des appelants pour la chasse au gibier d\u2019eau, de l\u00e2cher de gibiers \u00e0 plumes (faisans, perdrix, canards) ou encore de chasser au gibier d\u2019eau et au gibier \u00e0 plume sur le fleuve, les rivi\u00e8res, canaux, r\u00e9servoirs, lacs, \u00e9tangs et nappes d\u2019eau.<\/p>\n","protected":false},"excerpt":{"rendered":"La grippe aviaire s\u00e9vit d\u00e9sormais dans la Loire. Cette maladie infectieuse qui affecte les oiseaux a touch\u00e9 pour&hellip;\n","protected":false},"author":2,"featured_media":547532,"comment_status":"","ping_status":"","sticky":false,"template":"","format":"standard","meta":{"footnotes":""},"categories":[4],"tags":[11,327,1867,66522,33,7359,107,1011,27,3367,12,25,20131,104],"class_list":{"0":"post-547531","1":"post","2":"type-post","3":"status-publish","4":"format-standard","5":"has-post-thumbnail","7":"category-france","8":"tag-actualites","9":"tag-agriculture","10":"tag-animaux","11":"tag-boisset-les-montrond","12":"tag-economie","13":"tag-edition-loire-centre","14":"tag-fil-info","15":"tag-fr","16":"tag-france","17":"tag-loire","18":"tag-news","19":"tag-republique-francaise","20":"tag-saint-just-saint-rambert-bassin","21":"tag-societe"},"share_on_mastodon":{"url":"https:\/\/pubeurope.com\/@fr\/115583771284376000","error":""},"_links":{"self":[{"href":"https:\/\/www.europesays.com\/fr\/wp-json\/wp\/v2\/posts\/547531","targetHints":{"allow":["GET"]}}],"collection":[{"href":"https:\/\/www.europesays.com\/fr\/wp-json\/wp\/v2\/posts"}],"about":[{"href":"https:\/\/www.europesays.com\/fr\/wp-json\/wp\/v2\/types\/post"}],"author":[{"embeddable":true,"href":"https:\/\/www.europesays.com\/fr\/wp-json\/wp\/v2\/users\/2"}],"replies":[{"embeddable":true,"href":"https:\/\/www.europesays.com\/fr\/wp-json\/wp\/v2\/comments?post=547531"}],"version-history":[{"count":0,"href":"https:\/\/www.europesays.com\/fr\/wp-json\/wp\/v2\/posts\/547531\/revisions"}],"wp:featuredmedia":[{"embeddable":true,"href":"https:\/\/www.europesays.com\/fr\/wp-json\/wp\/v2\/media\/547532"}],"wp:attachment":[{"href":"https:\/\/www.europesays.com\/fr\/wp-json\/wp\/v2\/media?parent=547531"}],"wp:term":[{"taxonomy":"category","embeddable":true,"href":"https:\/\/www.europesays.com\/fr\/wp-json\/wp\/v2\/categories?post=547531"},{"taxonomy":"post_tag","embeddable":true,"href":"https:\/\/www.europesays.com\/fr\/wp-json\/wp\/v2\/tags?post=547531"}],"curies":[{"name":"wp","href":"https:\/\/api.w.org\/{rel}","templated":true}]}}