{"id":547549,"date":"2025-11-20T20:02:14","date_gmt":"2025-11-20T20:02:14","guid":{"rendered":"https:\/\/www.europesays.com\/fr\/547549\/"},"modified":"2025-11-20T20:02:14","modified_gmt":"2025-11-20T20:02:14","slug":"quand-les-vins-de-lherault-passent-le-test-du-temps","status":"publish","type":"post","link":"https:\/\/www.europesays.com\/fr\/547549\/","title":{"rendered":"quand les vins de l\u2019H\u00e9rault passent le test du temps"},"content":{"rendered":"<p>                    Par<br \/>\n        <strong><br \/>\n            <a href=\"https:\/\/actu.fr\/auteur\/metropoop\" title=\"Consulter tous les articles de R\u00e9daction M\u00e9tropolitain\" rel=\"nofollow noopener\" target=\"_blank\">R\u00e9daction M\u00e9tropolitain<\/a><br \/>\n                    <\/strong><\/p>\n<p>        Publi\u00e9 le<\/p>\n<p>            20 nov. 2025 \u00e0 20h37        <\/p>\n<p>Jeudi 13 novembre 2025, une <strong>quarantaine d\u2019experts<\/strong>, parmi lesquels \u0153nologues, sommeliers, producteurs et cavistes, se sont r\u00e9unis pour une <strong>d\u00e9gustation<\/strong> qui a lieu tous les ans au Ch\u00e2teau d\u2019O, \u00e0 Montpellier. <strong>172 cuv\u00e9es de vins rouges<\/strong>, conserv\u00e9es et class\u00e9es depuis 2012 dans l\u2019\u0153noth\u00e8que d\u00e9partementale, ont \u00e9t\u00e9 analys\u00e9es \u00e0 l\u2019aveugle pour en tester la qualit\u00e9 et le potentiel de vieillissement. L\u2019objectif de cette op\u00e9ration ? La mise \u00e0 l\u2019\u00e9preuve des vins du d\u00e9partement, le suivi de leur \u00e9volution et la possibilit\u00e9 montrer, de fa\u00e7on objective, le savoir-faire des vignerons du d\u00e9partement de l\u2019H\u00e9rault \u00e0 travers la production de vins de garde.<\/p>\n<p>Des r\u00e9sultats positifs<\/p>\n<p class=\" wall-content\">Les observations not\u00e9es sur les fiches de d\u00e9gustation remplies par la commission sont analys\u00e9es par l\u2019Observatoire viticole d\u00e9partemental et partag\u00e9es avec les professionnels de la fili\u00e8re. En 2024, soit <strong>plus de dix ans apr\u00e8s leur mise en cave<\/strong>, 82% des vins de l\u2019\u0153noth\u00e8que <strong>\u00e2g\u00e9s de 12 \u00e0 16 ans<\/strong> ont encore une capacit\u00e9 de garde dans l\u2019avenir. Des r\u00e9sultats qui valident la l\u00e9gitimit\u00e9 d\u2019une telle initiative et qui d\u00e9montrent qu\u2019en plus d\u2019\u00eatre des produits de qualit\u00e9, les <strong>vins de l\u2019H\u00e9rault<\/strong> ont une capacit\u00e9 de vieillissement remarquable, v\u00e9ritable savoir-faire des vignerons du territoire.<\/p>\n<p>Plus de 2 300 bouteilles r\u00e9colt\u00e9es aux quatre coins de l\u2019H\u00e9rault<\/p>\n<p class=\" wall-content\">Cette commission de d\u00e9gustation a \u00e9t\u00e9 initi\u00e9e suite \u00e0 la<strong> cr\u00e9ation d\u2019une \u0153noth\u00e8que<\/strong> nich\u00e9e aux archives d\u00e9partementales de Pierresvives, \u00e0 <strong>six m\u00e8tres sous terre<\/strong>. Con\u00e7ue pour conserver des bouteilles dans des <strong>conditions optimales<\/strong> n\u00e9cessaires au vieillissement et \u00e9valuer leur potentiel de garde, cette cave a pour objectif de valoriser le travail men\u00e9 depuis 30 ans par les viticulteurs h\u00e9raultais pour <strong>am\u00e9liorer la qualit\u00e9 des vins<\/strong>, progr\u00e8s reconnus dans les guides et concours viticoles.<\/p>\n<p>    <a href=\"https:\/\/www.google.com\/maps\/embed?pb=!1m18!1m12!1m3!1d2887.716775832873!2d3.8364812763871172!3d43.63325347110294!2m3!1f0!2f0!3f0!3m2!1i1024!2i768!4f13.1!3m3!1m2!1s0x12b6aebc34c8465d%3A0x47c1bbfbc97cd375!2zQ2jDonRlYXUgZCfDlA!5e0!3m2!1sfr!2sfr!4v1763342619490!5m2!1sfr!2sfr\" title=\"Ouvrie le lien\" rel=\"nofollow noopener\" target=\"_blank\">Cliquez ici pour visualiser le contenu<\/a><\/p>\n<p class=\" wall-content\">B\u00e2ti en<strong> pierre de Beaulieu<\/strong> permettant de maintenir une temp\u00e9rature id\u00e9ale de 16 \u00b0C et une hygrom\u00e9trie de 60 % (pourcentage de vapeur d\u2019eau dans l\u2019air), l\u2019espace de 14 m\u00b2 conserve avec soin toute la <strong>m\u00e9moire des vins du territoire<\/strong>. 172 r\u00e9f\u00e9rences de vins rouges y sommeillent, soit plus de 2\u00a0300 bouteilles. Pour acqu\u00e9rir ces cuv\u00e9es, le D\u00e9partement avait lanc\u00e9 un appel \u00e0 candidatures aupr\u00e8s des vignerons ind\u00e9pendants et des caves coop\u00e9ratives h\u00e9raultaises. Les vins des mill\u00e9simes 2009, 2012 et 2013 consid\u00e9r\u00e9s comme des ann\u00e9es de r\u00e9f\u00e9rence avaient \u00e9t\u00e9 identifi\u00e9s pour leur belle capacit\u00e9 de vieillissement.<\/p>\n<p>Vid\u00e9os : en ce moment sur Actu<br \/>\n    <img   decoding=\"async\" loading=\"lazy\" src=\"https:\/\/www.europesays.com\/fr\/wp-content\/uploads\/2025\/11\/image004-960x640.jpg\" alt=\"Des cuv\u00e9es conserv\u00e9es et class\u00e9es depuis 2012 dans l\u2019\u0153noth\u00e8que d\u00e9partementale.\" width=\"960\" height=\"640\"\/><br \/>\n    Des cuv\u00e9es conserv\u00e9es et class\u00e9es depuis 2012 dans l\u2019\u0153noth\u00e8que d\u00e9partementale. (\u00a9DR \/ CD34)Aujourd&rsquo;hui, l&rsquo;\u0153noth\u00e8que conserve :<\/p>\n<p>&#8211; 72 r\u00e9f\u00e9rences du mill\u00e9sime 2009 (acquises en 2012)<br \/>&#8211; 52 r\u00e9f\u00e9rences du mill\u00e9sime 2012 (acquises en 2014)<br \/>&#8211; 48 r\u00e9f\u00e9rences du mill\u00e9sime 2013 (acquises en 2016)<\/p>\n<p>Votre r\u00e9gion, votre actu !<\/p>\n<p>Recevez chaque jour les infos qui comptent pour vous.<\/p>\n<p>\t<a href=\"https:\/\/actu.fr\/newsletter\" class=\"ac-btn ac-btn--corner ac-btn--medium ac-btn--blue800\" rel=\"nofollow noopener\" target=\"_blank\">S&rsquo;incrire<\/a><\/p>\n<p class=\" wall-content\">L\u2019originalit\u00e9 de cette exp\u00e9rimentation unique en France, en Europe et probablement dans le monde, repose sur la volont\u00e9 de repr\u00e9senter toutes les indications et appellations g\u00e9ographiques prot\u00e9g\u00e9es.\u00a0<\/p>\n<p class=\" wall-content\">Personnalisez votre actualit\u00e9 en ajoutant vos villes et m\u00e9dias en favori avec <a href=\"https:\/\/moncompte.actu.fr\" title=\"D\u00e9couvez Mon Actu\" rel=\"nofollow noopener\" data-trk=\"{&quot;cta&quot;:{&quot;action&quot;:&quot;https:\\\/\\\/moncompte.actu.fr&quot;,&quot;category&quot;:&quot;mon compte&quot;,&quot;from&quot;:&quot;article footer&quot;,&quot;name&quot;:&quot;Mon actu&quot;,&quot;type&quot;:&quot;cta&quot;}}\" target=\"_blank\">Mon Actu<\/a>.<\/p>\n","protected":false},"excerpt":{"rendered":"Par R\u00e9daction M\u00e9tropolitain Publi\u00e9 le 20 nov. 2025 \u00e0 20h37 Jeudi 13 novembre 2025, une quarantaine d\u2019experts, parmi&hellip;\n","protected":false},"author":2,"featured_media":547550,"comment_status":"","ping_status":"","sticky":false,"template":"","format":"standard","meta":{"footnotes":""},"categories":[9599],"tags":[1111,11,1777,674,1011,27,1305,2208,12,2680,25,1662,18193],"class_list":{"0":"post-547549","1":"post","2":"type-post","3":"status-publish","4":"format-standard","5":"has-post-thumbnail","7":"category-montpellier","8":"tag-actu","9":"tag-actualites","10":"tag-eu","11":"tag-europe","12":"tag-fr","13":"tag-france","14":"tag-lifestyle","15":"tag-montpellier","16":"tag-news","17":"tag-occitanie","18":"tag-republique-francaise","19":"tag-vin","20":"tag-viticulture"},"share_on_mastodon":{"url":"https:\/\/pubeurope.com\/@fr\/115583815245075949","error":""},"_links":{"self":[{"href":"https:\/\/www.europesays.com\/fr\/wp-json\/wp\/v2\/posts\/547549","targetHints":{"allow":["GET"]}}],"collection":[{"href":"https:\/\/www.europesays.com\/fr\/wp-json\/wp\/v2\/posts"}],"about":[{"href":"https:\/\/www.europesays.com\/fr\/wp-json\/wp\/v2\/types\/post"}],"author":[{"embeddable":true,"href":"https:\/\/www.europesays.com\/fr\/wp-json\/wp\/v2\/users\/2"}],"replies":[{"embeddable":true,"href":"https:\/\/www.europesays.com\/fr\/wp-json\/wp\/v2\/comments?post=547549"}],"version-history":[{"count":0,"href":"https:\/\/www.europesays.com\/fr\/wp-json\/wp\/v2\/posts\/547549\/revisions"}],"wp:featuredmedia":[{"embeddable":true,"href":"https:\/\/www.europesays.com\/fr\/wp-json\/wp\/v2\/media\/547550"}],"wp:attachment":[{"href":"https:\/\/www.europesays.com\/fr\/wp-json\/wp\/v2\/media?parent=547549"}],"wp:term":[{"taxonomy":"category","embeddable":true,"href":"https:\/\/www.europesays.com\/fr\/wp-json\/wp\/v2\/categories?post=547549"},{"taxonomy":"post_tag","embeddable":true,"href":"https:\/\/www.europesays.com\/fr\/wp-json\/wp\/v2\/tags?post=547549"}],"curies":[{"name":"wp","href":"https:\/\/api.w.org\/{rel}","templated":true}]}}