{"id":547551,"date":"2025-11-20T20:03:11","date_gmt":"2025-11-20T20:03:11","guid":{"rendered":"https:\/\/www.europesays.com\/fr\/547551\/"},"modified":"2025-11-20T20:03:11","modified_gmt":"2025-11-20T20:03:11","slug":"disparition-dalexandr-a-rouen-emmene-de-force-a-kiev-ladolescent-a-pu-rentrer-en-france-ses-parents-condamnes","status":"publish","type":"post","link":"https:\/\/www.europesays.com\/fr\/547551\/","title":{"rendered":"Disparition d\u2019Alexandr, \u00e0 Rouen\u00a0: emmen\u00e9 de force \u00e0 Kiev, l\u2019adolescent a pu rentrer en France, ses parents condamn\u00e9s"},"content":{"rendered":"<p class=\"paragraph text_align_left lp-f-body-02\">Apr\u00e8s des mois d\u2019attente, un d\u00e9nouement positif. Alexandr, un gar\u00e7on de 16 ans d\u2019origine ukrainienne <a href=\"https:\/\/www.leparisien.fr\/faits-divers\/il-est-adorable-alexandr-15-ans-volatilise-sur-le-chemin-de-son-entrainement-de-jujitsu-a-rouen-06-06-2025-GLRRZQ5ZPJFRTGCAG4VUC6BOEU.php\" target=\"_blank\" rel=\"noreferrer nofollow noopener\">dont la disparition avait \u00e9t\u00e9 signal\u00e9e \u00e0 Rouen en juin dernier<\/a>, se trouve en France et est en bonne sant\u00e9, indique le parquet de Rouen dans un communiqu\u00e9 diffus\u00e9 jeudi soir. L\u2019adolescent avait \u00e9t\u00e9 emmen\u00e9 de force par sa m\u00e8re et son beau-p\u00e8re jusqu\u2019\u00e0 Kiev, capitale de l\u2019Ukraine.<\/p>\n<p class=\"paragraph text_align_left lp-f-body-02\">Le tribunal judiciaire a donn\u00e9 de nombreux d\u00e9tails sur cette affaire sordide. Le 3 juin dernier, Alexandr quittait son foyer, o\u00f9 il avait \u00e9t\u00e9 plac\u00e9 sur ordonnance d\u2019un juge des enfants, pour se rendre \u00e0 son entra\u00eenement de JJB (Ju-Jitsu Br\u00e9silien) en plein centre-ville de Rouen. Il n\u2019avait plus jamais donn\u00e9 de nouvelles depuis et le foyer avait alert\u00e9 les forces de l\u2019ordre.<\/p>\n<p>Un long p\u00e9riple<\/p>\n<p class=\"paragraph text_align_left lp-f-body-02\">Il s\u2019av\u00e8re que l\u2019adolescent avait \u00e9t\u00e9 emmen\u00e9 de force par sa m\u00e8re et son beau-p\u00e8re en <a href=\"https:\/\/www.leparisien.fr\/sports\/football\/psg\/la-russie-est-un-etat-terroriste-le-footballeur-illia-zabarnyi-denonce-lhorreur-apres-un-nouveau-bombardement-en-ukraine-20-11-2025-CMLSOOKPTFBVZOJYYCPL2YO52Y.php\" target=\"_blank\" rel=\"noreferrer nofollow noopener\">Ukraine<\/a>. Et ce apr\u00e8s un long p\u00e9riple : l\u2019espace a\u00e9rien ukrainien \u00e9tant ferm\u00e9 \u00e0 cause de <a href=\"https:\/\/www.leparisien.fr\/international\/ukraine\/\" target=\"_blank\" rel=\"noreferrer nofollow noopener\">la guerre avec la Russie<\/a>, le couple est pass\u00e9 par l\u2019Allemagne puis la Pologne avant de d\u00e9poser Alexandr \u00e0 Kiev.<\/p>\n<p class=\"paragraph text_align_left lp-f-body-02\">La m\u00e8re et le beau-p\u00e8re ont \u00e9t\u00e9 interpell\u00e9s en r\u00e9gion rouennaise le 30 septembre 2025 et plac\u00e9s en garde \u00e0 vue, puis en d\u00e9tention provisoire. \u00c0 l\u2019\u00e9poque, Alexandr \u00e9tait toujours \u00e0 Kiev, pr\u00e9cise le parquet, et exprimant \u00ab clairement \u00bb son souhait de revenir en France \u00ab et de r\u00e9int\u00e9grer son lieu de placement \u00bb.<\/p>\n<p class=\"lp-card-podcast-highlighting__title  lp-f-subtitle-05\">[2\/2] Mus\u00e9e Marmottan\u00a0: le vol spectaculaire d\u2019un chef-d\u2019\u0153uvre de Monet<\/p>\n<p class=\"lp-card-podcast-highlighting__description lp-f-ui-05\">Crime story raconte chaque semaine les grandes affaires criminelles.<\/p>\n<p><a class=\"lp-card-podcast-highlighting__call-to-action\" data-page-type=\"HP\" data-block-name=\"podcast-highlight\">\u00c9couter<\/a>De la prison ferme pour sa m\u00e8re et son beau-p\u00e8re<\/p>\n<p class=\"paragraph text_align_left lp-f-body-02\">Ses v\u0153ux ont \u00e9t\u00e9 exauc\u00e9s gr\u00e2ce \u00e0 une mobilisation conjointe des autorit\u00e9s polonaises et fran\u00e7aises. Alexandr est \u00ab revenu en France sain et sauf \u00bb, assure le procureur de la R\u00e9publique de Rouen S\u00e9bastien Gallois.<\/p>\n<p class=\"paragraph text_align_left lp-f-body-02\">Le couple, lui, a \u00e9t\u00e9 renvoy\u00e9 devant le tribunal correctionnel ce jeudi. Ce dernier \u00ab a condamn\u00e9 le beau-p\u00e8re \u00e0 la peine de deux ans d\u2019emprisonnement avec maintien en d\u00e9tention, et la m\u00e8re \u00e0 deux ans d\u2019emprisonnement dont un an assorti d\u2019un sursis simple, avec maintien en d\u00e9tention pour la partie ferme \u00bb, d\u00e9taille-t-il. \u00ab Le tribunal a \u00e9galement prononc\u00e9 la peine compl\u00e9mentaire de retrait de l\u2019autorit\u00e9 parentale \u00e0 l\u2019\u00e9gard de la m\u00e8re concernant son fils, victime des faits. \u00bb<\/p>\n","protected":false},"excerpt":{"rendered":"Apr\u00e8s des mois d\u2019attente, un d\u00e9nouement positif. Alexandr, un gar\u00e7on de 16 ans d\u2019origine ukrainienne dont la disparition&hellip;\n","protected":false},"author":2,"featured_media":156430,"comment_status":"","ping_status":"","sticky":false,"template":"","format":"standard","meta":{"footnotes":""},"categories":[9587],"tags":[1111,11,459,1777,674,118,1011,27,12,5161,25,9590],"class_list":{"0":"post-547551","1":"post","2":"type-post","3":"status-publish","4":"format-standard","5":"has-post-thumbnail","7":"category-rouen","8":"tag-actu","9":"tag-actualites","10":"tag-departements-horsidfo","11":"tag-eu","12":"tag-europe","13":"tag-faits-divers","14":"tag-fr","15":"tag-france","16":"tag-news","17":"tag-normandie","18":"tag-republique-francaise","19":"tag-rouen"},"share_on_mastodon":{"url":"https:\/\/pubeurope.com\/@fr\/115583818515216710","error":""},"_links":{"self":[{"href":"https:\/\/www.europesays.com\/fr\/wp-json\/wp\/v2\/posts\/547551","targetHints":{"allow":["GET"]}}],"collection":[{"href":"https:\/\/www.europesays.com\/fr\/wp-json\/wp\/v2\/posts"}],"about":[{"href":"https:\/\/www.europesays.com\/fr\/wp-json\/wp\/v2\/types\/post"}],"author":[{"embeddable":true,"href":"https:\/\/www.europesays.com\/fr\/wp-json\/wp\/v2\/users\/2"}],"replies":[{"embeddable":true,"href":"https:\/\/www.europesays.com\/fr\/wp-json\/wp\/v2\/comments?post=547551"}],"version-history":[{"count":0,"href":"https:\/\/www.europesays.com\/fr\/wp-json\/wp\/v2\/posts\/547551\/revisions"}],"wp:featuredmedia":[{"embeddable":true,"href":"https:\/\/www.europesays.com\/fr\/wp-json\/wp\/v2\/media\/156430"}],"wp:attachment":[{"href":"https:\/\/www.europesays.com\/fr\/wp-json\/wp\/v2\/media?parent=547551"}],"wp:term":[{"taxonomy":"category","embeddable":true,"href":"https:\/\/www.europesays.com\/fr\/wp-json\/wp\/v2\/categories?post=547551"},{"taxonomy":"post_tag","embeddable":true,"href":"https:\/\/www.europesays.com\/fr\/wp-json\/wp\/v2\/tags?post=547551"}],"curies":[{"name":"wp","href":"https:\/\/api.w.org\/{rel}","templated":true}]}}