{"id":547552,"date":"2025-11-20T20:04:15","date_gmt":"2025-11-20T20:04:15","guid":{"rendered":"https:\/\/www.europesays.com\/fr\/547552\/"},"modified":"2025-11-20T20:04:15","modified_gmt":"2025-11-20T20:04:15","slug":"de-rouen-a-kiev-un-enlevement-derriere-la-mysterieuse-disparition-dun-ado-ukrainien","status":"publish","type":"post","link":"https:\/\/www.europesays.com\/fr\/547552\/","title":{"rendered":"De Rouen \u00e0 Kiev, un enl\u00e8vement derri\u00e8re la myst\u00e9rieuse disparition d&rsquo;un ado ukrainien"},"content":{"rendered":"<p>                    Par<br \/>\n        <strong><br \/>\n            <a href=\"https:\/\/actu.fr\/auteur\/fmass\" title=\"Consulter tous les articles de Fabien Massin\" rel=\"nofollow noopener\" target=\"_blank\">Fabien Massin<\/a><br \/>\n                    <\/strong><\/p>\n<p>        Publi\u00e9 le<\/p>\n<p>            20 nov. 2025 \u00e0 20h13        <\/p>\n<p>Derri\u00e8re la <a href=\"https:\/\/actu.fr\/tag\/disparition\" rel=\"nofollow noopener\" target=\"_blank\">disparition inqui\u00e9tante<\/a>, un enl\u00e8vement bien pr\u00e9par\u00e9 et une travers\u00e9e de l\u2019Europe en voiture, de l\u2019agglo de <a href=\"https:\/\/actu.fr\/normandie\/rouen_76540\" rel=\"nofollow noopener\" target=\"_blank\">Rouen (Seine-Maritime)<\/a> \u00e0 l\u2019Ukraine en passant par l\u2019Allemagne et la Pologne. <strong>Une affaire familiale, aussi<\/strong>. Au printemps 2025, un adolescent h\u00e9berg\u00e9 dans un foyer est port\u00e9 disparu. Quelques mois plus tard, jeudi 20 novembre, sa m\u00e8re et son beau-p\u00e8re \u00e9taient jug\u00e9s par le<a href=\"https:\/\/actu.fr\/tag\/tribunal-de-rouen\" rel=\"nofollow noopener\" target=\"_blank\"> tribunal de Rouen<\/a> pour ces faits.\u00a0<\/p>\n<p>D\u2019\u00e9tranges messages envoy\u00e9s depuis l\u2019\u00e9tranger<\/p>\n<p class=\" wall-content\">Ce jour de juin, apr\u00e8s le coll\u00e8ge, Anton*, un ado de 15 ans de nationalit\u00e9 ukrainienne h\u00e9berg\u00e9 dans un foyer de l\u2019agglo de Rouen, se rend \u00e0 la salle de sport o\u00f9 il pratique r\u00e9guli\u00e8rement un sport de combat. Mais on ne le voit pas cet apr\u00e8s-midi \u00e0 la salle et il ne revient pas non plus foyer. <strong>Dans sa chambre toutes ses affaires sont l\u00e0<\/strong>, il n\u2019y a aucune trace de pr\u00e9paration d\u2019un d\u00e9part.\u00a0<\/p>\n<p class=\" wall-content\">Des investigations sont enclench\u00e9es, un appel \u00e0 t\u00e9moin pour disparition inqui\u00e9tante est diffus\u00e9, et une notice Interpol est \u00e9mise. Au cours de l\u2019enqu\u00eate, en examinant les mouvements de son t\u00e9l\u00e9phone <strong>et les lieux o\u00f9 des adresses mail \u00e0 son nom ont \u00e9t\u00e9 utilis\u00e9es<\/strong>, il apparait qu\u2019il aurait travers\u00e9 l\u2019Europe pour rejoindre Kiev en Ukraine, en passant par l\u2019Allemagne et la Pologne.\u00a0<\/p>\n<p class=\" wall-content\">Faits tr\u00e8s troublants \u00e9galement, le foyer re\u00e7oit des messages pr\u00e9tendument venant de lui, o\u00f9 il dit \u00eatre parti volontairement, qu\u2019il ne veut plus \u00eatre en foyer, que des \u00e9ducateurs le maltraitent, etc. Une vid\u00e9o dans laquelle il explique son d\u00e9part est m\u00eame post\u00e9e sur YouTube. Une lettre manuscrite est \u00e9galement envoy\u00e9e \u00e0 la police<strong>. Mais ces messages laissent perplexe les \u00e9ducateurs<\/strong>, ils sont truff\u00e9s de fautes alors qu\u2019Anton n\u2019en commet pas ou peu. Et au foyer tout se passe tr\u00e8s bien, tout comme au coll\u00e8ge o\u00f9 il donne toute satisfaction.\u00a0<\/p>\n<p>Deux enfants plac\u00e9s par la protection de l\u2019enfance<\/p>\n<p class=\" wall-content\">Les investigations conduisent les enqu\u00eateurs sur la piste familiale, sur Anna, 47 ans, la m\u00e8re d\u2019Anton, et Djamel, son conjoint, 36 ans. D\u2019origine alg\u00e9rienne, lui est arriv\u00e9 en Ukraine il y a 15 ans, o\u00f9 il a connu Anna. Ils sont arriv\u00e9s en France en 2022, fuyant le conflit avec la Russie.<strong> Djamel a \u00e9t\u00e9 condamn\u00e9 par la justice fran\u00e7aise<\/strong> pour des violences commises au sein du foyer, notamment \u00e0 l\u2019encontre de l\u2019adolescent. Lui tout comme sa petite s\u0153ur (fille d\u2019Anna et Djamel) ont \u00e9t\u00e9 plac\u00e9s par l\u2019ASE (aide sociale \u00e0 l\u2019enfance), lui en foyer et elle en famille.\u00a0<\/p>\n<p class=\" wall-content\">En fait, le jour o\u00f9 l\u2019ado se rendait \u00e0 la salle de sport, c\u2019est sa m\u00e8re et son beau-p\u00e8re qui l\u2019auraient fait monter \u00e0 bord de leur voiture, l\u2019amenant ensuite jusqu\u2019\u00e0 Kiev. Voyage au cours duquel il aurait tent\u00e9 de prendre la fuite \u00e0 deux reprises, sans succ\u00e8s. <strong>Et c\u2019est sous la contrainte qu\u2019il aurait \u00e9crit les diff\u00e9rents messages<\/strong>, c\u2019est en tout cas ce qu\u2019il a dit aux enqu\u00eateurs par la suite. En septembre, la m\u00e8re et le beau-p\u00e8re sont interpell\u00e9s, puis plac\u00e9s en d\u00e9tention provisoire.\u00a0\u00a0<\/p>\n<p>Votre r\u00e9gion, votre actu !<\/p>\n<p>Recevez chaque jour les infos qui comptent pour vous.<\/p>\n<p>\t<a href=\"https:\/\/actu.fr\/newsletter\" class=\"ac-btn ac-btn--corner ac-btn--medium ac-btn--blue800\" rel=\"nofollow noopener\" target=\"_blank\">S&rsquo;incrire<\/a><\/p>\n<p class=\" wall-content\">Au tribunal, les deux pr\u00e9venus \u2014 qui s\u2019expriment avec le concours d\u2019une traductrice \u2014 peinent \u00e0 expliquer tout cela. \u00ab\u00a0Pourquoi aurais-je amen\u00e9 un ado dans un pays en guerre ? c\u2019est compl\u00e8tement absurde\u00a0\u00bb, d\u00e9clare Djamel. De son c\u00f4t\u00e9 Anna se d\u00e9fend : \u00ab\u00a0Je me consid\u00e8re comme une victime de la situation qui dure depuis deux ans<strong>, nos enfants se sont retourn\u00e9s contre nous<\/strong>, sous l\u2019influence des psychologues\u00a0\u00bb.<\/p>\n<p>Des peines de prison ferme<\/p>\n<p class=\" wall-content\">Pour la procureure de la R\u00e9publique, pas de doute dans la responsabilit\u00e9 du couple dans l\u2019enl\u00e8vement, un fait \u00ab\u00a0extr\u00eamement grave\u00a0\u00bb. Elle requiert une peine de trois ans de prison pour le beau-p\u00e8re et deux ans dont un avec sursis pour la m\u00e8re.\u00a0<\/p>\n<p class=\" wall-content\">Du c\u00f4t\u00e9 de la d\u00e9fense, l\u2019avocate met en avant un dossier \u00ab\u00a0bas\u00e9 uniquement sur les d\u00e9clarations\u00a0\u00bb de l\u2019adolescent, et qui \u00ab\u00a0manque d\u2019\u00e9l\u00e9ments objectifs\u00a0\u00bb pour \u00e9tablir la culpabilit\u00e9 du couple.\u00a0<\/p>\n<p class=\" wall-content\">Au final, le tribunal a condamn\u00e9** Djamel \u00e0 trois ans de prison avec maintien en d\u00e9tention, et Anna \u00e0 deux ans de prison dont un avec sursis, et maintien en d\u00e9tention pour la partie ferme de la peine. <strong>L\u2019autorit\u00e9 parentale sur Anton lui a \u00e9galement \u00e9t\u00e9 retir\u00e9e<\/strong>.\u00a0\u00a0<\/p>\n<p class=\" wall-content\">*Les pr\u00e9noms ont \u00e9t\u00e9 modifi\u00e9s<\/p>\n<p class=\" wall-content\">**Ces peines sont susceptibles d\u2019appel. Tout justiciable demeure pr\u00e9sum\u00e9 innocent tant que toutes les voies de recours ne sont pas \u00e9puis\u00e9es.<\/p>\n<p>Suivez l\u2019actualit\u00e9 de Rouen sur notre <a href=\"https:\/\/www.whatsapp.com\/channel\/0029VaKfnf99hXF2ddApFB1D\" rel=\"nofollow noopener\" target=\"_blank\">cha\u00eene WhatsApp<\/a> et sur notre <a href=\"https:\/\/www.tiktok.com\/@76actu.fr?lang=fr\" rel=\"nofollow noopener\" target=\"_blank\">compte TikTok<\/a>Suivez l\u2019actualit\u00e9 du Havre sur notre <a href=\"https:\/\/www.whatsapp.com\/channel\/0029VaFqJYE8aKvLBwVrEe0o\" rel=\"nofollow noopener\" target=\"_blank\">cha\u00eene WhatsApp<\/a> et sur notre <a href=\"https:\/\/www.tiktok.com\/@76actu.fr?lang=fr\" rel=\"nofollow noopener\" target=\"_blank\">compte TikTok<\/a><\/p>\n<p class=\" wall-content\">Personnalisez votre actualit\u00e9 en ajoutant vos villes et m\u00e9dias en favori avec <a href=\"https:\/\/moncompte.actu.fr\" title=\"D\u00e9couvez Mon Actu\" rel=\"nofollow noopener\" data-trk=\"{&quot;cta&quot;:{&quot;action&quot;:&quot;https:\\\/\\\/moncompte.actu.fr&quot;,&quot;category&quot;:&quot;mon compte&quot;,&quot;from&quot;:&quot;article footer&quot;,&quot;name&quot;:&quot;Mon actu&quot;,&quot;type&quot;:&quot;cta&quot;}}\" target=\"_blank\">Mon Actu<\/a>.<\/p>\n<p>                    <script async src=\"\/\/www.tiktok.com\/embed.js\"><\/script><\/p>\n","protected":false},"excerpt":{"rendered":"Par Fabien Massin Publi\u00e9 le 20 nov. 2025 \u00e0 20h13 Derri\u00e8re la disparition inqui\u00e9tante, un enl\u00e8vement bien pr\u00e9par\u00e9&hellip;\n","protected":false},"author":2,"featured_media":547553,"comment_status":"","ping_status":"","sticky":false,"template":"","format":"standard","meta":{"footnotes":""},"categories":[9587],"tags":[1111,11,3676,1777,674,118,1011,27,303,12,5161,25,9590,13682],"class_list":{"0":"post-547552","1":"post","2":"type-post","3":"status-publish","4":"format-standard","5":"has-post-thumbnail","7":"category-rouen","8":"tag-actu","9":"tag-actualites","10":"tag-disparition-inquietante","11":"tag-eu","12":"tag-europe","13":"tag-faits-divers","14":"tag-fr","15":"tag-france","16":"tag-justice","17":"tag-news","18":"tag-normandie","19":"tag-republique-francaise","20":"tag-rouen","21":"tag-tribunal-de-rouen"},"share_on_mastodon":{"url":"https:\/\/pubeurope.com\/@fr\/115583822360286554","error":""},"_links":{"self":[{"href":"https:\/\/www.europesays.com\/fr\/wp-json\/wp\/v2\/posts\/547552","targetHints":{"allow":["GET"]}}],"collection":[{"href":"https:\/\/www.europesays.com\/fr\/wp-json\/wp\/v2\/posts"}],"about":[{"href":"https:\/\/www.europesays.com\/fr\/wp-json\/wp\/v2\/types\/post"}],"author":[{"embeddable":true,"href":"https:\/\/www.europesays.com\/fr\/wp-json\/wp\/v2\/users\/2"}],"replies":[{"embeddable":true,"href":"https:\/\/www.europesays.com\/fr\/wp-json\/wp\/v2\/comments?post=547552"}],"version-history":[{"count":0,"href":"https:\/\/www.europesays.com\/fr\/wp-json\/wp\/v2\/posts\/547552\/revisions"}],"wp:featuredmedia":[{"embeddable":true,"href":"https:\/\/www.europesays.com\/fr\/wp-json\/wp\/v2\/media\/547553"}],"wp:attachment":[{"href":"https:\/\/www.europesays.com\/fr\/wp-json\/wp\/v2\/media?parent=547552"}],"wp:term":[{"taxonomy":"category","embeddable":true,"href":"https:\/\/www.europesays.com\/fr\/wp-json\/wp\/v2\/categories?post=547552"},{"taxonomy":"post_tag","embeddable":true,"href":"https:\/\/www.europesays.com\/fr\/wp-json\/wp\/v2\/tags?post=547552"}],"curies":[{"name":"wp","href":"https:\/\/api.w.org\/{rel}","templated":true}]}}