{"id":547566,"date":"2025-11-20T20:12:17","date_gmt":"2025-11-20T20:12:17","guid":{"rendered":"https:\/\/www.europesays.com\/fr\/547566\/"},"modified":"2025-11-20T20:12:17","modified_gmt":"2025-11-20T20:12:17","slug":"un-pieton-renverse-par-une-voiture","status":"publish","type":"post","link":"https:\/\/www.europesays.com\/fr\/547566\/","title":{"rendered":"un pi\u00e9ton renvers\u00e9 par une voiture"},"content":{"rendered":"<p>                    Par<br \/>\n        <strong><br \/>\n            <a href=\"https:\/\/actu.fr\/auteur\/ugo-maillard\" title=\"Consulter tous les articles de Ugo Maillard\" rel=\"nofollow noopener\" target=\"_blank\">Ugo Maillard<\/a><br \/>\n                    <\/strong><\/p>\n<p>        Publi\u00e9 le<\/p>\n<p>            20 nov. 2025 \u00e0 18h38        <\/p>\n<p>Un <strong>accident de la route<\/strong> s\u2019est produit aux abords des Ar\u00e8nes de Cimiez ce jeudi 20\u00a0novembre 2025 \u00e0 Nice (<a href=\"https:\/\/actu.fr\/provence-alpes-cote-d-azur\/alpes-maritimes_06\" rel=\"nofollow noopener\" target=\"_blank\">Alpes-Maritimes<\/a>).<\/p>\n<p>    <a href=\"https:\/\/www.google.com\/maps\/embed?pb=!1m18!1m12!1m3!1d5767.089948964743!2d7.272716775722409!3d43.72000447109902!2m3!1f0!2f0!3f0!3m2!1i1024!2i768!4f13.1!3m3!1m2!1s0x12cdc54e6ce64311%3A0x7669c362938adffe!2sAr%C3%A8nes%20de%20Cimiez!5e0!3m2!1sfr!2sfr!4v1763659805070!5m2!1sfr!2sfr\" title=\"Ouvrie le lien\" rel=\"nofollow noopener\" target=\"_blank\">Cliquez ici pour visualiser le contenu<\/a><\/p>\n<p class=\" wall-content\">Selon les premiers \u00e9l\u00e9ments communiqu\u00e9s par les sapeurs-pompiers \u00e0 <a href=\"https:\/\/actu.fr\/nice\/\" rel=\"nofollow noopener\" target=\"_blank\">actu Nice<\/a>, un <strong>pi\u00e9ton de 85\u00a0ans<\/strong> a \u00e9t\u00e9 renvers\u00e9 par un v\u00e9hicule aux alentours de 17\u2009h\u200930.<\/p>\n<p class=\" wall-content\">La victime se trouvait en arr\u00eat cardiorespiratoire \u00e0 l\u2019arriv\u00e9e des secours.<\/p>\n<p>La victime prise en charge<\/p>\n<p class=\" wall-content\">L\u2019homme de 85 ans a \u00e9t\u00e9 pris en charge par les sapeurs-pompiers et un m\u00e9decin. Il a \u00e9t\u00e9 <strong>transport\u00e9 dans un \u00e9tat grave<\/strong> sur le centre hospitalier Pasteur 2.<\/p>\n<p class=\" wall-content\">Pour l\u2019heure, les circonstances de l\u2019accident sont inconnues. Les forces de police sont sur place pour les d\u00e9finir.<\/p>\n<p class=\" wall-content\">Personnalisez votre actualit\u00e9 en ajoutant vos villes et m\u00e9dias en favori avec <a href=\"https:\/\/moncompte.actu.fr\" title=\"D\u00e9couvez Mon Actu\" rel=\"nofollow noopener\" data-trk=\"{&quot;cta&quot;:{&quot;action&quot;:&quot;https:\\\/\\\/moncompte.actu.fr&quot;,&quot;category&quot;:&quot;mon compte&quot;,&quot;from&quot;:&quot;article footer&quot;,&quot;name&quot;:&quot;Mon actu&quot;,&quot;type&quot;:&quot;cta&quot;}}\" target=\"_blank\">Mon Actu<\/a>.<\/p>\n","protected":false},"excerpt":{"rendered":"Par Ugo Maillard Publi\u00e9 le 20 nov. 2025 \u00e0 18h38 Un accident de la route s\u2019est produit aux&hellip;\n","protected":false},"author":2,"featured_media":547567,"comment_status":"","ping_status":"","sticky":false,"template":"","format":"standard","meta":{"footnotes":""},"categories":[2819],"tags":[119,1111,11,1777,674,118,1011,27,12,2401,1311,882,25],"class_list":{"0":"post-547566","1":"post","2":"type-post","3":"status-publish","4":"format-standard","5":"has-post-thumbnail","7":"category-nice","8":"tag-accident","9":"tag-actu","10":"tag-actualites","11":"tag-eu","12":"tag-europe","13":"tag-faits-divers","14":"tag-fr","15":"tag-france","16":"tag-news","17":"tag-nice","18":"tag-pompiers","19":"tag-provence-alpes-cote-dazur","20":"tag-republique-francaise"},"share_on_mastodon":{"url":"https:\/\/pubeurope.com\/@fr\/115583853852359285","error":""},"_links":{"self":[{"href":"https:\/\/www.europesays.com\/fr\/wp-json\/wp\/v2\/posts\/547566","targetHints":{"allow":["GET"]}}],"collection":[{"href":"https:\/\/www.europesays.com\/fr\/wp-json\/wp\/v2\/posts"}],"about":[{"href":"https:\/\/www.europesays.com\/fr\/wp-json\/wp\/v2\/types\/post"}],"author":[{"embeddable":true,"href":"https:\/\/www.europesays.com\/fr\/wp-json\/wp\/v2\/users\/2"}],"replies":[{"embeddable":true,"href":"https:\/\/www.europesays.com\/fr\/wp-json\/wp\/v2\/comments?post=547566"}],"version-history":[{"count":0,"href":"https:\/\/www.europesays.com\/fr\/wp-json\/wp\/v2\/posts\/547566\/revisions"}],"wp:featuredmedia":[{"embeddable":true,"href":"https:\/\/www.europesays.com\/fr\/wp-json\/wp\/v2\/media\/547567"}],"wp:attachment":[{"href":"https:\/\/www.europesays.com\/fr\/wp-json\/wp\/v2\/media?parent=547566"}],"wp:term":[{"taxonomy":"category","embeddable":true,"href":"https:\/\/www.europesays.com\/fr\/wp-json\/wp\/v2\/categories?post=547566"},{"taxonomy":"post_tag","embeddable":true,"href":"https:\/\/www.europesays.com\/fr\/wp-json\/wp\/v2\/tags?post=547566"}],"curies":[{"name":"wp","href":"https:\/\/api.w.org\/{rel}","templated":true}]}}