{"id":54757,"date":"2025-04-26T16:07:08","date_gmt":"2025-04-26T16:07:08","guid":{"rendered":"https:\/\/www.europesays.com\/fr\/54757\/"},"modified":"2025-04-26T16:07:08","modified_gmt":"2025-04-26T16:07:08","slug":"simon-schwartz-la-fin-dun-cycle-de-malchance-actualite","status":"publish","type":"post","link":"https:\/\/www.europesays.com\/fr\/54757\/","title":{"rendered":"Simon Schwartz : \u00ab La fin d&rsquo;un cycle de malchance \u00bb &#8211; Actualit\u00e9"},"content":{"rendered":"<p style=\"text-align: justify;\">Simon Schwartz a d\u00e9bloqu\u00e9 son compteur de la plus belle des mani\u00e8res. Lundi dernier, le coureur du VC Eckwersheim, engag\u00e9 sous les couleurs de Decathlon AG2R La Mondiale U19, s\u2019est impos\u00e9 sur le GP Festa del Perdono, en Italie (<strong><a href=\"https:\/\/www.directvelo.com\/epreuve\/45615\/gran-premio-festa-del-perdono-2025\" target=\"_blank\" rel=\"noopener\">voir classement<\/a><\/strong>). Une premi\u00e8re ligne \u00e0 son palmar\u00e8s\u00a0cette saison, qui plus est au niveau UCI, qui vient rassurer l&rsquo;Alsacien apr\u00e8s un d\u00e9but d\u2019ann\u00e9e perturb\u00e9. \u201cCette victoire met fin \u00e0 une p\u00e9riode un peu plus difficile. J\u2019esp\u00e8re que c\u2019est le d\u00e9but d\u2019un nouveau cycle, avec encore plus de victoires, que ce soit pour moi ou pour l\u2019\u00e9quipe\u201d, confie-t-il \u00e0 DirectVelo.<\/p>\n<p>Sa saison avait commenc\u00e9 par une lourde chute sur Kuurne-Bruxelles-Kuurne d\u00e9but mars. Plusieurs points de suture au visage, un peu de repos, et le jeune homme &#8211; qui aura 18 ans le 3 mai &#8211; a pu reprendre progressivement l\u2019entra\u00eenement. D\u00e9sireux de performer au niveau UCI d\u00e9j\u00e0 l\u2019an pass\u00e9 (<strong><a href=\"https:\/\/www.directvelo.com\/actualite\/115406\/simon-schwartz-l-aboutissement-d-un-gros-travail\" target=\"_blank\" rel=\"noopener\">lire ici<\/a><\/strong>), Simon Schwartz est fier de concr\u00e9tiser. \u201cC\u2019est un aboutissement, c\u2019\u00e9tait un objectif clair.\u201d La frustration de ne pas pouvoir s\u2019exprimer pleinement \u00e9tait jusque-l\u00e0 le sentiment dominant, apr\u00e8s plusieurs chutes \u00e0 la P\u00e9v\u00e8le Carembault Classic et \u00e0 Paris-Roubaix. Le d\u00e9but de saison a \u00e9t\u00e9 compliqu\u00e9. C\u2019est pour \u00e7a que cette victoire en Italie est importante : elle marque la fin d\u2019un cycle de malchance\u201d.<\/p>\n<p><strong>\u00ab UNE SITUATION ID\u00c9ALE \u00bb<\/strong><\/p>\n<p>Un succ\u00e8s qu\u2019il a construit en costaud, en s\u2019extirpant avec Georgs Tjumins d\u2019un groupe de quinze coureurs, pour aller se jouer la victoire dans un sprint \u00e0 deux. Une aubaine pour le jeune homme qui se d\u00e9finit comme un sprinteur qui sait rouler. \u201cC\u2019est une situation id\u00e9ale pour moi d\u2019arriver dans un petit groupe\u201d. Confiant en ses capacit\u00e9s, il a su man\u0153uvrer son adversaire dans le final. \u201cJ&rsquo;ai essay\u00e9 de jouer intelligemment et de le laisser lancer. J&rsquo;ai vite senti que j&rsquo;\u00e9tais plus fort que lui, donc j&rsquo;ai r\u00e9ussi directement \u00e0 passer devant lui pour gagner avec quelques m\u00e8tres d&rsquo;avance\u201d.<\/p>\n<p>Simon Schwartz est d\u00e9sormais tourn\u00e9 vers les \u00e9ch\u00e9ances futures. \u201c\u00c7a ouvre la porte \u00e0 d\u2019autres objectifs, qui vont \u00eatre de gagner \u00e0 nouveau, et surtout de le faire avec l\u2019\u00e9quipe sur de belles courses. Prochainement, il y a Li\u00e8ge-Bastogne-Li\u00e8ge et le Tour du Pays de Vaud\u201d. Cet \u00e9t\u00e9, on le retrouvera ambitieux sur les Championnats de France \u00e0 la Tour-du-Pin, notamment pour\u00a0le contre-la-montre.\u00a0\u00a0<\/p>\n","protected":false},"excerpt":{"rendered":"Simon Schwartz a d\u00e9bloqu\u00e9 son compteur de la plus belle des mani\u00e8res. Lundi dernier, le coureur du VC&hellip;\n","protected":false},"author":2,"featured_media":54758,"comment_status":"","ping_status":"","sticky":false,"template":"","format":"standard","meta":{"footnotes":""},"categories":[1411],"tags":[834,828,836,829,837,827,83,826,824,823,1154,207,814,817,815,816,822,821,832,211,839,1011,27,820,818,819,835,831,830,833,838,60,212,208,825],"class_list":{"0":"post-54757","1":"post","2":"type-post","3":"status-publish","4":"format-standard","5":"has-post-thumbnail","7":"category-cyclisme","8":"tag-attaque","9":"tag-belgique","10":"tag-braquet","11":"tag-bretagne","12":"tag-chute","13":"tag-competition","14":"tag-coupe-de-france","15":"tag-coureur","16":"tag-course-cyclisme","17":"tag-course-cycliste","18":"tag-cycling","19":"tag-cyclisme","20":"tag-direct","21":"tag-direct-velo","22":"tag-directvelo","23":"tag-directvelo-com","24":"tag-epreuve","25":"tag-epreuve-cycliste","26":"tag-federation-francaise-de-cyclisme","27":"tag-ffc","28":"tag-flandres","29":"tag-fr","30":"tag-france","31":"tag-live","32":"tag-live-course","33":"tag-live-epreuve","34":"tag-peloton","35":"tag-radio-peloton","36":"tag-radio-tour","37":"tag-ravitaillement","38":"tag-relance","39":"tag-sports","40":"tag-uci","41":"tag-velo","42":"tag-velos"},"share_on_mastodon":{"url":"https:\/\/pubeurope.com\/@fr\/114405129853384755","error":""},"_links":{"self":[{"href":"https:\/\/www.europesays.com\/fr\/wp-json\/wp\/v2\/posts\/54757","targetHints":{"allow":["GET"]}}],"collection":[{"href":"https:\/\/www.europesays.com\/fr\/wp-json\/wp\/v2\/posts"}],"about":[{"href":"https:\/\/www.europesays.com\/fr\/wp-json\/wp\/v2\/types\/post"}],"author":[{"embeddable":true,"href":"https:\/\/www.europesays.com\/fr\/wp-json\/wp\/v2\/users\/2"}],"replies":[{"embeddable":true,"href":"https:\/\/www.europesays.com\/fr\/wp-json\/wp\/v2\/comments?post=54757"}],"version-history":[{"count":0,"href":"https:\/\/www.europesays.com\/fr\/wp-json\/wp\/v2\/posts\/54757\/revisions"}],"wp:featuredmedia":[{"embeddable":true,"href":"https:\/\/www.europesays.com\/fr\/wp-json\/wp\/v2\/media\/54758"}],"wp:attachment":[{"href":"https:\/\/www.europesays.com\/fr\/wp-json\/wp\/v2\/media?parent=54757"}],"wp:term":[{"taxonomy":"category","embeddable":true,"href":"https:\/\/www.europesays.com\/fr\/wp-json\/wp\/v2\/categories?post=54757"},{"taxonomy":"post_tag","embeddable":true,"href":"https:\/\/www.europesays.com\/fr\/wp-json\/wp\/v2\/tags?post=54757"}],"curies":[{"name":"wp","href":"https:\/\/api.w.org\/{rel}","templated":true}]}}