{"id":547570,"date":"2025-11-20T20:14:41","date_gmt":"2025-11-20T20:14:41","guid":{"rendered":"https:\/\/www.europesays.com\/fr\/547570\/"},"modified":"2025-11-20T20:14:41","modified_gmt":"2025-11-20T20:14:41","slug":"les-educateurs-de-rue-de-loire-atlantique-en-greve-reconductible","status":"publish","type":"post","link":"https:\/\/www.europesays.com\/fr\/547570\/","title":{"rendered":"Les \u00e9ducateurs de rue de Loire-Atlantique en gr\u00e8ve\u00a0reconductible"},"content":{"rendered":"<p>Dans le cadre de l\u2019application de la r\u00e9forme sur l\u2019am\u00e9nagement du temps de travail dans la fonction publique, l\u2019Agence d\u00e9partementale de la pr\u00e9vention sp\u00e9cialis\u00e9e (ADPS) a annonc\u00e9 la suppression de quatre semaines de cong\u00e9 par an aux \u00e9ducateurs des\u00a0quartiers prioritaires de Loire-Atlantique, \u00e0 partir de janvier\u00a02026. Une d\u00e9cision qu\u2019ils ont imm\u00e9diatement d\u00e9nonc\u00e9e.<\/p>\n<p>\u00ab\u00a0Nous sommes en gr\u00e8ve illimit\u00e9e\u00a0\u00bb<\/p>\n<p>Apr\u00e8s <a href=\"https:\/\/nantes.maville.com\/actu\/actudet_-les-educateurs-des-quartiers-populaires-de-loire-atlantique-mobilises-_52716-7008065_actu.Htm\" target=\"_self\" rel=\"noopener\">plusieurs semaines de mobilisation<\/a>, les \u00e9ducateurs se sont vus confirmer, mercredi, la suppression des 4\u00a0semaines de cong\u00e9s sur les 43\u00a0jours qu\u2019ils ont par an, sans compensation de salaire.  <strong>\u00ab<\/strong>  <strong>\u00a0<a href=\"https:\/\/nantes.maville.com\/actu\/actudet_-les-educateurs-de-rue-de-loire-atlantique-cessent-le-travail-pour-cause-de-menace-sur-leurs-conges-_52716-6786382_actu.Htm\" target=\"_self\" rel=\"noopener\">Nous sommes en gr\u00e8ve<\/a> illimit\u00e9e jusqu\u2019\u00e0 l\u2019obtention de nos revendications\u00a0\u00bb<\/strong>, annonce Julien Menec, d\u00e9l\u00e9gu\u00e9 syndical sant\u00e9 sociaux 44.<\/p>\n<p>Les \u00e9ducateurs de rue du D\u00e9partement demandaient \u00e9galement la rupture avec le statut de groupement d\u2019int\u00e9r\u00eat public pour revenir au statut associatif. Ils\u00a0interviennent aupr\u00e8s des jeunes de 11 \u00e0 25\u00a0ans dans les quartiers prioritaires de Nantes et Saint-Nazaire en vue d\u2019une insertion scolaire, professionnelle, sociale ou judiciaire.<\/p>\n<p>\u00a0<\/p>\n","protected":false},"excerpt":{"rendered":"Dans le cadre de l\u2019application de la r\u00e9forme sur l\u2019am\u00e9nagement du temps de travail dans la fonction publique,&hellip;\n","protected":false},"author":2,"featured_media":547571,"comment_status":"","ping_status":"","sticky":false,"template":"","format":"standard","meta":{"footnotes":""},"categories":[2818],"tags":[1111,11,16056,1777,674,1011,27,6151,3047,766,12,2636,66524,25,3640],"class_list":{"0":"post-547570","1":"post","2":"type-post","3":"status-publish","4":"format-standard","5":"has-post-thumbnail","7":"category-nantes","8":"tag-actu","9":"tag-actualites","10":"tag-educateurs","11":"tag-eu","12":"tag-europe","13":"tag-fr","14":"tag-france","15":"tag-greve","16":"tag-loire-atlantique","17":"tag-nantes","18":"tag-news","19":"tag-pays-de-la-loire","20":"tag-reconductible","21":"tag-republique-francaise","22":"tag-rue"},"share_on_mastodon":{"url":"https:\/\/pubeurope.com\/@fr\/115583861815250285","error":""},"_links":{"self":[{"href":"https:\/\/www.europesays.com\/fr\/wp-json\/wp\/v2\/posts\/547570","targetHints":{"allow":["GET"]}}],"collection":[{"href":"https:\/\/www.europesays.com\/fr\/wp-json\/wp\/v2\/posts"}],"about":[{"href":"https:\/\/www.europesays.com\/fr\/wp-json\/wp\/v2\/types\/post"}],"author":[{"embeddable":true,"href":"https:\/\/www.europesays.com\/fr\/wp-json\/wp\/v2\/users\/2"}],"replies":[{"embeddable":true,"href":"https:\/\/www.europesays.com\/fr\/wp-json\/wp\/v2\/comments?post=547570"}],"version-history":[{"count":0,"href":"https:\/\/www.europesays.com\/fr\/wp-json\/wp\/v2\/posts\/547570\/revisions"}],"wp:featuredmedia":[{"embeddable":true,"href":"https:\/\/www.europesays.com\/fr\/wp-json\/wp\/v2\/media\/547571"}],"wp:attachment":[{"href":"https:\/\/www.europesays.com\/fr\/wp-json\/wp\/v2\/media?parent=547570"}],"wp:term":[{"taxonomy":"category","embeddable":true,"href":"https:\/\/www.europesays.com\/fr\/wp-json\/wp\/v2\/categories?post=547570"},{"taxonomy":"post_tag","embeddable":true,"href":"https:\/\/www.europesays.com\/fr\/wp-json\/wp\/v2\/tags?post=547570"}],"curies":[{"name":"wp","href":"https:\/\/api.w.org\/{rel}","templated":true}]}}