{"id":547582,"date":"2025-11-20T20:20:25","date_gmt":"2025-11-20T20:20:25","guid":{"rendered":"https:\/\/www.europesays.com\/fr\/547582\/"},"modified":"2025-11-20T20:20:25","modified_gmt":"2025-11-20T20:20:25","slug":"noel-a-fives-du-28-novembre-2025-au-22-janvier-2026","status":"publish","type":"post","link":"https:\/\/www.europesays.com\/fr\/547582\/","title":{"rendered":"No\u00ebl \u00e0 Fives du 28 novembre 2025 au 22 janvier 2026"},"content":{"rendered":"<p>De <strong>nombreuses animations<\/strong> vous sont propos\u00e9es du<strong> 28 novembre 2025 au 22 janvier 2026 <\/strong>par la <strong>Ville de Lille<\/strong> et les <strong>associations du quartier de Fives.<\/strong><\/p>\n<p style=\"text-align: justify;\">Au programme<br \/><strong>Grande F\u00eate de Lancement \u2013 Vendredi 28 novembre 2025 \u00e0 partir de 16h45<\/strong><br \/><strong><img loading=\"lazy\" decoding=\"async\" class=\"alignnone size-full wp-image-13185 tie-appear\" src=\"https:\/\/www.europesays.com\/fr\/wp-content\/uploads\/2025\/10\/1761856156_880_arrow.png\" alt=\"Puce\" width=\"9\" height=\"9\"\/> \u00c0 16h45 :<\/strong> rendez-vous au <strong>square Lardemer,<\/strong> avec un <strong>stand de maquillage,<\/strong> la <strong>confection d\u2019allumoirs,<\/strong> un <strong>go\u00fbter,<\/strong> un <strong>cracheur de feu,<\/strong> des <strong>surprises <\/strong>et<strong> animations musicales <\/strong>et <strong>culturelles.<\/strong><\/p>\n<p style=\"text-align: justify;\"><img loading=\"lazy\" decoding=\"async\" class=\"alignnone size-full wp-image-13185 tie-appear\" src=\"https:\/\/www.europesays.com\/fr\/wp-content\/uploads\/2025\/10\/1761856156_880_arrow.png\" alt=\"Puce\" width=\"9\" height=\"9\"\/> <strong>\u00c0 partir de 17h30 : <\/strong>rendez-vous sur la <strong>place Degeyter. Animations, man\u00e8ges, cracheur de feu, chants de no\u00ebl, <\/strong>d<strong>escente \u00e0 19h de Saint-Nicolas en tyrolienne, chocolat chaud, distribution de cadeaux, mod\u00e9lisme ferroviaire, stand photo, feu d\u2019artifice.<\/strong><\/p>\n<p style=\"text-align: justify;\"><img loading=\"lazy\" decoding=\"async\" class=\"alignnone size-full wp-image-13185 tie-appear\" src=\"https:\/\/www.europesays.com\/fr\/wp-content\/uploads\/2025\/10\/1761856156_880_arrow.png\" alt=\"Puce\" width=\"9\" height=\"9\"\/> <strong>D\u00e8s 18h : accueil pour la<\/strong> <strong>parade<\/strong>. <strong>D\u00e9part du cort\u00e8ge des allumoirs <\/strong>et <strong>d\u00e9ambulation<\/strong> jusqu\u2019\u00e0 la <strong>place Degeyter.\u00a0Concours du plus bel allumoir<\/strong> par<strong> l\u2019association Fiv\u00e9v\u00e8nement : un v\u00e9lo \u00e0 gagner !<\/strong><\/p>\n<p style=\"text-align: justify;\"><strong>Ducasse de Fives \u2013 Du 24 novembre au 31 d\u00e9cembre 2025 d e14h \u00e0 21h30<\/strong><br \/><strong><b><img loading=\"lazy\" decoding=\"async\" class=\"size-full wp-image-45 tie-appear\" src=\"https:\/\/www.europesays.com\/fr\/wp-content\/uploads\/2025\/11\/1763670025_566_arrow.png\" alt=\"\" width=\"9\" height=\"9\"\/><\/b> Place Degeyter<\/strong><br \/><strong><strong><b><img loading=\"lazy\" decoding=\"async\" class=\"size-full wp-image-45 tie-appear\" src=\"https:\/\/www.europesays.com\/fr\/wp-content\/uploads\/2025\/11\/1763670025_566_arrow.png\" alt=\"\" width=\"9\" height=\"9\"\/><\/b> <\/strong>Infos pratiques :<\/strong> Mairie de Fives, 03 20 71 46 10<\/p>\n<p style=\"text-align: justify;\"><strong>Bourse aux Jouets et D\u00e9cos de No\u00ebl \u2013 Mercredi 03 d\u00e9cembre 2025 de 14h \u00e0 18h30 <\/strong><br \/><strong><b><img loading=\"lazy\" decoding=\"async\" class=\"size-full wp-image-45 tie-appear\" src=\"https:\/\/www.europesays.com\/fr\/wp-content\/uploads\/2025\/11\/1763670025_566_arrow.png\" alt=\"\" width=\"9\" height=\"9\"\/><\/b> Espace Mont\u2019Erre Lieu, 7bis rue de l\u2019Abb\u00e9 Cousin<\/strong><br \/><strong><strong><b><img loading=\"lazy\" decoding=\"async\" class=\"size-full wp-image-45 tie-appear\" src=\"https:\/\/www.europesays.com\/fr\/wp-content\/uploads\/2025\/11\/1763670025_566_arrow.png\" alt=\"\" width=\"9\" height=\"9\"\/><\/b> <\/strong>Infos pratiques :<\/strong> Centre socio-culturel Roger Salengro, 03 20 56 85 49. <br \/>Venez d\u00e9nicher des tr\u00e9sors pour les f\u00eates ! Jouets, d\u00e9corations, bonne ambiance et petits prix vous attendent.\u00a0<\/p>\n<p style=\"text-align: justify;\"><strong>\u00ab\u00a0English Tea Time\u00a0\u00bb sp\u00e9cial Christmas<\/strong><strong> \u2013 Mardi 09 d\u00e9cembre 2025 de 17h \u00e0 18h<\/strong> <br \/><strong><b><img loading=\"lazy\" decoding=\"async\" class=\"size-full wp-image-45 tie-appear\" src=\"https:\/\/www.europesays.com\/fr\/wp-content\/uploads\/2025\/11\/1763670025_566_arrow.png\" alt=\"\" width=\"9\" height=\"9\"\/><\/b> M\u00e9diath\u00e8que de Fives<\/strong><br \/><strong><strong><b><img loading=\"lazy\" decoding=\"async\" class=\"size-full wp-image-45 tie-appear\" src=\"https:\/\/www.europesays.com\/fr\/wp-content\/uploads\/2025\/11\/1763670025_566_arrow.png\" alt=\"\" width=\"9\" height=\"9\"\/><\/b> <\/strong>Infos pratiques : <\/strong>\u00c9cole et son quartier, 07 69 10 27 58.<\/p>\n<p style=\"text-align: justify;\"><strong>\u00ab\u00a0Petit cin\u00e9 d\u2019hiver\u00a0\u00bb \u2013 Dimanche 14 d\u00e9cembre 2025 de 10h \u00e0 11h30<\/strong><br \/><strong><b><img loading=\"lazy\" decoding=\"async\" class=\"size-full wp-image-45 tie-appear\" src=\"https:\/\/www.europesays.com\/fr\/wp-content\/uploads\/2025\/11\/1763670025_566_arrow.png\" alt=\"\" width=\"9\" height=\"9\"\/><\/b> Caf\u00e9 des enfants<\/strong><br \/><strong><strong><b><img loading=\"lazy\" decoding=\"async\" class=\"size-full wp-image-45 tie-appear\" src=\"https:\/\/www.europesays.com\/fr\/wp-content\/uploads\/2025\/11\/1763670025_566_arrow.png\" alt=\"\" width=\"9\" height=\"9\"\/><\/b> <\/strong>Infos pratiques :<\/strong> 09 50 06 78 80 <br \/>Film familial sur la th\u00e9matique de l\u2019hiver.<\/p>\n<p style=\"text-align: justify;\"><strong>Distribution des Colis de No\u00ebl, Go\u00fbter de No\u00ebl \u2013 Mercredi 17 d\u00e9cembre 2025 de 14h \u00e0 17h<\/strong><br \/><strong><b><img loading=\"lazy\" decoding=\"async\" class=\"size-full wp-image-45 tie-appear\" src=\"https:\/\/www.europesays.com\/fr\/wp-content\/uploads\/2025\/11\/1763670025_566_arrow.png\" alt=\"\" width=\"9\" height=\"9\"\/><\/b> R\u00e9sidence Domitys, 50 rue Ad\u00e8le Duriez.<\/strong><br \/><strong><strong><b><img loading=\"lazy\" decoding=\"async\" class=\"size-full wp-image-45 tie-appear\" src=\"https:\/\/www.europesays.com\/fr\/wp-content\/uploads\/2025\/11\/1763670025_566_arrow.png\" alt=\"\" width=\"9\" height=\"9\"\/><\/b><\/strong>Infos pratiques : <\/strong>Mairie de Fives, 03 20 71 46 10.<\/p>\n<p style=\"text-align: justify;\"><strong>Karaok\u00e9 autour d\u2019un go\u00fbter de No\u00ebl \u2013 Jeudi 28 d\u00e9cembre 2025 \u00e0 partir de 14h30\u00a0<\/strong> <br \/><strong><b><img loading=\"lazy\" decoding=\"async\" class=\"size-full wp-image-45 tie-appear\" src=\"https:\/\/www.europesays.com\/fr\/wp-content\/uploads\/2025\/11\/1763670025_566_arrow.png\" alt=\"\" width=\"9\" height=\"9\"\/><\/b> 30, rue Cabanis<\/strong><br \/><strong><strong><b><img loading=\"lazy\" decoding=\"async\" class=\"size-full wp-image-45 tie-appear\" src=\"https:\/\/www.europesays.com\/fr\/wp-content\/uploads\/2025\/11\/1763670025_566_arrow.png\" alt=\"\" width=\"9\" height=\"9\"\/><\/b>\u00a0<\/strong>Infos pratiques :\u00a0<\/strong>Centre social Mosa\u00efque, 03 20 56 72 61 <br \/>Avec \u00e9lection du meilleur pull \u00ab moche \u00bb de No\u00ebl.<\/p>\n<p><strong>Go\u00fbter de No\u00ebl des Peupliers \u2013 Vendredi 19 d\u00e9cembre 2025 de 16h \u00e0 18h<\/strong><br \/><strong><b><img decoding=\"async\" loading=\"lazy\" class=\"size-full wp-image-45 tie-appear\" src=\"https:\/\/www.europesays.com\/fr\/wp-content\/uploads\/2025\/11\/1763670025_566_arrow.png\" alt=\"\" width=\"9\" height=\"9\"\/><\/b> 320, rue des Peupliers<\/strong><br \/><strong><strong><b><img decoding=\"async\" loading=\"lazy\" class=\"size-full wp-image-45 tie-appear\" src=\"https:\/\/www.europesays.com\/fr\/wp-content\/uploads\/2025\/11\/1763670025_566_arrow.png\" alt=\"\" width=\"9\" height=\"9\"\/><\/b> <\/strong>Infos pratiques : <\/strong>Centre socio-culturel Roger Salengro, 03 20 56 85 49. <br \/>Un apr\u00e8s-midi festif pour petits et grands !<\/p>\n<p style=\"text-align: justify;\"><strong>Journ\u00e9e Festive \u2013 Mardi 23 d\u00e9cembre 2025<\/strong><br \/><strong><b><img loading=\"lazy\" decoding=\"async\" class=\"size-full wp-image-45 tie-appear\" src=\"https:\/\/www.europesays.com\/fr\/wp-content\/uploads\/2025\/11\/1763670025_566_arrow.png\" alt=\"\" width=\"9\" height=\"9\"\/><\/b> 30, rue Cabanis<\/strong><br \/><strong><strong><b><img loading=\"lazy\" decoding=\"async\" class=\"size-full wp-image-45 tie-appear\" src=\"https:\/\/www.europesays.com\/fr\/wp-content\/uploads\/2025\/11\/1763670025_566_arrow.png\" alt=\"\" width=\"9\" height=\"9\"\/><\/b>\u00a0<\/strong>Infos pratiques :\u00a0<\/strong>Centre socio-culturel Roger Salengro, 03 20 56 85 49.<br \/>Journ\u00e9e festive\u00a0avec la visite du P\u00e8re No\u00ebl \u00e0 15h; puis \u00e0 19h, r\u00e9veillon solidaire autour d\u2019un repas en musique. Participation de 3\u20ac. Inscription (places limit\u00e9es)<\/p>\n<p style=\"text-align: justify;\"><strong>Cin\u00e9fives sp\u00e9cial No\u00ebl \u2013 Film d\u2019animation Elio + Go\u00fbter \u2013 Vendredi 26 d\u00e9cembre 2025 de 17h \u00e0 22h<\/strong><br \/><strong><b><img loading=\"lazy\" decoding=\"async\" class=\"size-full wp-image-45 tie-appear\" src=\"https:\/\/www.europesays.com\/fr\/wp-content\/uploads\/2025\/11\/1763670025_566_arrow.png\" alt=\"\" width=\"9\" height=\"9\"\/><\/b> Salle Alain Colas, 53 rue de la Marbrerie<\/strong><br \/><strong><strong><b><img loading=\"lazy\" decoding=\"async\" class=\"size-full wp-image-45 tie-appear\" src=\"https:\/\/www.europesays.com\/fr\/wp-content\/uploads\/2025\/11\/1763670025_566_arrow.png\" alt=\"\" width=\"9\" height=\"9\"\/><\/b>\u00a0<\/strong>Infos pratiques :\u00a0<\/strong>Fivevenement, 06 42 08 35 93<\/p>\n<p style=\"text-align: justify;\"><strong>C\u00e9r\u00e9monie des V\u0153ux 2026 \u2013 Jeudi 22 janvier 2026 de 18h \u00e0 22h<\/strong><br \/><strong><b><img loading=\"lazy\" decoding=\"async\" class=\"size-full wp-image-45 tie-appear\" src=\"https:\/\/www.europesays.com\/fr\/wp-content\/uploads\/2025\/11\/1763670025_566_arrow.png\" alt=\"\" width=\"9\" height=\"9\"\/><\/b> Salle des f\u00eates, 91 rue de Lannoy <\/strong><br \/><strong><strong><b><img loading=\"lazy\" decoding=\"async\" class=\"size-full wp-image-45 tie-appear\" src=\"https:\/\/www.europesays.com\/fr\/wp-content\/uploads\/2025\/11\/1763670025_566_arrow.png\" alt=\"\" width=\"9\" height=\"9\"\/><\/b><\/strong>Infos pratiques : <\/strong>Mairie de Fives, 03 20 71 46 10<\/p>\n<p><strong><img decoding=\"async\" loading=\"lazy\" width=\"9\" height=\"9\" class=\"tie-appear\" src=\"https:\/\/www.europesays.com\/fr\/wp-content\/uploads\/2025\/04\/arrow.png\" alt=\"\"\/> <\/strong><a href=\"https:\/\/www.zoomsurlille.fr\/tag\/noel-2025\" target=\"_blank\" rel=\"noreferrer noopener\">D\u00e9couvrez nos articles No\u00ebl 2025<\/a><\/p>\n<p class=\"has-text-align-right\">Source &amp; image : DR \u2013 \u00a9 Ville de Lille<\/p>\n","protected":false},"excerpt":{"rendered":"De nombreuses animations vous sont propos\u00e9es du 28 novembre 2025 au 22 janvier 2026 par la Ville de&hellip;\n","protected":false},"author":2,"featured_media":547583,"comment_status":"","ping_status":"","sticky":false,"template":"","format":"standard","meta":{"footnotes":""},"categories":[2815],"tags":[1111,11,1777,674,22504,1011,27,811,1307,12,65896,66525,25],"class_list":{"0":"post-547582","1":"post","2":"type-post","3":"status-publish","4":"format-standard","5":"has-post-thumbnail","7":"category-lille","8":"tag-actu","9":"tag-actualites","10":"tag-eu","11":"tag-europe","12":"tag-fives","13":"tag-fr","14":"tag-france","15":"tag-hauts-de-france","16":"tag-lille","17":"tag-news","18":"tag-noel-2025","19":"tag-noel-a-fives","20":"tag-republique-francaise"},"share_on_mastodon":{"url":"https:\/\/pubeurope.com\/@fr\/115583888240862595","error":""},"_links":{"self":[{"href":"https:\/\/www.europesays.com\/fr\/wp-json\/wp\/v2\/posts\/547582","targetHints":{"allow":["GET"]}}],"collection":[{"href":"https:\/\/www.europesays.com\/fr\/wp-json\/wp\/v2\/posts"}],"about":[{"href":"https:\/\/www.europesays.com\/fr\/wp-json\/wp\/v2\/types\/post"}],"author":[{"embeddable":true,"href":"https:\/\/www.europesays.com\/fr\/wp-json\/wp\/v2\/users\/2"}],"replies":[{"embeddable":true,"href":"https:\/\/www.europesays.com\/fr\/wp-json\/wp\/v2\/comments?post=547582"}],"version-history":[{"count":0,"href":"https:\/\/www.europesays.com\/fr\/wp-json\/wp\/v2\/posts\/547582\/revisions"}],"wp:featuredmedia":[{"embeddable":true,"href":"https:\/\/www.europesays.com\/fr\/wp-json\/wp\/v2\/media\/547583"}],"wp:attachment":[{"href":"https:\/\/www.europesays.com\/fr\/wp-json\/wp\/v2\/media?parent=547582"}],"wp:term":[{"taxonomy":"category","embeddable":true,"href":"https:\/\/www.europesays.com\/fr\/wp-json\/wp\/v2\/categories?post=547582"},{"taxonomy":"post_tag","embeddable":true,"href":"https:\/\/www.europesays.com\/fr\/wp-json\/wp\/v2\/tags?post=547582"}],"curies":[{"name":"wp","href":"https:\/\/api.w.org\/{rel}","templated":true}]}}