{"id":547586,"date":"2025-11-20T20:23:13","date_gmt":"2025-11-20T20:23:13","guid":{"rendered":"https:\/\/www.europesays.com\/fr\/547586\/"},"modified":"2025-11-20T20:23:13","modified_gmt":"2025-11-20T20:23:13","slug":"aden-et-le-yemen-au-coeur-de-la-nouvelle-exposition-de-la-vieille-charite-a-marseille","status":"publish","type":"post","link":"https:\/\/www.europesays.com\/fr\/547586\/","title":{"rendered":"Aden et le Y\u00e9men au c\u0153ur de la nouvelle exposition de La Vieille Charit\u00e9 \u00e0 Marseille"},"content":{"rendered":"<p>On peut conna\u00eetre Aden au Y\u00e9men \u00e0 travers les histoires des royaumes de la p\u00e9ninsule sudarabique dont celui de la Reine de Saba. On peut aussi relier ce port au commerce de l\u2019encens et du caf\u00e9, ou encore, pour les plus litt\u00e9raires, \u00e0 la derni\u00e8re demeure de Rimbaud, qui y a v\u00e9cu onze ans avant de venir \u00e0 Marseille o\u00f9 il meurt \u00e0 l\u2019h\u00f4pital de la Conception.<\/p>\n<p>La nouvelle exposition du <a href=\"https:\/\/www.laprovence.com\/article\/culture-loisirs\/3719861327714214\/tatouages-et-mediterranee-une-histoire-intime-exposee-a-la-vieille-charite-de-marseille\" target=\"_blank\" rel=\"noopener\">Centre de La Vieille Charit\u00e9<\/a>, Aden-Marseille, d\u2019un port \u00e0 l\u2019autre, riche et vaste, est consacr\u00e9e aux liens historiques, culturels et humains entre Marseille et ce grand port du sud de la p\u00e9ninsule Arabique. Entre arch\u00e9ologie, histoire et cr\u00e9ation contemporaine. Point de d\u00e9part de cette exposition\u00a0: un ensemble de 25 pi\u00e8ces provenant du Y\u00e9men, offertes au Mus\u00e9e d\u2019Arch\u00e9ologie de Marseille au XXe\u00a0si\u00e8cle par la Compagnie des Messageries Maritimes et la famille marseillaise Ri\u00e8s, n\u00e9gociants sp\u00e9cialis\u00e9s dans le commerce du caf\u00e9 \u00e0 Aden. Ces objets rappellent la pr\u00e9sence des Marseillais \u00e0 Aden d\u00e8s les ann\u00e9es\u00a01870, \u00e0 la faveur de l\u2019ouverture du canal de Suez. Ces pi\u00e8ces dialoguent avec des artefacts et archives pr\u00eat\u00e9s par <a href=\"https:\/\/www.laprovence.com\/article\/culture-loisirs\/98740633001384\/lire-le-ciel-la-nouvelle-expo-du-mucem-nous-met-la-tete-dans-les-etoiles\" target=\"_blank\" rel=\"noopener\">le mus\u00e9e du Louvre<\/a>, ainsi que d\u2019autres institutions internationales et collections priv\u00e9es.<\/p>\n","protected":false},"excerpt":{"rendered":"On peut conna\u00eetre Aden au Y\u00e9men \u00e0 travers les histoires des royaumes de la p\u00e9ninsule sudarabique dont celui&hellip;\n","protected":false},"author":2,"featured_media":547587,"comment_status":"","ping_status":"","sticky":false,"template":"","format":"standard","meta":{"footnotes":""},"categories":[2814],"tags":[17,1111,11,66526,10967,6521,251,1777,674,3293,1011,27,884,12,2043,882,25,10966,3885],"class_list":{"0":"post-547586","1":"post","2":"type-post","3":"status-publish","4":"format-standard","5":"has-post-thumbnail","7":"category-marseille","8":"tag-17","9":"tag-actu","10":"tag-actualites","11":"tag-aden","12":"tag-charite","13":"tag-coeur","14":"tag-culture","15":"tag-eu","16":"tag-europe","17":"tag-exposition","18":"tag-fr","19":"tag-france","20":"tag-marseille","21":"tag-news","22":"tag-nouvelle","23":"tag-provence-alpes-cote-dazur","24":"tag-republique-francaise","25":"tag-vieille","26":"tag-yemen"},"share_on_mastodon":{"url":"https:\/\/pubeurope.com\/@fr\/115583897125880631","error":""},"_links":{"self":[{"href":"https:\/\/www.europesays.com\/fr\/wp-json\/wp\/v2\/posts\/547586","targetHints":{"allow":["GET"]}}],"collection":[{"href":"https:\/\/www.europesays.com\/fr\/wp-json\/wp\/v2\/posts"}],"about":[{"href":"https:\/\/www.europesays.com\/fr\/wp-json\/wp\/v2\/types\/post"}],"author":[{"embeddable":true,"href":"https:\/\/www.europesays.com\/fr\/wp-json\/wp\/v2\/users\/2"}],"replies":[{"embeddable":true,"href":"https:\/\/www.europesays.com\/fr\/wp-json\/wp\/v2\/comments?post=547586"}],"version-history":[{"count":0,"href":"https:\/\/www.europesays.com\/fr\/wp-json\/wp\/v2\/posts\/547586\/revisions"}],"wp:featuredmedia":[{"embeddable":true,"href":"https:\/\/www.europesays.com\/fr\/wp-json\/wp\/v2\/media\/547587"}],"wp:attachment":[{"href":"https:\/\/www.europesays.com\/fr\/wp-json\/wp\/v2\/media?parent=547586"}],"wp:term":[{"taxonomy":"category","embeddable":true,"href":"https:\/\/www.europesays.com\/fr\/wp-json\/wp\/v2\/categories?post=547586"},{"taxonomy":"post_tag","embeddable":true,"href":"https:\/\/www.europesays.com\/fr\/wp-json\/wp\/v2\/tags?post=547586"}],"curies":[{"name":"wp","href":"https:\/\/api.w.org\/{rel}","templated":true}]}}