{"id":547588,"date":"2025-11-20T20:24:19","date_gmt":"2025-11-20T20:24:19","guid":{"rendered":"https:\/\/www.europesays.com\/fr\/547588\/"},"modified":"2025-11-20T20:24:19","modified_gmt":"2025-11-20T20:24:19","slug":"a-marseille-les-ministres-nunez-et-darmanin-font-profil-bas-liberation","status":"publish","type":"post","link":"https:\/\/www.europesays.com\/fr\/547588\/","title":{"rendered":"\u00e0 Marseille, les ministres Nu\u00f1ez et Darmanin font profil bas \u2013 Lib\u00e9ration"},"content":{"rendered":"<p class=\"sc-cPiKLX AiZTS text-element\">Les ministres de l\u2019Int\u00e9rieur et de la Justice en visite d\u2019urgence \u00e0 Marseille, promettant une mobilisation totale et plus efficace de l\u2019Etat face \u00e0 des narcotrafiquants toujours plus puissants, qui viennent encore de tuer. La s\u00e9quence est d\u00e9j\u00e0 vue, seul le casting change. Ce jeudi 20 novembre c\u2019est Laurent Nu\u00f1ez pour la place Beauvau et G\u00e9rald Darmanin, l\u2019actuel garde des Sceaux, qui sont descendus porter le message apr\u00e8s l\u2019assassinat, il y a une semaine, de Mehdi Kessaci. \u00abUn crime qui vise \u00e0 faire peur, qui vise \u00e0 atteindre la R\u00e9publique et l\u2019Etat\u00bb, a r\u00e9p\u00e9t\u00e9 Laurent Nu\u00f1ez, les tueurs semblant avoir voulu atteindre, \u00e0 travers lui, son fr\u00e8re Amine Kessaci, militant tr\u00e8s engag\u00e9 dans la lutte contre le narcotrafic, qui lui avait d\u00e9j\u00e0 pris son fr\u00e8re a\u00een\u00e9 Brahim il y a cinq ans.<\/p>\n<p class=\"sc-cPiKLX AiZTS text-element\">Les deux ministres ont rencontr\u00e9 en pr\u00e9fecture la famille de la victime, d\u00e9sormais \u00e9galement sous protection polici\u00e8re. Avec le meurtre du jeune homme \u2013 un acte de professionnels soulignent d\u00e9j\u00e0 les enqu\u00eateurs \u2013, \u00abnous avons atteint un point de bascule\u00bb, avait relev\u00e9 le ministre de l\u2019Int\u00e9rieur en d\u00e9but de semaine. \u00abNous avons atteint un point de bascule\u00bb, estimait d\u00e9j\u00e0 son pr\u00e9d\u00e9cesseur \u00e0 Beauvau, Bruno Retailleau (LR) il y a presqu\u2019un an jour pour jour lors d\u2019une visite \u00e0 Marseille, lui aussi accompagn\u00e9 du ministre de la Justice, pour pr\u00e9senter son <a href=\"https:\/\/www.liberation.fr\/societe\/police-justice\/parquet-national-dedie-renforcement-des-effectifs-bruno-retailleau-et-didier-mig&lt;\/p&gt;&lt;\/div&gt;&lt;\/article&gt;&lt;\/div&gt;&lt;div data-fusion-lazy-id=\" f0f8vgvlad832fw=\"\" target=\"_blank\" rel=\"noopener\"><\/p>\n","protected":false},"excerpt":{"rendered":"Les ministres de l\u2019Int\u00e9rieur et de la Justice en visite d\u2019urgence \u00e0 Marseille, promettant une mobilisation totale et&hellip;\n","protected":false},"author":2,"featured_media":547589,"comment_status":"","ping_status":"","sticky":false,"template":"","format":"standard","meta":{"footnotes":""},"categories":[2814],"tags":[1111,11,3992,1777,674,1011,27,884,8721,12,882,25],"class_list":{"0":"post-547588","1":"post","2":"type-post","3":"status-publish","4":"format-standard","5":"has-post-thumbnail","7":"category-marseille","8":"tag-actu","9":"tag-actualites","10":"tag-drogues","11":"tag-eu","12":"tag-europe","13":"tag-fr","14":"tag-france","15":"tag-marseille","16":"tag-narcotrafic","17":"tag-news","18":"tag-provence-alpes-cote-dazur","19":"tag-republique-francaise"},"share_on_mastodon":{"url":"https:\/\/pubeurope.com\/@fr\/115583900985058298","error":""},"_links":{"self":[{"href":"https:\/\/www.europesays.com\/fr\/wp-json\/wp\/v2\/posts\/547588","targetHints":{"allow":["GET"]}}],"collection":[{"href":"https:\/\/www.europesays.com\/fr\/wp-json\/wp\/v2\/posts"}],"about":[{"href":"https:\/\/www.europesays.com\/fr\/wp-json\/wp\/v2\/types\/post"}],"author":[{"embeddable":true,"href":"https:\/\/www.europesays.com\/fr\/wp-json\/wp\/v2\/users\/2"}],"replies":[{"embeddable":true,"href":"https:\/\/www.europesays.com\/fr\/wp-json\/wp\/v2\/comments?post=547588"}],"version-history":[{"count":0,"href":"https:\/\/www.europesays.com\/fr\/wp-json\/wp\/v2\/posts\/547588\/revisions"}],"wp:featuredmedia":[{"embeddable":true,"href":"https:\/\/www.europesays.com\/fr\/wp-json\/wp\/v2\/media\/547589"}],"wp:attachment":[{"href":"https:\/\/www.europesays.com\/fr\/wp-json\/wp\/v2\/media?parent=547588"}],"wp:term":[{"taxonomy":"category","embeddable":true,"href":"https:\/\/www.europesays.com\/fr\/wp-json\/wp\/v2\/categories?post=547588"},{"taxonomy":"post_tag","embeddable":true,"href":"https:\/\/www.europesays.com\/fr\/wp-json\/wp\/v2\/tags?post=547588"}],"curies":[{"name":"wp","href":"https:\/\/api.w.org\/{rel}","templated":true}]}}