{"id":547590,"date":"2025-11-20T20:25:14","date_gmt":"2025-11-20T20:25:14","guid":{"rendered":"https:\/\/www.europesays.com\/fr\/547590\/"},"modified":"2025-11-20T20:25:14","modified_gmt":"2025-11-20T20:25:14","slug":"rhone-soupconne-de-viols-lavocat-lyonnais-david-metaxas-toujours-en-garde-a-vue-ce-jeudi-soir","status":"publish","type":"post","link":"https:\/\/www.europesays.com\/fr\/547590\/","title":{"rendered":"Rh\u00f4ne. Soup\u00e7onn\u00e9 de viols, l\u2019avocat lyonnais David Metaxas\u00a0toujours en garde \u00e0 vue ce jeudi soir"},"content":{"rendered":"<p class=\"xsm-p\">La garde \u00e0 vue de l\u2019avocat lyonnais David Metaxas \u00e9tait toujours en cours en fin d\u2019apr\u00e8s-midi, jeudi, plus de trois jours apr\u00e8s avoir d\u00e9but\u00e9, a appris\u00a0Le Progr\u00e8s.<\/p>\n<p>Le m\u00e9diatique auxiliaire de justice, en activit\u00e9 depuis 2002 et \u00e2g\u00e9 de 49 ans, est entendu dans le cadre d\u2019une information judiciaire ouverte pour des faits de viol aggrav\u00e9, viol et agression sexuelle. L\u2019enqu\u00eate a \u00e9t\u00e9 d\u00e9localis\u00e9e en Savoie, le mis en cause ayant son cabinet \u00e0 Lyon.<\/p>\n<p>Cinq anciennes stagiaires de son cabinet<\/p>\n<p>Cette <a href=\"https:\/\/www.leprogres.fr\/faits-divers-justice\/2025\/11\/19\/la-garde-a-vue-de-l-avocat-david-metaxas-soupconne-de-viols-et-agressions-sexuelles-est-toujours-en-cours\" target=\"_blank\" rel=\"noopener\">garde \u00e0 vue<\/a>, qui a commenc\u00e9 lundi matin, s\u2019inscrit dans le cadre d\u2019un r\u00e9gime d\u00e9rogatoire pr\u00e9vu pour le chef de \u201cviol commis en concours\u201d, c\u2019est-\u00e0-dire \u201cavec un ou plusieurs autres viols commis sur d\u2019autres victimes\u201d. Elle peut durer jusqu\u2019\u00e0 96 heures, contre 48 heures pour la plupart des gardes \u00e0 vue, et\u00a0devrait vraisemblablement \u00eatre\u00a0prolong\u00e9e jusqu\u2019\u00e0 vendredi matin.\u00a0<\/p>\n<p>  Remise en libert\u00e9 ou d\u00e9tention provisoire ?<\/p>\n<p class=\"xsm-p\">\u00c0 l\u2019issue de cette garde \u00e0 vue, David Metaxas pourrait \u00eatre d\u00e9ferr\u00e9 dans la journ\u00e9e de vendredi au tribunal de Chamb\u00e9ry et pr\u00e9sent\u00e9 au juge d\u2019instruction charg\u00e9 du dossier. Il pourrait alors \u00eatre remis en libert\u00e9, possiblement sous contr\u00f4le judiciaire, avec des obligations et des interdictions, ou bien \u00eatre \u00e9crou\u00e9 en d\u00e9tention provisoire. Il pourrait \u00e9galement th\u00e9oriquement \u00eatre mis en examen \u00e0 ce stade de l\u2019instruction, si les charges qui p\u00e8sent contre lui sont jug\u00e9es suffisantes par le magistrat instructeur.<\/p>\n<p>Depuis plusieurs mois, des avocats du barreau de Lyon, notamment des anciens collaborateurs, employ\u00e9s et stagiaires, ont \u00e9t\u00e9 interrog\u00e9s par les gendarmes de la section de recherches de Chamb\u00e9ry. Les accusations, que David Metaxas a toujours contest\u00e9es, \u00e9maneraient de cinq anciennes stagiaires de son cabinet pour des faits pr\u00e9sum\u00e9s remontant \u00e0 plusieurs ann\u00e9es.<\/p>\n<p>  Un proc\u00e8s renvoy\u00e9<\/p>\n<p>Sollicit\u00e9 ce mercredi, l\u2019avocat de David Metaxas, Ma\u00eetre Alain Jakubowicz n\u2019a pas souhait\u00e9 s\u2019exprimer sur l\u2019affaire. Son client est pr\u00e9sum\u00e9 innocent.<\/p>\n<p>David Metaxas devait d\u00e9fendre d\u00e8s lundi matin, devant les assises du Vaucluse, un homme accus\u00e9 de complicit\u00e9 d\u2019assassinat sur fond de narcotrafic et de guerres de territoire \u00e0 Avignon. Le proc\u00e8s a \u00e9t\u00e9 renvoy\u00e9, pour \u00ab\u00a0raisons insurmontables\u00a0\u00bb, \u00e0 savoir la garde \u00e0 vue de l\u2019avocat lyonnais.<\/p>\n<p>David Metaxas intervient r\u00e9guli\u00e8rement dans des dossiers de premier plan. Il a pris r\u00e9cemment la d\u00e9fense du pizza\u00efolo mafieux st\u00e9phanois menac\u00e9 d\u2019\u00eatre extrad\u00e9 en Italie et d\u2019une g\u00e9rante du centre esth\u00e9tique Aunessa poursuivie pour pratique ill\u00e9gale de la m\u00e9decine.<\/p>\n","protected":false},"excerpt":{"rendered":"La garde \u00e0 vue de l\u2019avocat lyonnais David Metaxas \u00e9tait toujours en cours en fin d\u2019apr\u00e8s-midi, jeudi, plus&hellip;\n","protected":false},"author":2,"featured_media":547591,"comment_status":"","ping_status":"","sticky":false,"template":"","format":"standard","meta":{"footnotes":""},"categories":[1889],"tags":[1111,11,2430,271,272,2757,1777,674,274,107,1011,27,2428,2756,12,25,2429],"class_list":{"0":"post-547590","1":"post","2":"type-post","3":"status-publish","4":"format-standard","5":"has-post-thumbnail","7":"category-lyon","8":"tag-actu","9":"tag-actualites","10":"tag-auvergne-rhone-alpes","11":"tag-crime","12":"tag-delit-et-contravention","13":"tag-edition-lyon-villeurbanne","14":"tag-eu","15":"tag-europe","16":"tag-faits-divers-justice","17":"tag-fil-info","18":"tag-fr","19":"tag-france","20":"tag-lyon","21":"tag-lyon-bassin","22":"tag-news","23":"tag-republique-francaise","24":"tag-rhone"},"share_on_mastodon":{"url":"https:\/\/pubeurope.com\/@fr\/115583905019834708","error":""},"_links":{"self":[{"href":"https:\/\/www.europesays.com\/fr\/wp-json\/wp\/v2\/posts\/547590","targetHints":{"allow":["GET"]}}],"collection":[{"href":"https:\/\/www.europesays.com\/fr\/wp-json\/wp\/v2\/posts"}],"about":[{"href":"https:\/\/www.europesays.com\/fr\/wp-json\/wp\/v2\/types\/post"}],"author":[{"embeddable":true,"href":"https:\/\/www.europesays.com\/fr\/wp-json\/wp\/v2\/users\/2"}],"replies":[{"embeddable":true,"href":"https:\/\/www.europesays.com\/fr\/wp-json\/wp\/v2\/comments?post=547590"}],"version-history":[{"count":0,"href":"https:\/\/www.europesays.com\/fr\/wp-json\/wp\/v2\/posts\/547590\/revisions"}],"wp:featuredmedia":[{"embeddable":true,"href":"https:\/\/www.europesays.com\/fr\/wp-json\/wp\/v2\/media\/547591"}],"wp:attachment":[{"href":"https:\/\/www.europesays.com\/fr\/wp-json\/wp\/v2\/media?parent=547590"}],"wp:term":[{"taxonomy":"category","embeddable":true,"href":"https:\/\/www.europesays.com\/fr\/wp-json\/wp\/v2\/categories?post=547590"},{"taxonomy":"post_tag","embeddable":true,"href":"https:\/\/www.europesays.com\/fr\/wp-json\/wp\/v2\/tags?post=547590"}],"curies":[{"name":"wp","href":"https:\/\/api.w.org\/{rel}","templated":true}]}}